{"id":191582,"date":"2008-01-19T00:43:47","date_gmt":"2008-01-19T00:43:47","guid":{"rendered":"http:\/\/diariodominicano.ddns.net\/?p=191582"},"modified":"2008-01-19T00:43:47","modified_gmt":"2008-01-19T00:43:47","slug":"durante-recorrido-masivo-respaldo-recibe-el-candidato-presidencial-del-pld-en-san-cristobal","status":"publish","type":"post","link":"https:\/\/diariodominicano.com\/?p=191582","title":{"rendered":"Durante recorrido masivo respaldo recibe el candidato presidencial del PLD en San Crist\u00f3bal"},"content":{"rendered":"<p><body><\/p>\n<p align=\"justify\"><span class=\"titulogrande1\">Durante recorrido masivo respaldo recibe el candidato presidencial del PLD en San Crist\u00f3bal<\/span><br \/>&#13;<br \/>\n  <br \/>&#13;<br \/>\n    <span class=\"text1noticias\"><strong><img loading=\"lazy\" decoding=\"async\" src=\"http:\/\/localhost:8080\/pictures\/leonel recorrido san cristobal.jpg\" width=\"269\" height=\"358\" hspace=\"4\" align=\"left\" \/>Santo Domingo.-<\/strong> El candidato presidencial del Partido de la Liberaci\u00f3n Dominicana  (PLD), doctor Leonel Fern\u00e1ndez, recorri\u00f3 este viernes los principales sectores  de la provincia de San Crist\u00f3bal, recibiendo un amplio respaldo de miles de simpatizantes  de su candidatura, gritando consignas a favor de la reelecci\u00f3n presidencial. <br \/>&#13;<br \/>\n    <br \/>&#13;<br \/>\n    En sus recorridos, el mandatario ha planteando la necesidad de evitar que  el Partido Revolucionario Dominicano retorne al poder, ya que su regreso  representa el caos, la incertidumbre y el derrumbe de la estabilidad  macroecon\u00f3mica.<br \/>&#13;<br \/>\n    <br \/>&#13;<br \/>\n    En diversos escenarios, el doctor Fern\u00e1ndez ha dicho que en un pr\u00f3ximo  gobierno del Partido de la Liberaci\u00f3n   Dominicana se trabajar\u00e1 en la consolidaci\u00f3n de la econom\u00eda y  de la institucionalidad para que eso se traduzca en un bienestar absoluto de  los dominicanos. <br \/>&#13;<br \/>\n    <br \/>&#13;<br \/>\n    El doctor Fern\u00e1ndez visit\u00f3 los sectores de Madre Vieja Norte, Lava Pies, Pueblo  Nuevo, Ca\u00f1ada Honda, Sim\u00f3n Bol\u00edvar, Villa Valdez, Los Nova y las principales  calles del centro de la ciudad.<br \/>&#13;<br \/>\n    <br \/>&#13;<br \/>\n    El mandatario fue recibido por el senador Tommy Gal\u00e1n, el gobernador  Orlando Espinosa y los diputados Gamalier Mont\u00e1s, Sergio Vargas y Ra\u00fal Mondes\u00ed,  entre otros dirigentes del PLD y de los partidos y grupos que apoyan su  candidatura.<br \/>&#13;<br \/>\n    <br \/>&#13;<br \/>\n    Desde su llegada, a las 4:50 de la tarde hasta que concluy\u00f3 la marcha  -caravana, Fern\u00e1ndez fue saludado con entusiasmo por miles de hombres, mujeres  y j\u00f3venes que se le acercaban para estrecharle la mano y expresarle su apoyo y  simpat\u00eda.<br \/>&#13;<br \/>\n    <br \/>&#13;<br \/>\n    En la colorida marcha estuvieron presentes altos dirigentes del partido  morado, entre ellos, el coordinador del Comit\u00e9 Nacional de Campa\u00f1a, licenciado  Francisco Javier Garc\u00eda; Felix Bautista, Ram\u00f3n Rivas, Ram\u00f3n (Monchy) Fadul y  Haivanjoe Ng Corti\u00f1as, adem\u00e1s de representantes del sector externo y de los  partidos aliados. <br \/>&#13;<br \/>\n    <br \/>&#13;<br \/>\nEl Presidente Fern\u00e1ndez fue recibido en cada sector con banderas,  flequillos, pa\u00f1os, s\u00e1banas y todas clases de objetos morados. La extensa  caravana se extendi\u00f3 hasta cerca de las siete de la noche, a pesar de que el  candidato y Presidente de la   Rep\u00fablica \u00a0se despidi\u00f3  de la multitud a las 6:20 de tarde.<\/span><\/p>\n<p>&#13;<\/p>\n<h6> 2008-01-19 00:43:47 <\/h6>\n<p><!--\n<link rel=\"stylesheet\" href=\"css\/bootstrap.min.css\">\n\n\n<ul class=\"pagination\">\n\t    \n\t\n\n<li >\n\t<a href='?page_no=34329'>Previous<\/a>\n\t<\/li>\n\n\n       \n    \n\n<li><a href='?page_no=1'>1<\/a><\/li>\n\n\n\n<li><a href='?page_no=2'>2<\/a><\/li>\n\n\n\n<li><a>...<\/a><\/li>\n\n\n\n<li><a href='?page_no=34328'>34328<\/a><\/li>\n\n\n\n<li><a href='?page_no=34329'>34329<\/a><\/li>\n\n\n\n<li class='active'><a>34330<\/a><\/li>\n\n\n\n<li><a href='?page_no=34331'>34331<\/a><\/li>\n\n\n\n<li><a href='?page_no=34332'>34332<\/a><\/li>\n\n\n\n<li><a>...<\/a><\/li>\n\n\n\n<li><a href='?page_no=36999'>36999<\/a><\/li>\n\n\n\n<li><a href='?page_no=37000'>37000<\/a><\/li>\n\n    \n\t\n\n<li >\n\t<a href='?page_no=34331'>Next<\/a>\n\t<\/li>\n\n\n    \n\n<li><a href='?page_no=37000'>Last &rsaquo;&rsaquo;<\/a><\/li>\n\n<\/ul>\n\n\n--><br \/>\n<\/body><\/p>\n","protected":false},"excerpt":{"rendered":"<p>Durante recorrido masivo respaldo recibe el candidato presidencial del PLD en San Crist\u00f3bal&#13; &#13; Santo Domingo.- El candidato presidencial del Partido de la Liberaci\u00f3n Dominicana (PLD), doctor Leonel Fern\u00e1ndez, recorri\u00f3 este viernes los principales sectores de la provincia de San Crist\u00f3bal, recibiendo un amplio respaldo de miles de simpatizantes de su candidatura, gritando consignas a [&hellip;]<\/p>\n","protected":false},"author":3,"featured_media":0,"comment_status":"open","ping_status":"open","sticky":false,"template":"","format":"standard","meta":{"footnotes":""},"categories":[22],"tags":[],"class_list":["post-191582","post","type-post","status-publish","format-standard","hentry","category-politica"],"_links":{"self":[{"href":"https:\/\/diariodominicano.com\/index.php?rest_route=\/wp\/v2\/posts\/191582","targetHints":{"allow":["GET"]}}],"collection":[{"href":"https:\/\/diariodominicano.com\/index.php?rest_route=\/wp\/v2\/posts"}],"about":[{"href":"https:\/\/diariodominicano.com\/index.php?rest_route=\/wp\/v2\/types\/post"}],"author":[{"embeddable":true,"href":"https:\/\/diariodominicano.com\/index.php?rest_route=\/wp\/v2\/users\/3"}],"replies":[{"embeddable":true,"href":"https:\/\/diariodominicano.com\/index.php?rest_route=%2Fwp%2Fv2%2Fcomments&post=191582"}],"version-history":[{"count":0,"href":"https:\/\/diariodominicano.com\/index.php?rest_route=\/wp\/v2\/posts\/191582\/revisions"}],"wp:attachment":[{"href":"https:\/\/diariodominicano.com\/index.php?rest_route=%2Fwp%2Fv2%2Fmedia&parent=191582"}],"wp:term":[{"taxonomy":"category","embeddable":true,"href":"https:\/\/diariodominicano.com\/index.php?rest_route=%2Fwp%2Fv2%2Fcategories&post=191582"},{"taxonomy":"post_tag","embeddable":true,"href":"https:\/\/diariodominicano.com\/index.php?rest_route=%2Fwp%2Fv2%2Ftags&post=191582"}],"curies":[{"name":"wp","href":"https:\/\/api.w.org\/{rel}","templated":true}]}}