{"id":191581,"date":"2008-01-19T03:49:11","date_gmt":"2008-01-19T03:49:11","guid":{"rendered":"http:\/\/diariodominicano.ddns.net\/?p=191581"},"modified":"2008-01-19T03:49:11","modified_gmt":"2008-01-19T03:49:11","slug":"espana-y-portugal-estrechan-sus-relaciones-en-energia-ciencia-y-trabajo","status":"publish","type":"post","link":"https:\/\/diariodominicano.com\/?p=191581","title":{"rendered":"Espa\u00f1a y Portugal estrechan sus relaciones en energ\u00eda, ciencia y trabajo"},"content":{"rendered":"<p><body><\/p>\n<p align=\"justify\"><strong class=\"titulogrande1\">Espa\u00f1a y  Portugal estrechan sus relaciones en energ\u00eda, ciencia y trabajo<\/strong><br \/>&#13;<br \/>\n  <br \/>&#13;<br \/>\n    <strong>Zapatero y S\u00f3crates se  re\u00fanen en Braga en la primera jornada de la Cumbre Ib\u00e9rica <\/strong><\/p>\n<p>&#13;<\/p>\n<p align=\"justify\" class=\"text1noticias\"><strong><img loading=\"lazy\" decoding=\"async\" src=\"http:\/\/localhost:8080\/pictures\/socrates y zapatero.jpg\" width=\"269\" height=\"346\" hspace=\"4\" align=\"left\" \/>BRAGA.- <\/strong>Espa\u00f1a y Portugal han firmado cuatro acuerdos de  cooperaci\u00f3n, sobre electricidad, trabajo, ciencia e industria automovil\u00edstica,  en la primera jornada de la   Cumbre Ib\u00e9rica que concluye ma\u00f1ana en la ciudad lusa de  Braga.<br \/>&#13;<br \/>\n  <br \/>&#13;<br \/>\n  En la 23 cumbre anual que celebran los dos pa\u00edses participan el  presidente del Gobierno espa\u00f1ol, Jos\u00e9 Luis Rodr\u00edguez Zapatero, y el primer  ministro portugu\u00e9s, Jos\u00e9 S\u00f3crates, y una veintena de sus ministros, que han  mantenido reuniones sectoriales y la primera sesi\u00f3n del nuevo Consejo  Luso-Espa\u00f1ol de Seguridad y Defens.<br \/>&#13;<br \/>\n  <br \/>&#13;<br \/>\n  En materia de energ\u00eda los dos gobiernos han suscrito un acuerdo  sobre el Mercado Ib\u00e9rico de Electricidad (MIBEL), aprobado en noviembre de  2003, para facilitar su puesta en marcha a trav\u00e9s de una armonizaci\u00f3n de las  regulaciones del sector de los dos pa\u00edses.<br \/>&#13;<br \/>\n  <br \/>&#13;<br \/>\n  El acuerdo incluye la fusi\u00f3n de los dos organismos gestores del  mercado ib\u00e9rico de electricidad en cada pa\u00eds (OMEL en Espa\u00f1a y OMIP en  Portugal), la realizaci\u00f3n de subastas para comercializadores de energ\u00eda, un  calendario de armonizaci\u00f3n de reglas tarifarias y la definici\u00f3n de \u00aboperadores  dominantes\u00bb del mercado.<br \/>&#13;<br \/>\n  <br \/>&#13;<br \/>\n  El documento rubricado hoy es fruto de los acuerdos alcanzados  en marzo pasado entre el ministro espa\u00f1ol de Industria, Joan Clos, y su  hom\u00f3logo luso, Manuel Pinho, para impulsar el MIBEL tras diversos retrasos en  su calendario inicial. El nuevo organismo que engloba el OMEL y el OMIP es el  OMI, Operador del Mercado Ib\u00e9rico de la electricidad, en el que se considerar\u00e1n  operadores dominantes, sujetos a obligaciones especificas para salvaguardar la  competencia, las empresas con una cuota de mercado superior al 10 por ciento.<br \/>&#13;<br \/>\n  <br \/>&#13;<br \/>\n  <strong>Reforma de relaciones laborales<\/strong> <br \/>&#13;<br \/>\n  <br \/>&#13;<br \/>\n  El memor\u00e1ndum de cooperaci\u00f3n en materia laboral y de asuntos  sociales, firmado por el ministro de Trabajo espa\u00f1ol, Jes\u00fas Caldera, y el  portugu\u00e9s, Jos\u00e9 Antonio Vieira da Silva, tiene entre sus objetivos promover  iniciativas relativas al derecho del trabajo y a la reforma de las relaciones  laborales con encuentros bilaterales entre agentes sociales y expertos de los  dos pa\u00edses. Prev\u00e9 tambi\u00e9n organizar en Portugal un seminario de reflexi\u00f3n sobre  el rumbo de los modelos sociales de ambas naciones y la constituci\u00f3n de un  canal de informaci\u00f3n entre los dos Ministerios mediante el env\u00edo de  publicaciones y art\u00edculos.<br \/>&#13;<br \/>\n  <br \/>&#13;<br \/>\n  <strong>Laboratorio de nanotecnolog\u00eda<\/strong> <br \/>&#13;<br \/>\n  <br \/>&#13;<br \/>\n  En materia cient\u00edfica los dos gobiernos fhan firmado el acuerdo  sobre la sede del Laboratorio Internacional Ib\u00e9rico de Nanotecnolog\u00eda, que  estar\u00e1 situado en unos terrenos de la ciudad de Braga que visitaron hoy  Zapatero y S\u00f3crates en uno de los primeros actos de la cumbre. El laboratorio,  con un presupuesto anual de 30 millones de euros aspira a convertirse en uno de  los principales centros mundiales en esa especialidad, que permite incorporar  tecnolog\u00edas microsc\u00f3picas a las comunicaciones, la industria o la medicina.<br \/>&#13;<br \/>\n  <br \/>&#13;<br \/>\n  En el centro de Braga, que dirigir\u00e1 un espa\u00f1ol y estar\u00e1  concluido en 2011, trabajar\u00e1n 200 investigadores y cient\u00edficos. En el \u00e1rea de  la industria automovil\u00edstica se ha suscrito un protocolo de colaboraci\u00f3n entre  el Centro para la   Excelencia e Innovaci\u00f3n de la Industria Automovil\u00edstica  de Portugal y el Centro Tecnol\u00f3gico de Automoci\u00f3n de Galicia para desarrollar  soluciones \u00absostenibles\u00bb en el sector.<br \/>&#13;<br \/>\n  <br \/>&#13;<br \/>\n  En el \u00e1rea de la industria automovil\u00edstica se suscribi\u00f3 un  protocolo de colaboraci\u00f3n entre el Centro para la Excelencia e Innovaci\u00f3n  de la Industria   Automovil\u00edstica de Portugal y el Centro Tecnol\u00f3gico de  Automoci\u00f3n de Galicia para desarrollar soluciones \u00absostenibles\u00bb en el  sector.<br \/>&#13;<br \/>\n  <br \/>&#13;<br \/>\n  El ministro Clos se mostr\u00f3 muy interesado, en declaraciones a  los periodistas, en que los centros puedan intercambiar experiencias en esos  campos y vaticin\u00f3 que a \u00abun plazo m\u00e1s corto de lo que se piensa habr\u00e1  novedades en ese sector, con experiencias innovadoras\u00bb.<br \/>&#13;<br \/>\n  <br \/>&#13;<br \/>\n  <strong>EFE<\/strong> &#8211; Braga &#8211; 18\/01\/2008 <\/p>\n<p>&#13;<\/p>\n<h6> 2008-01-19 03:49:11 <\/h6>\n<p><!--\n<link rel=\"stylesheet\" href=\"css\/bootstrap.min.css\">\n\n\n<ul class=\"pagination\">\n\t    \n\t\n\n<li >\n\t<a href='?page_no=34328'>Previous<\/a>\n\t<\/li>\n\n\n       \n    \n\n<li><a href='?page_no=1'>1<\/a><\/li>\n\n\n\n<li><a href='?page_no=2'>2<\/a><\/li>\n\n\n\n<li><a>...<\/a><\/li>\n\n\n\n<li><a href='?page_no=34327'>34327<\/a><\/li>\n\n\n\n<li><a href='?page_no=34328'>34328<\/a><\/li>\n\n\n\n<li class='active'><a>34329<\/a><\/li>\n\n\n\n<li><a href='?page_no=34330'>34330<\/a><\/li>\n\n\n\n<li><a href='?page_no=34331'>34331<\/a><\/li>\n\n\n\n<li><a>...<\/a><\/li>\n\n\n\n<li><a href='?page_no=36999'>36999<\/a><\/li>\n\n\n\n<li><a href='?page_no=37000'>37000<\/a><\/li>\n\n    \n\t\n\n<li >\n\t<a href='?page_no=34330'>Next<\/a>\n\t<\/li>\n\n\n    \n\n<li><a href='?page_no=37000'>Last &rsaquo;&rsaquo;<\/a><\/li>\n\n<\/ul>\n\n\n--><br \/>\n<\/body><\/p>\n","protected":false},"excerpt":{"rendered":"<p>Espa\u00f1a y Portugal estrechan sus relaciones en energ\u00eda, ciencia y trabajo&#13; &#13; Zapatero y S\u00f3crates se re\u00fanen en Braga en la primera jornada de la Cumbre Ib\u00e9rica &#13; BRAGA.- Espa\u00f1a y Portugal han firmado cuatro acuerdos de cooperaci\u00f3n, sobre electricidad, trabajo, ciencia e industria automovil\u00edstica, en la primera jornada de la Cumbre Ib\u00e9rica que concluye [&hellip;]<\/p>\n","protected":false},"author":3,"featured_media":0,"comment_status":"open","ping_status":"open","sticky":false,"template":"","format":"standard","meta":{"footnotes":""},"categories":[22],"tags":[],"class_list":["post-191581","post","type-post","status-publish","format-standard","hentry","category-politica"],"_links":{"self":[{"href":"https:\/\/diariodominicano.com\/index.php?rest_route=\/wp\/v2\/posts\/191581","targetHints":{"allow":["GET"]}}],"collection":[{"href":"https:\/\/diariodominicano.com\/index.php?rest_route=\/wp\/v2\/posts"}],"about":[{"href":"https:\/\/diariodominicano.com\/index.php?rest_route=\/wp\/v2\/types\/post"}],"author":[{"embeddable":true,"href":"https:\/\/diariodominicano.com\/index.php?rest_route=\/wp\/v2\/users\/3"}],"replies":[{"embeddable":true,"href":"https:\/\/diariodominicano.com\/index.php?rest_route=%2Fwp%2Fv2%2Fcomments&post=191581"}],"version-history":[{"count":0,"href":"https:\/\/diariodominicano.com\/index.php?rest_route=\/wp\/v2\/posts\/191581\/revisions"}],"wp:attachment":[{"href":"https:\/\/diariodominicano.com\/index.php?rest_route=%2Fwp%2Fv2%2Fmedia&parent=191581"}],"wp:term":[{"taxonomy":"category","embeddable":true,"href":"https:\/\/diariodominicano.com\/index.php?rest_route=%2Fwp%2Fv2%2Fcategories&post=191581"},{"taxonomy":"post_tag","embeddable":true,"href":"https:\/\/diariodominicano.com\/index.php?rest_route=%2Fwp%2Fv2%2Ftags&post=191581"}],"curies":[{"name":"wp","href":"https:\/\/api.w.org\/{rel}","templated":true}]}}