{"id":191579,"date":"2008-01-20T17:43:31","date_gmt":"2008-01-20T17:43:31","guid":{"rendered":"http:\/\/diariodominicano.ddns.net\/?p=191579"},"modified":"2008-01-20T17:43:31","modified_gmt":"2008-01-20T17:43:31","slug":"eduardo-estrella-se-reune-con-asociacion-zonas-francas-santiago-asegura-modelo-zonas-francas-no-esta-agotado-sino-voluntad-del-gobierno-para-darle-apoyo","status":"publish","type":"post","link":"https:\/\/diariodominicano.com\/?p=191579","title":{"rendered":"Eduardo Estrella se re\u00fane con Asociaci\u00f3n Zonas Francas Santiago; Asegura modelo Zonas Francas no est\u00e1 agotado sino voluntad del Gobierno para darle apoyo"},"content":{"rendered":"<p><body><\/p>\n<p align=\"justify\" class=\"titulogrande1\">Eduardo Estrella se re\u00fane con Asociaci\u00f3n Zonas Francas de Santiago; asegura modelo Zonas Francas no est\u00e1 agotado sino voluntad del Gobierno para darle apoyo<\/p>\n<p>&#13;<\/p>\n<p align=\"justify\" class=\"text1noticias\"><strong><img loading=\"lazy\" decoding=\"async\" src=\"http:\/\/localhost:8080\/pictures\/cuarta via adozona.jpg\" width=\"269\" height=\"905\" hspace=\"4\" align=\"left\" \/>SANTIAGO.- <\/strong>El candidato presidencial de la   Cuarta V\u00eda, Eduardo Estrella, asegur\u00f3 aqu\u00ed que el actual  modelo de zonas francas del pa\u00eds no est\u00e1 agotado, y que lo que en realidad se  agot\u00f3 fue la voluntad del actual gobierno para darle apoyo a este indispensable  basti\u00f3n de la econom\u00eda nacional, que defini\u00f3 como un gran generador de riquezas  y de Fuentes de empleos. <br \/>&#13;<br \/>\n  \u00a0 <br \/>&#13;<br \/>\n  El  aspirante a la primera magistratura del estado se expres\u00f3 en esos t\u00e9rminos  durante un encuentro con la dirigencia de la Asociaci\u00f3n de Zonas  Francas de Santiago, con quienes estuvo de acuerdo en que se necesita de un  esfuerzo mancomunado entre el gobierno y los empresarios del sector, para la  implementaci\u00f3n de un programa a 10 o15 a\u00f1os para la reorientaci\u00f3n y  fortalecimiento de ese sector, de manera que pueda ponerse en condiciones de  competitividad con otros pa\u00edses en donde empresas de este tipo reciben un gran  apoyo del Estado. <\/p>\n<p>&#13;<\/p>\n<p align=\"justify\" class=\"text1noticias\">En  la actividad estuvieron presentes Aquiles Berm\u00fadez, presidente de la Asociaci\u00f3n de  Industrias de Zonas Francas de Santiago, Carlos S. Fondeur, presidente de la Corporaci\u00f3n de Zonas  Francas de Santiago, Miguel Lama Rodr\u00edguez, Luis Caraballo, Ricardo Fondeur,  entre otros. <\/p>\n<p>&#13;<\/p>\n<p align=\"justify\" class=\"text1noticias\">Eduardo  Estrella se mostr\u00f3 convencido de que el actual gobierno del presidente Leonel  Fern\u00e1ndez abandon\u00f3 y retir\u00f3 todo el apoyo al sector zona franca, lo que gener\u00f3  en gran medida la situaci\u00f3n de crisis en que cay\u00f3 este importante sector de la  econom\u00eda nacional, al punto de que, s\u00f3lo en Santiago, se perdieron m\u00e1s de 70  mil empleos. <\/p>\n<p>&#13;<\/p>\n<p align=\"justify\" class=\"text1noticias\">Calific\u00f3  como un imperdonable error, y una terrible falta de visi\u00f3n del presidente  Fern\u00e1ndez, retirar el apoyo al sector consider\u00e1ndolo agotado, y que cuando por  razones pol\u00edticas quiso reaccionar y crear un fondo de ayuda esto lleg\u00f3  demasiado tarde pues ya el da\u00f1o estaba hecho, y miles de familias dominicanas  que encontraban su sustento en las f\u00e1bricas instaladas en los diferentes  parques de zonas francas de Santiago y de todo el pa\u00eds, hoy atraviesan una  dif\u00edcil situaci\u00f3n econ\u00f3mica al perder sus empleos. <\/p>\n<p>&#13;<\/p>\n<p align=\"justify\" class=\"text1noticias\">Al  encuentro, el candidato presidencial de la Cuarta V\u00eda asisti\u00f3  acompa\u00f1ado del presidente del Partido Revolucionario Social Dem\u00f3crata, Hatuey  De Camps, de la jefa de campa\u00f1a de la Cuarta V\u00eda, Sergia Elena de S\u00e9liman, los  diputados Angel Acosta y Radhames Ferm\u00edn, as\u00ed como tambi\u00e9n Elexido Paula,  presidente del Partido Humanista Dominicano, Petrouska Mu\u00f1oz, vice-sindica de  Santiago, Nelson Vi\u00f1as, Soraya Castillo, Guillermo Estrella y Jose Aybar . <\/p>\n<p>&#13;<\/p>\n<p align=\"justify\" class=\"text1noticias\">A su  juicio, Leonel Fern\u00e1ndez sigue siendo el mismo incr\u00e9dulo con respecto al actual  modelo de zonas francas, y su decisi\u00f3n de \u00faltimo minuto de crear un fondo de  ayuda para el sector estuvo motivada por razones pol\u00edticas debido a la baja  popularidad del presidente candidato en Santiago y otros puntos del pa\u00eds donde  miles de empleados tambi\u00e9n quedaron en las calles. <\/p>\n<p>&#13;<\/p>\n<p align=\"justify\" class=\"text1noticias\">Eduardo  garantiz\u00f3 que \u00e9l si conf\u00eda y reconoce la importancia de las zonas francas como  uno de los puntales de la econom\u00eda nacional, por lo que desde el gobierno dar\u00e1  todo el apoyo a los planes y estrategias que se dispongan para que la Rep\u00fablica Dominicana  retome el liderazgo en la regi\u00f3n, reconquiste los mercados perdidos y se  inserte como un competidor de importancia en el exigente mercado europeo. <\/p>\n<p>&#13;<\/p>\n<p align=\"justify\" class=\"text1noticias\">Los  empresarios de Santiago se mostraron muy receptivos ante los planteamientos del  candidato presidencial de la   Cuarta V\u00eda, quien les record\u00f3 que mientras se desempe\u00f1o como  Secretario de Estado de Obras P\u00fablicas desarrollo planes de vivienda en  beneficio de los trabajadores de zona franca en Santiago, y que adem\u00e1s ejecut\u00f3  un programa de pavimentaci\u00f3n y mantenimiento a las calles de los diferentes  sectores donde la mayor\u00eda residen, como forma de mejorar sus condiciones de  vida junto a sus familias. <\/p>\n<p>&#13;<\/p>\n<h6> 2008-01-20 17:43:31 <\/h6>\n<p><!--\n<link rel=\"stylesheet\" href=\"css\/bootstrap.min.css\">\n\n\n<ul class=\"pagination\">\n\t    \n\t\n\n<li >\n\t<a href='?page_no=34326'>Previous<\/a>\n\t<\/li>\n\n\n       \n    \n\n<li><a href='?page_no=1'>1<\/a><\/li>\n\n\n\n<li><a href='?page_no=2'>2<\/a><\/li>\n\n\n\n<li><a>...<\/a><\/li>\n\n\n\n<li><a href='?page_no=34325'>34325<\/a><\/li>\n\n\n\n<li><a href='?page_no=34326'>34326<\/a><\/li>\n\n\n\n<li class='active'><a>34327<\/a><\/li>\n\n\n\n<li><a href='?page_no=34328'>34328<\/a><\/li>\n\n\n\n<li><a href='?page_no=34329'>34329<\/a><\/li>\n\n\n\n<li><a>...<\/a><\/li>\n\n\n\n<li><a href='?page_no=36999'>36999<\/a><\/li>\n\n\n\n<li><a href='?page_no=37000'>37000<\/a><\/li>\n\n    \n\t\n\n<li >\n\t<a href='?page_no=34328'>Next<\/a>\n\t<\/li>\n\n\n    \n\n<li><a href='?page_no=37000'>Last &rsaquo;&rsaquo;<\/a><\/li>\n\n<\/ul>\n\n\n--><br \/>\n<\/body><\/p>\n","protected":false},"excerpt":{"rendered":"<p>Eduardo Estrella se re\u00fane con Asociaci\u00f3n Zonas Francas de Santiago; asegura modelo Zonas Francas no est\u00e1 agotado sino voluntad del Gobierno para darle apoyo &#13; SANTIAGO.- El candidato presidencial de la Cuarta V\u00eda, Eduardo Estrella, asegur\u00f3 aqu\u00ed que el actual modelo de zonas francas del pa\u00eds no est\u00e1 agotado, y que lo que en realidad [&hellip;]<\/p>\n","protected":false},"author":3,"featured_media":0,"comment_status":"open","ping_status":"open","sticky":false,"template":"","format":"standard","meta":{"footnotes":""},"categories":[22],"tags":[],"class_list":["post-191579","post","type-post","status-publish","format-standard","hentry","category-politica"],"_links":{"self":[{"href":"https:\/\/diariodominicano.com\/index.php?rest_route=\/wp\/v2\/posts\/191579","targetHints":{"allow":["GET"]}}],"collection":[{"href":"https:\/\/diariodominicano.com\/index.php?rest_route=\/wp\/v2\/posts"}],"about":[{"href":"https:\/\/diariodominicano.com\/index.php?rest_route=\/wp\/v2\/types\/post"}],"author":[{"embeddable":true,"href":"https:\/\/diariodominicano.com\/index.php?rest_route=\/wp\/v2\/users\/3"}],"replies":[{"embeddable":true,"href":"https:\/\/diariodominicano.com\/index.php?rest_route=%2Fwp%2Fv2%2Fcomments&post=191579"}],"version-history":[{"count":0,"href":"https:\/\/diariodominicano.com\/index.php?rest_route=\/wp\/v2\/posts\/191579\/revisions"}],"wp:attachment":[{"href":"https:\/\/diariodominicano.com\/index.php?rest_route=%2Fwp%2Fv2%2Fmedia&parent=191579"}],"wp:term":[{"taxonomy":"category","embeddable":true,"href":"https:\/\/diariodominicano.com\/index.php?rest_route=%2Fwp%2Fv2%2Fcategories&post=191579"},{"taxonomy":"post_tag","embeddable":true,"href":"https:\/\/diariodominicano.com\/index.php?rest_route=%2Fwp%2Fv2%2Ftags&post=191579"}],"curies":[{"name":"wp","href":"https:\/\/api.w.org\/{rel}","templated":true}]}}