{"id":191578,"date":"2008-01-20T18:09:04","date_gmt":"2008-01-20T18:09:04","guid":{"rendered":"http:\/\/diariodominicano.ddns.net\/?p=191578"},"modified":"2008-01-20T18:09:04","modified_gmt":"2008-01-20T18:09:04","slug":"wessin-chavez-gobierno-entregara-seis-mil-titulos-definitivos-a-personas-tienen-viviendas-en-barrios-y-sectores-marginados-del-pais","status":"publish","type":"post","link":"https:\/\/diariodominicano.com\/?p=191578","title":{"rendered":"Wessin Ch\u00e1vez: Gobierno entregar\u00e1 seis mil t\u00edtulos definitivos a personas tienen viviendas en barrios y sectores marginados del pa\u00eds"},"content":{"rendered":"<p><body><\/p>\n<p align=\"justify\"><span class=\"titulogrande1\"><strong>Gobierno entregar\u00e1  seis mil t\u00edtulos definitivos a personas tienen viviendas en barrios y sectores  marginados del pa\u00eds<\/strong><\/span><strong><br \/>&#13;<br \/>\n<\/strong><span class=\"text1noticias\"><br \/>&#13;<br \/>\n  <strong><img loading=\"lazy\" decoding=\"async\" src=\"http:\/\/localhost:8080\/pictures\/elias wessin chavez.jpg\" width=\"269\" height=\"285\" hspace=\"4\" align=\"left\" \/>SANTO DOMINGO.- <\/strong>El gobierno iniciar\u00e1 la entrega de seis mil t\u00edtulos de  propiedad definitivos a personas humildes que tienen viviendas en barrios y  sectores marginados de Santo Domingo, Santiago, Puerto Plata, el Distrito  Nacional y otras ciudades del pa\u00eds, anunci\u00f3 hoy el administrador general de  Bienes Nacionales. <\/span><\/p>\n<p>&#13;<\/p>\n<p align=\"justify\" class=\"text1noticias\">El licenciado El\u00edas  Wessin Ch\u00e1vez, entrevistado en el programa \u201cSentido Com\u00fan\u201d, que producen por  Color Visi\u00f3n, los domingos de 8:00 a 9:00 de la ma\u00f1ana, el comentarista Ram\u00f3n  Santos y el periodista Joaqu\u00edn Ascenci\u00f3n, \u00a0dijo que una empresa  privada ha estado trabajando en ese aspecto y que tienen listos para ser  entregados peri\u00f3dicamente unos seis mil t\u00edtulos. <\/p>\n<p>&#13;<\/p>\n<p align=\"justify\" class=\"text1noticias\">La primera partida  de t\u00edtulos de propiedad ser\u00e1 entregada por el presidente Leonel Fern\u00e1ndez en un  acto p\u00fablico antes del 16 de mayo pr\u00f3ximo, pero que ese proceso se continuar\u00e1  hasta dotar de sus t\u00edtulos a las personas que tienen viviendas en barrios  humildes, pero que carecen de este documento legal, indic\u00f3. <\/p>\n<p>&#13;<\/p>\n<p align=\"justify\" class=\"text1noticias\">Manifest\u00f3 que el  mandatario hab\u00eda anunciado en el consejo de gobierno que celebr\u00f3 en Santiago  que la medida beneficiar\u00e1 a barrios completos, espec\u00edficamente a Los Alcarrizos  y Los Frailes, mientras se hacen levantamiento en Puerto Plata y Santiago. <\/p>\n<p>&#13;<\/p>\n<p align=\"justify\" class=\"text1noticias\">\u00abY por primera  vez en la historia de la Rep\u00fablica Dominicana un presidente, en este caso  el presidente Leonel Fern\u00e1ndez, entregar\u00e1 t\u00edtulos de propiedad a la gente  humilde de este pueblo, gente que no puede pagar ni siquiera 200, 300 pesos  mensuales\u00bb, expres\u00f3 Wessin Ch\u00e1vez, y a seguidas precis\u00f3: <\/p>\n<p>&#13;<\/p>\n<p align=\"justify\" class=\"text1noticias\">\u00abSe le va a  entregar su titulo de propiedad, no un papel, su titulo de propiedad definitivo  y esa familia podr\u00e1 ir a un banco a pedir un pr\u00e9stamo para mejorar su casa,  para montar un negocio y ese pr\u00e9stamo va a estar garantizado\u00bb. <\/p>\n<p>&#13;<\/p>\n<p align=\"justify\" class=\"text1noticias\">Wessin Ch\u00e1vez,  tambi\u00e9n presidente del Partido Quisqueyano Dem\u00f3crata Cristiano (PQDC), se\u00f1al\u00f3  que previo a la entrega de t\u00edtulos se realiza un trabajo social en los barrios  que se beneficiar\u00e1n con la medida. <\/p>\n<p>&#13;<\/p>\n<p align=\"justify\" class=\"text1noticias\">Inform\u00f3 que en estos  momentos se realizan los levantamientos de los sectores que ser\u00e1n beneficiados,  donde, signific\u00f3, se est\u00e1n haciendo los planos de las viviendas y siguiendo los  procedimientos legales para que eso vaya a Registro de T\u00edtulos, donde se expedir\u00e1n  los t\u00edtulos definitivos. <\/p>\n<p>&#13;<\/p>\n<p align=\"justify\" class=\"text1noticias\">Algunos de estos  barrios est\u00e1n asentados en terrenos que son reclamados por familias del sector  privado, como es la familia Vicini y otras. <\/p>\n<p>&#13;<\/p>\n<p align=\"justify\" class=\"text1noticias\">Por otra parte, el  licenciado Wessin Ch\u00e1vez anunci\u00f3 que entre los planes para el 2008 en Bienes  Nacionales est\u00e1n \u00abtransparentar los procedimientos\u00bb, automatizar y  organizar los procesos del organismo. \u00abEn Bienes Nacionales estamos  trabajando manualmente, en Bienes Nacionales todav\u00eda hay cheques \u00a0 que se  tienen que hacer con fotocopias, con copias de papel carb\u00f3n y eso no puede  ser\u00bb, apunt\u00f3. <\/p>\n<p>&#13;<\/p>\n<p align=\"justify\" class=\"text1noticias\">Dijo que hizo en la  instituci\u00f3n un levantamiento tecnol\u00f3gico y que prepara una propuesta \u00a0para  adquirir software que se necesitan para digitalizar los archivos y tener un  sistema de cobros eficiente. <\/p>\n<p>&#13;<\/p>\n<p align=\"justify\" class=\"text1noticias\">Wessin Ch\u00e1vez  sostuvo que con estas medidas, se procurar\u00e1 que cuando el ciudadano acuda a  Bienes Nacionales tenga una respuesta adecuada de la realidad de su expediente. <\/p>\n<p>&#13;<\/p>\n<p class=\"text1noticias\">Por otra parte, el  administrador de Bienes Nacionales anunci\u00f3 que ese organismo recuperar\u00e1 las  propiedad del Estado, terrenos y viviendas, que est\u00e1n manos de particulares en  el centro de la capital, pero adelant\u00f3 que ese trabajo requiere de tiempo y de  un equipo dispuesto a laborar en ese aspecto, el cual dijo ya fue conformado en  ese organismo. <\/p>\n<p>&#13;<\/p>\n<p align=\"justify\" class=\"text1noticias\">\u00abHay que hacer  un saneamiento y para eso se requiere tiempo, se requiere esfuerzo y un equipo  de gente que est\u00e9 dispuesta a hacer el trabajo, con apoyo del gobierno  obviamente; nosotros ahora mismo tenemos un buen equipo de trabajo en Bienes  Nacionales\u00bb, expres\u00f3 el funcionario, y apunt\u00f3: \u00abPrecisamente, estamos  en una pol\u00edtica general de recuperaci\u00f3n de terrenos, \u00a0 lo que implica que  definamos el status del terreno; si es de nosotros, de Bienes Nacionales o el  Estado entonces determinar con la\u00a0 tasa de Catastro el valor de esa  propiedad\u00bb. <\/p>\n<p>&#13;<\/p>\n<p align=\"justify\" class=\"text1noticias\">Indic\u00f3 que con la  tasa est\u00e1n establecidos unos par\u00e1metros con los cuales Bienes Nacionales no  puede ni excederse ni bajar, pero se puede oscilar con el precio. En algunos  casos se est\u00e1 buscando un promedio, pero que esencialmente al organismo lo que  le interesa es transparentar el proceso de recuperaci\u00f3n de esos bienes del  Estado. <\/p>\n<p>&#13;<\/p>\n<p class=\"text1noticias\"><strong><u>Wessin Ch\u00e1vez afirma PQDC aportar\u00e1 100 mil votos a candidatura de Leonel  Fern\u00e1ndez <\/u><\/strong> <\/p>\n<p>&#13;<\/p>\n<p align=\"justify\" class=\"text1noticias\"><strong>SANTO DOMINGO.-<\/strong> El presidente del Partido Quisqueyano Dem\u00f3crata  Cristiano (PQDC), licenciado El\u00edas Wessin Ch\u00e1vez, asegur\u00f3 hoy que el candidato  presidencial del oficialista Partido de la Liberaci\u00f3n Dominicana  (PLD), doctor Leonel Fern\u00e1ndez, ganar\u00e1 las elecciones en la primera vuelta con  un rango de 12% a 15% de los votos de los que aportar\u00e1n las organizaciones  aliadas, de las cuales, dijo, solo su organizaci\u00f3n, proyecta aportar entre  setenta mil y  cien mil sufragantes. <\/p>\n<p>&#13;<\/p>\n<p align=\"justify\" class=\"text1noticias\">Wessin Ch\u00e1vez,  administrador general de Bienes Nacionales, desestim\u00f3 los vaticinios de  encuestas que presentan la posibilidad de que haya una segunda vuelta en las  pr\u00f3ximas elecciones del 16 de mayo, ya que entiende que para hacer ese  vaticinio habr\u00eda que esperar el lanzamiento oficial de la candidatura del  presidente Fern\u00e1ndez, que tendr\u00e1 lugar el 27 del mes en curso. <\/p>\n<p>&#13;<\/p>\n<p align=\"justify\" class=\"text1noticias\">Se\u00f1al\u00f3 que mientras  los candidatos de la oposici\u00f3n Jos\u00e9 Miguel Vargas y Amable Aristy Castro hace  tiempo que oficializaron sus campa\u00f1as, el doctor Fern\u00e1ndez apenas ha comenzado  a estructurar su estrategia y que se proclamar\u00e1 oficialmente el 27 de este mes.  \u00a0Wessin Ch\u00e1vez fue entrevistado por el comentarista  Ram\u00f3n Santos y el periodista Joaqu\u00edn Ascenci\u00f3n en el programa \u201cSentido Com\u00fan\u201d,  que se transmite los domingos de 8:00 a 9:00 de la ma\u00f1ana, por Color Visi\u00f3n. <\/p>\n<p>&#13;<\/p>\n<p align=\"justify\" class=\"text1noticias\">Manifest\u00f3 que en los  pr\u00f3ximos d\u00edas el comando de campana de la alianza progresista, que integran el  Partido Nacional de Veteranos y Civiles que lidera la doctora Tania B\u00e1ez y el  Partido Renacentista que preside el licenciado Antol\u00edn Polanco, comenzar\u00e1 a  participar en la estrategia que se trazar\u00e1 para que el doctor Leonel Fern\u00e1ndez  contin\u00fae en las riendas del Poder. <\/p>\n<p>&#13;<\/p>\n<p align=\"justify\" class=\"text1noticias\">\u00abNo me cabe la  menor duda de que el Presidente Fern\u00e1ndez va a ganar en la primera vuelta y  tambi\u00e9n estamos muy seguros de que los votos del PQDC, de los Renacentistas, de  los Veteranos van a ser determinantes en el triunfo del presidente en la  primera vuelta\u00bb enfatiz\u00f3. <\/p>\n<p>&#13;<\/p>\n<p align=\"justify\" class=\"text1noticias\">Exhort\u00f3 al pueblo  dominicano a que \u00abvote masivamente para que evitemos una segunda  vuelta\u00bb, ya que seg\u00fan apunt\u00f3, \u00abuna segunda vuelta lo \u00fanico que le  trae al pa\u00eds es mas gastos, mas tensi\u00f3n, mas intranquilidad y yo creo que el  pueblo ha madurado a ese respecto\u00bb. <\/p>\n<p>&#13;<\/p>\n<p align=\"justify\" class=\"text1noticias\">Wessin Ch\u00e1vez  sostuvo que el pueblo dominicano ha emprendido una obra de gobierno que no se  debe detener \u00abni se va a detener Dios mediante, con el esfuerzo y el  \u00a0 trabajo que estamos haciendo estos partidos, en especial el  PQDC\u00bb. <\/p>\n<p>&#13;<\/p>\n<p align=\"justify\" class=\"text1noticias\">\u00abNosotros como  coalici\u00f3n nacional a alianza progresista estamos en el rango de 70 a 100 mil votos, ah\u00ed es que  estamos trabajando; ya nosotros tenemos el documento municipio por municipio,  distrito municipal por distrito municipal, de proyecci\u00f3n de los votos que vamos  a aportar en las elecciones\u00bb, subray\u00f3 el dirigente del PQDC. <\/p>\n<p>&#13;<\/p>\n<p align=\"justify\" class=\"text1noticias\">Refiri\u00f3 que en el  a\u00f1o 2000 el PQDC proyect\u00f3 30 mil votos y aport\u00f3 52 mil; \u00abahora estamos  proyectando de 70 a  100 mil, solamente el PQDC, sin contar con los dem\u00e1s aliados\u00bb. \u00abDe  manera que estamos hablando \u2013agreg\u00f3- de aportar 10%, 12% y cuidado, hasta 15%  la totalidad de los aliados al PLD, en apoyo al Presidente Fern\u00e1ndez\u00bb.  \u00a0 <\/p>\n<p>&#13;<\/p>\n<p align=\"justify\" class=\"text1noticias\">Signific\u00f3 que cuando  la campa\u00f1a del Presidente Fern\u00e1ndez arranque de verdad despu\u00e9s de su  proclamaci\u00f3n, los 47%, 48% que ahora se\u00f1alan las encuestas se elevar\u00e1 a m\u00e1s de  50%, raz\u00f3n que lleva a su organizaci\u00f3n a confiar que el mandatario ganar\u00e1 en la  primera vuelta. <\/p>\n<p>&#13;<\/p>\n<p class=\"text1noticias\">Explic\u00f3 que el PQDC  est\u00e1 trabajando con un padroncillo de 15 gentes, o sea, que donde quiera que se  re\u00fanan un pecude\u00edsta tiene que buscar 15 votantes. <\/p>\n<p>&#13;<\/p>\n<p>\u00a0<\/p>\n<p>&#13;<\/p>\n<h6> 2008-01-20 18:09:04 <\/h6>\n<p><!--\n<link rel=\"stylesheet\" href=\"css\/bootstrap.min.css\">\n\n\n<ul class=\"pagination\">\n\t    \n\t\n\n<li >\n\t<a href='?page_no=34325'>Previous<\/a>\n\t<\/li>\n\n\n       \n    \n\n<li><a href='?page_no=1'>1<\/a><\/li>\n\n\n\n<li><a href='?page_no=2'>2<\/a><\/li>\n\n\n\n<li><a>...<\/a><\/li>\n\n\n\n<li><a href='?page_no=34324'>34324<\/a><\/li>\n\n\n\n<li><a href='?page_no=34325'>34325<\/a><\/li>\n\n\n\n<li class='active'><a>34326<\/a><\/li>\n\n\n\n<li><a href='?page_no=34327'>34327<\/a><\/li>\n\n\n\n<li><a href='?page_no=34328'>34328<\/a><\/li>\n\n\n\n<li><a>...<\/a><\/li>\n\n\n\n<li><a href='?page_no=36999'>36999<\/a><\/li>\n\n\n\n<li><a href='?page_no=37000'>37000<\/a><\/li>\n\n    \n\t\n\n<li >\n\t<a href='?page_no=34327'>Next<\/a>\n\t<\/li>\n\n\n    \n\n<li><a href='?page_no=37000'>Last &rsaquo;&rsaquo;<\/a><\/li>\n\n<\/ul>\n\n\n--><br \/>\n<\/body><\/p>\n","protected":false},"excerpt":{"rendered":"<p>Gobierno entregar\u00e1 seis mil t\u00edtulos definitivos a personas tienen viviendas en barrios y sectores marginados del pa\u00eds&#13; &#13; SANTO DOMINGO.- El gobierno iniciar\u00e1 la entrega de seis mil t\u00edtulos de propiedad definitivos a personas humildes que tienen viviendas en barrios y sectores marginados de Santo Domingo, Santiago, Puerto Plata, el Distrito Nacional y otras ciudades [&hellip;]<\/p>\n","protected":false},"author":3,"featured_media":0,"comment_status":"open","ping_status":"open","sticky":false,"template":"","format":"standard","meta":{"footnotes":""},"categories":[22],"tags":[],"class_list":["post-191578","post","type-post","status-publish","format-standard","hentry","category-politica"],"_links":{"self":[{"href":"https:\/\/diariodominicano.com\/index.php?rest_route=\/wp\/v2\/posts\/191578","targetHints":{"allow":["GET"]}}],"collection":[{"href":"https:\/\/diariodominicano.com\/index.php?rest_route=\/wp\/v2\/posts"}],"about":[{"href":"https:\/\/diariodominicano.com\/index.php?rest_route=\/wp\/v2\/types\/post"}],"author":[{"embeddable":true,"href":"https:\/\/diariodominicano.com\/index.php?rest_route=\/wp\/v2\/users\/3"}],"replies":[{"embeddable":true,"href":"https:\/\/diariodominicano.com\/index.php?rest_route=%2Fwp%2Fv2%2Fcomments&post=191578"}],"version-history":[{"count":0,"href":"https:\/\/diariodominicano.com\/index.php?rest_route=\/wp\/v2\/posts\/191578\/revisions"}],"wp:attachment":[{"href":"https:\/\/diariodominicano.com\/index.php?rest_route=%2Fwp%2Fv2%2Fmedia&parent=191578"}],"wp:term":[{"taxonomy":"category","embeddable":true,"href":"https:\/\/diariodominicano.com\/index.php?rest_route=%2Fwp%2Fv2%2Fcategories&post=191578"},{"taxonomy":"post_tag","embeddable":true,"href":"https:\/\/diariodominicano.com\/index.php?rest_route=%2Fwp%2Fv2%2Ftags&post=191578"}],"curies":[{"name":"wp","href":"https:\/\/api.w.org\/{rel}","templated":true}]}}