{"id":191577,"date":"2008-01-20T19:31:22","date_gmt":"2008-01-20T19:31:22","guid":{"rendered":"http:\/\/diariodominicano.ddns.net\/?p=191577"},"modified":"2008-01-20T19:31:22","modified_gmt":"2008-01-20T19:31:22","slug":"los-cubanos-votan-un-nuevo-parlamento-que-podria-decidir-el-futuro-de-fidel-castro","status":"publish","type":"post","link":"https:\/\/diariodominicano.com\/?p=191577","title":{"rendered":"Los cubanos votan un nuevo Parlamento que podr\u00eda decidir el futuro de Fidel Castro"},"content":{"rendered":"<p><body><\/p>\n<p align=\"justify\"><strong class=\"titulogrande1\">Los cubanos  votan un nuevo Parlamento que podr\u00eda decidir el futuro de Fidel Castro<\/strong><br \/>&#13;<br \/>\n  <br \/>&#13;<br \/>\n    <strong>Con el nuevo Consejo  de Estado que se designe se desvelar\u00e1 el futuro de Castro como jefe del  Gobierno de la isla <\/strong><\/p>\n<p>&#13;<\/p>\n<p align=\"justify\" class=\"text1noticias\"><strong><img loading=\"lazy\" decoding=\"async\" src=\"http:\/\/localhost:8080\/pictures\/afichevota.jpg\" width=\"269\" height=\"198\" hspace=\"4\" align=\"left\" \/>LA   HABANA.- <\/strong>Los cubanos han comenzado a votar hoy  para escoger a los diputados de la Asamblea Nacional, entre ellos el convaleciente  Fidel Castro, a pesar de que el l\u00edder no ha aparecido en p\u00fablico en casi 18  meses. M\u00e1s de 8,4 millones de personas est\u00e1n llamadas a las urnas en los  comicios a los que no concurren los partidos pol\u00edticos, ilegales en la isla,  salvo el Comunista. Se presentan 614 candidatos para los 614 puestos del  Parlamento cubano.<br \/>&#13;<br \/>\n  <br \/>&#13;<br \/>\n  Con la constituci\u00f3n del nuevo Parlamento se designar\u00e1 al nuevo  Consejo de Estado, del que Castro es presidente, y se desvelar\u00e1 la inc\u00f3gnita de  si el l\u00edder cubano de 81 a\u00f1os renovar\u00e1 o no el mandato al frente del Gobierno  de la isla. La Asamblea  tendr\u00e1 su primera sesi\u00f3n el 24 de febrero, ha dicho a la agencia Reuters el  presidente en funciones, Ra\u00fal Castro, despu\u00e9s de votar en una escuela cerca de la Plaza de la Revoluci\u00f3n en La Habana.<br \/>&#13;<br \/>\n  <br \/>&#13;<br \/>\n  Los 38.357 colegios del pa\u00eds han abierto a las 07.00, hora local  (12.00 GMT), tras el sellado de las urnas y el juramento de los miembros de las  mesas electorales, para comenzar un horario de votaci\u00f3n que se extender\u00e1 hasta  las 18.00 (23.00 GMT). La televisi\u00f3n estatal cubana ha transmitido la apertura  de las urnas desde un colegio del barrio habanero de Plaza, donde se ha leido  un comunicado en el que se destaca que, \u00abal ejercer ese derecho y votar  por todos, consolidamos la unidad indestructible que ha mantenido durante 50  a\u00f1os esta revoluci\u00f3n victoriosa a 90 millas del imperio m\u00e1s poderoso de la  historia\u00bb.<br \/>&#13;<br \/>\n  <br \/>&#13;<br \/>\n  Ra\u00fal Castro ha dicho que Fidel votar\u00e1 en donde est\u00e1 recluido  recuper\u00e1ndose de una operaci\u00f3n intestinal realizada hace varios meses. \u00ab\u00c9l  tiene Buena salud. S\u00e9 que est\u00e1 escribiendo mucho, hasta cuatro ensayos  simult\u00e1neamente. No s\u00e9 por cuanto tiempo estar\u00e1\u00bb, ha dicho Ra\u00fal.  \u00abConsiderando que tiene 81 a\u00f1os, Fidel est\u00e1 fuerte, saludable y con una  gran energ\u00eda intelecual\u00bb.<br \/>&#13;<br \/>\n  <br \/>&#13;<br \/>\n  <strong>AGENCIAS<\/strong> &#8211; La Habana &#8211; 20\/01\/2008 <\/p>\n<p>&#13;<\/p>\n<h6> 2008-01-20 19:31:22 <\/h6>\n<p><!--\n<link rel=\"stylesheet\" href=\"css\/bootstrap.min.css\">\n\n\n<ul class=\"pagination\">\n\t    \n\t\n\n<li >\n\t<a href='?page_no=34324'>Previous<\/a>\n\t<\/li>\n\n\n       \n    \n\n<li><a href='?page_no=1'>1<\/a><\/li>\n\n\n\n<li><a href='?page_no=2'>2<\/a><\/li>\n\n\n\n<li><a>...<\/a><\/li>\n\n\n\n<li><a href='?page_no=34323'>34323<\/a><\/li>\n\n\n\n<li><a href='?page_no=34324'>34324<\/a><\/li>\n\n\n\n<li class='active'><a>34325<\/a><\/li>\n\n\n\n<li><a href='?page_no=34326'>34326<\/a><\/li>\n\n\n\n<li><a href='?page_no=34327'>34327<\/a><\/li>\n\n\n\n<li><a>...<\/a><\/li>\n\n\n\n<li><a href='?page_no=36999'>36999<\/a><\/li>\n\n\n\n<li><a href='?page_no=37000'>37000<\/a><\/li>\n\n    \n\t\n\n<li >\n\t<a href='?page_no=34326'>Next<\/a>\n\t<\/li>\n\n\n    \n\n<li><a href='?page_no=37000'>Last &rsaquo;&rsaquo;<\/a><\/li>\n\n<\/ul>\n\n\n--><br \/>\n<\/body><\/p>\n","protected":false},"excerpt":{"rendered":"<p>Los cubanos votan un nuevo Parlamento que podr\u00eda decidir el futuro de Fidel Castro&#13; &#13; Con el nuevo Consejo de Estado que se designe se desvelar\u00e1 el futuro de Castro como jefe del Gobierno de la isla &#13; LA HABANA.- Los cubanos han comenzado a votar hoy para escoger a los diputados de la Asamblea [&hellip;]<\/p>\n","protected":false},"author":3,"featured_media":0,"comment_status":"open","ping_status":"open","sticky":false,"template":"","format":"standard","meta":{"footnotes":""},"categories":[22],"tags":[],"class_list":["post-191577","post","type-post","status-publish","format-standard","hentry","category-politica"],"_links":{"self":[{"href":"https:\/\/diariodominicano.com\/index.php?rest_route=\/wp\/v2\/posts\/191577","targetHints":{"allow":["GET"]}}],"collection":[{"href":"https:\/\/diariodominicano.com\/index.php?rest_route=\/wp\/v2\/posts"}],"about":[{"href":"https:\/\/diariodominicano.com\/index.php?rest_route=\/wp\/v2\/types\/post"}],"author":[{"embeddable":true,"href":"https:\/\/diariodominicano.com\/index.php?rest_route=\/wp\/v2\/users\/3"}],"replies":[{"embeddable":true,"href":"https:\/\/diariodominicano.com\/index.php?rest_route=%2Fwp%2Fv2%2Fcomments&post=191577"}],"version-history":[{"count":0,"href":"https:\/\/diariodominicano.com\/index.php?rest_route=\/wp\/v2\/posts\/191577\/revisions"}],"wp:attachment":[{"href":"https:\/\/diariodominicano.com\/index.php?rest_route=%2Fwp%2Fv2%2Fmedia&parent=191577"}],"wp:term":[{"taxonomy":"category","embeddable":true,"href":"https:\/\/diariodominicano.com\/index.php?rest_route=%2Fwp%2Fv2%2Fcategories&post=191577"},{"taxonomy":"post_tag","embeddable":true,"href":"https:\/\/diariodominicano.com\/index.php?rest_route=%2Fwp%2Fv2%2Ftags&post=191577"}],"curies":[{"name":"wp","href":"https:\/\/api.w.org\/{rel}","templated":true}]}}