{"id":191573,"date":"2008-01-20T19:57:35","date_gmt":"2008-01-20T19:57:35","guid":{"rendered":"http:\/\/diariodominicano.ddns.net\/?p=191573"},"modified":"2008-01-20T19:57:35","modified_gmt":"2008-01-20T19:57:35","slug":"zapatero-anuncia-que-subira-a-850-euros-las-pensiones-minimas","status":"publish","type":"post","link":"https:\/\/diariodominicano.com\/?p=191573","title":{"rendered":"Zapatero anuncia que subir\u00e1 a 850 euros las pensiones m\u00ednimas"},"content":{"rendered":"<p><body><\/p>\n<p align=\"justify\"><strong class=\"titulogrande1\">Zapatero  anuncia que subir\u00e1 a 850 euros las pensiones m\u00ednimas<\/strong><br \/>&#13;<br \/>\n  <br \/>&#13;<br \/>\n    <strong>El jefe del Ejecutivo  se compromete tambi\u00e9n a elevar a 700 euros las pensiones de las personas que  viven solas <\/strong><\/p>\n<p>&#13;<\/p>\n<p align=\"justify\" class=\"text1noticias\"><strong>MADRID.-<\/strong> El presidente del Gobierno, Jos\u00e9 Luis Rodr\u00edguez  Zapatero, ha anunciado que en la pr\u00f3xima legislatura la pensi\u00f3n m\u00ednima de  jubilaci\u00f3n con c\u00f3nyuge a cargo ser\u00e1 de 850 euros y de 700 para los pensionistas  que viven solos.<br \/>&#13;<br \/>\n  <br \/>&#13;<br \/>\n  La pensi\u00f3n m\u00ednima actual con c\u00f3nyuge a cargo asciende a 750  euros, mientras que la pensi\u00f3n m\u00ednima para personas que viven solas asciende a  460 euros, si bien hay colectivos que todav\u00eda no alcanzan los 390 euros  mensuales.<br \/>&#13;<br \/>\n  <br \/>&#13;<br \/>\n  Estos anuncios los ha realizado Zapatero en el acto de clausura  de la conferencia sectorial sobre familia que ha celebrado el PSOE este fin de  semana en Madrid. El jefe del Ejecutivo se ha comprometido a respetar todos los  modelos de familia \u00ablibremente creadas seg\u00fan sus propios criterios morales  y religiosos\u00bb.<br \/>&#13;<br \/>\n  <br \/>&#13;<br \/>\n  Las pol\u00edticas de bienestar social, el avance en la conciliaci\u00f3n  de la vida familiar y laboral, el apoyo a las mujeres, son los pilares  centrales de la oferta socialista para los pr\u00f3ximos a\u00f1os.<br \/>&#13;<br \/>\n  <br \/>&#13;<br \/>\n  \u00abNuestra fidelidad a estos valores marca la diferencia con  la trayectoria y las propuestas de nuestros principales adversarios  pol\u00edticos\u00bb, ha dicho Zapatero, antes de asegurar que familia y libertad  son \u00abindisociables\u00bb. El presidente ha insistido en que no hay un  modelo \u00fanico de familia, sino todos los que libremente elijan los ciudadanos, y  ha querido dejar claro que \u00abquienes aspiren a constre\u00f1ir o condiconar esa  libertad bajo determinados par\u00e1metros morales o religiosos, ya saben d\u00f3nde no  pueden depositar sus esperanzas\u00bb.<br \/>&#13;<br \/>\n  <br \/>&#13;<br \/>\n  El PSOE \u00abno distinguir\u00e1 entre buenas o malas, entre peores  o mejores opciones de convivencia familiar y, mucho menos, arrojaremos a nadie  a las tinieblas de la sospecha moral\u00bb, ha a\u00f1adido Zapatero en una cr\u00edtica  clara a las posiciones sobre la familia planteadas por algunos dirigentes del  PP.<br \/>&#13;<br \/>\n  <br \/>&#13;<br \/>\n<strong>ANABEL D\u00cdEZ<\/strong> &#8211; Madrid &#8211; 20\/01\/2008 \/El Pa\u00eds <\/p>\n<p>&#13;<\/p>\n<h6> 2008-01-20 19:57:35 <\/h6>\n<p><!--\n<link rel=\"stylesheet\" href=\"css\/bootstrap.min.css\">\n\n\n<ul class=\"pagination\">\n\t    \n\t\n\n<li >\n\t<a href='?page_no=34320'>Previous<\/a>\n\t<\/li>\n\n\n       \n    \n\n<li><a href='?page_no=1'>1<\/a><\/li>\n\n\n\n<li><a href='?page_no=2'>2<\/a><\/li>\n\n\n\n<li><a>...<\/a><\/li>\n\n\n\n<li><a href='?page_no=34319'>34319<\/a><\/li>\n\n\n\n<li><a href='?page_no=34320'>34320<\/a><\/li>\n\n\n\n<li class='active'><a>34321<\/a><\/li>\n\n\n\n<li><a href='?page_no=34322'>34322<\/a><\/li>\n\n\n\n<li><a href='?page_no=34323'>34323<\/a><\/li>\n\n\n\n<li><a>...<\/a><\/li>\n\n\n\n<li><a href='?page_no=36999'>36999<\/a><\/li>\n\n\n\n<li><a href='?page_no=37000'>37000<\/a><\/li>\n\n    \n\t\n\n<li >\n\t<a href='?page_no=34322'>Next<\/a>\n\t<\/li>\n\n\n    \n\n<li><a href='?page_no=37000'>Last &rsaquo;&rsaquo;<\/a><\/li>\n\n<\/ul>\n\n\n--><br \/>\n<\/body><\/p>\n","protected":false},"excerpt":{"rendered":"<p>Zapatero anuncia que subir\u00e1 a 850 euros las pensiones m\u00ednimas&#13; &#13; El jefe del Ejecutivo se compromete tambi\u00e9n a elevar a 700 euros las pensiones de las personas que viven solas &#13; MADRID.- El presidente del Gobierno, Jos\u00e9 Luis Rodr\u00edguez Zapatero, ha anunciado que en la pr\u00f3xima legislatura la pensi\u00f3n m\u00ednima de jubilaci\u00f3n con c\u00f3nyuge [&hellip;]<\/p>\n","protected":false},"author":3,"featured_media":0,"comment_status":"open","ping_status":"open","sticky":false,"template":"","format":"standard","meta":{"footnotes":""},"categories":[22],"tags":[],"class_list":["post-191573","post","type-post","status-publish","format-standard","hentry","category-politica"],"_links":{"self":[{"href":"https:\/\/diariodominicano.com\/index.php?rest_route=\/wp\/v2\/posts\/191573","targetHints":{"allow":["GET"]}}],"collection":[{"href":"https:\/\/diariodominicano.com\/index.php?rest_route=\/wp\/v2\/posts"}],"about":[{"href":"https:\/\/diariodominicano.com\/index.php?rest_route=\/wp\/v2\/types\/post"}],"author":[{"embeddable":true,"href":"https:\/\/diariodominicano.com\/index.php?rest_route=\/wp\/v2\/users\/3"}],"replies":[{"embeddable":true,"href":"https:\/\/diariodominicano.com\/index.php?rest_route=%2Fwp%2Fv2%2Fcomments&post=191573"}],"version-history":[{"count":0,"href":"https:\/\/diariodominicano.com\/index.php?rest_route=\/wp\/v2\/posts\/191573\/revisions"}],"wp:attachment":[{"href":"https:\/\/diariodominicano.com\/index.php?rest_route=%2Fwp%2Fv2%2Fmedia&parent=191573"}],"wp:term":[{"taxonomy":"category","embeddable":true,"href":"https:\/\/diariodominicano.com\/index.php?rest_route=%2Fwp%2Fv2%2Fcategories&post=191573"},{"taxonomy":"post_tag","embeddable":true,"href":"https:\/\/diariodominicano.com\/index.php?rest_route=%2Fwp%2Fv2%2Ftags&post=191573"}],"curies":[{"name":"wp","href":"https:\/\/api.w.org\/{rel}","templated":true}]}}