{"id":191572,"date":"2008-01-20T20:00:40","date_gmt":"2008-01-20T20:00:40","guid":{"rendered":"http:\/\/diariodominicano.ddns.net\/?p=191572"},"modified":"2008-01-20T20:00:40","modified_gmt":"2008-01-20T20:00:40","slug":"larrain-gobernar-para-la-concertacion-es-hacer-campana","status":"publish","type":"post","link":"https:\/\/diariodominicano.com\/?p=191572","title":{"rendered":"Larra\u00edn: \u00abGobernar para la Concertaci\u00f3n es hacer campa\u00f1a\u00bb"},"content":{"rendered":"<p><body><\/p>\n<h1 class=\"titulogrande1\">Larra\u00edn: \u00abGobernar para la Concertaci\u00f3n es hacer campa\u00f1a\u00bb<\/h1>\n<p>&#13;<\/p>\n<p align=\"justify\"><strong>El presidente de la UDI  critic\u00f3 la publicaci\u00f3n del peri\u00f3dico oficialista Chile Contigo y el incremento  en el n\u00famero de asesores comunicacionales que trabajan en reparticiones  p\u00fablicas.<\/strong><\/p>\n<p>&#13;<\/p>\n<p align=\"justify\" class=\"text1noticias\"><strong>SANTIAGO, Chile.- <\/strong>El presidente de la UDI, <strong>Hern\u00e1n Larra\u00edn<\/strong>,\u00a0 cuestion\u00f3 la difusi\u00f3n del peri\u00f3dico  oficialista Chile Contigo.<br \/>&#13;<br \/>\n  <br \/>&#13;<br \/>\n  El timonel gremialista dijo que \u00abgobernar para la Concertaci\u00f3n es hacer  campa\u00f1a\u00bb y expres\u00f3 su preocupaci\u00f3n por el fuerte incremento de asesores comunicacionales  que trabajan en reparticiones p\u00fablicas que en los \u00faltimos cinco a\u00f1os han  aumentado de 225 a  316.<br \/>&#13;<br \/>\n  <br \/>&#13;<br \/>\n  Al respecto, Larra\u00edn, junto al diputado <strong>Rodrigo Alvarez<\/strong>,  comunicaron que en marzo pr\u00f3ximo se presentar\u00e1 un proyecto de ley para que se  regulen las actividades publicitarias que puede hacer el gobierno. Seg\u00fan el  senador UDI \u00aba la   Concertaci\u00f3n no le interesa la producci\u00f3n, sino que s\u00f3lo el  marketing\u00bb.<br \/>&#13;<br \/>\n  <br \/>&#13;<br \/>\n  El suplemento Chile Contigo tendr\u00e1 un tiraje de 200 mil ejemplares, 20 mil  de los cuales se distribuir\u00e1n a trav\u00e9s de la edici\u00f3n dominical de La Naci\u00f3n y otros 180 mil a  trav\u00e9s de distintos lugares de atenci\u00f3n a p\u00fablico en regiones.<br \/>&#13;<br \/>\n  <br \/>&#13;<br \/>\n  La elaboraci\u00f3n de los contenidos estar\u00e1 a cargo de profesionales de la Secretar\u00eda de  Comunicaciones (Secom) y se contar\u00e1 con el apoyo de un periodista externo.<br \/>&#13;<br \/>\n  <br \/>&#13;<br \/>\n  Gustavo Aguilar\/La Tercera<\/p>\n<p>&#13;<\/p>\n<h6> 2008-01-20 20:00:40 <\/h6>\n<p><!--\n<link rel=\"stylesheet\" href=\"css\/bootstrap.min.css\">\n\n\n<ul class=\"pagination\">\n\t    \n\t\n\n<li >\n\t<a href='?page_no=34319'>Previous<\/a>\n\t<\/li>\n\n\n       \n    \n\n<li><a href='?page_no=1'>1<\/a><\/li>\n\n\n\n<li><a href='?page_no=2'>2<\/a><\/li>\n\n\n\n<li><a>...<\/a><\/li>\n\n\n\n<li><a href='?page_no=34318'>34318<\/a><\/li>\n\n\n\n<li><a href='?page_no=34319'>34319<\/a><\/li>\n\n\n\n<li class='active'><a>34320<\/a><\/li>\n\n\n\n<li><a href='?page_no=34321'>34321<\/a><\/li>\n\n\n\n<li><a href='?page_no=34322'>34322<\/a><\/li>\n\n\n\n<li><a>...<\/a><\/li>\n\n\n\n<li><a href='?page_no=36999'>36999<\/a><\/li>\n\n\n\n<li><a href='?page_no=37000'>37000<\/a><\/li>\n\n    \n\t\n\n<li >\n\t<a href='?page_no=34321'>Next<\/a>\n\t<\/li>\n\n\n    \n\n<li><a href='?page_no=37000'>Last &rsaquo;&rsaquo;<\/a><\/li>\n\n<\/ul>\n\n\n--><br \/>\n<\/body><\/p>\n","protected":false},"excerpt":{"rendered":"<p>Larra\u00edn: \u00abGobernar para la Concertaci\u00f3n es hacer campa\u00f1a\u00bb &#13; El presidente de la UDI critic\u00f3 la publicaci\u00f3n del peri\u00f3dico oficialista Chile Contigo y el incremento en el n\u00famero de asesores comunicacionales que trabajan en reparticiones p\u00fablicas. &#13; SANTIAGO, Chile.- El presidente de la UDI, Hern\u00e1n Larra\u00edn,\u00a0 cuestion\u00f3 la difusi\u00f3n del peri\u00f3dico oficialista Chile Contigo.&#13; &#13; [&hellip;]<\/p>\n","protected":false},"author":3,"featured_media":0,"comment_status":"open","ping_status":"open","sticky":false,"template":"","format":"standard","meta":{"footnotes":""},"categories":[22],"tags":[],"class_list":["post-191572","post","type-post","status-publish","format-standard","hentry","category-politica"],"_links":{"self":[{"href":"https:\/\/diariodominicano.com\/index.php?rest_route=\/wp\/v2\/posts\/191572","targetHints":{"allow":["GET"]}}],"collection":[{"href":"https:\/\/diariodominicano.com\/index.php?rest_route=\/wp\/v2\/posts"}],"about":[{"href":"https:\/\/diariodominicano.com\/index.php?rest_route=\/wp\/v2\/types\/post"}],"author":[{"embeddable":true,"href":"https:\/\/diariodominicano.com\/index.php?rest_route=\/wp\/v2\/users\/3"}],"replies":[{"embeddable":true,"href":"https:\/\/diariodominicano.com\/index.php?rest_route=%2Fwp%2Fv2%2Fcomments&post=191572"}],"version-history":[{"count":0,"href":"https:\/\/diariodominicano.com\/index.php?rest_route=\/wp\/v2\/posts\/191572\/revisions"}],"wp:attachment":[{"href":"https:\/\/diariodominicano.com\/index.php?rest_route=%2Fwp%2Fv2%2Fmedia&parent=191572"}],"wp:term":[{"taxonomy":"category","embeddable":true,"href":"https:\/\/diariodominicano.com\/index.php?rest_route=%2Fwp%2Fv2%2Fcategories&post=191572"},{"taxonomy":"post_tag","embeddable":true,"href":"https:\/\/diariodominicano.com\/index.php?rest_route=%2Fwp%2Fv2%2Ftags&post=191572"}],"curies":[{"name":"wp","href":"https:\/\/api.w.org\/{rel}","templated":true}]}}