{"id":191571,"date":"2008-01-20T20:03:36","date_gmt":"2008-01-20T20:03:36","guid":{"rendered":"http:\/\/diariodominicano.ddns.net\/?p=191571"},"modified":"2008-01-20T20:03:36","modified_gmt":"2008-01-20T20:03:36","slug":"un-atacante-suicida-mata-a-seis-personas-en-la-provincia-iraqui-de-anbar","status":"publish","type":"post","link":"https:\/\/diariodominicano.com\/?p=191571","title":{"rendered":"Un atacante suicida mata a seis personas en la provincia iraqu\u00ed de Anbar"},"content":{"rendered":"<p><body><\/p>\n<p align=\"justify\"><strong class=\"titulogrande1\">Un atacante  suicida mata a seis personas en la provincia iraqu\u00ed de Anbar<\/strong><br \/>&#13;<br \/>\n  <br \/>&#13;<br \/>\n    <strong>Uno de los fallecidos  es un miembro de una tribu \u00e1rabe sun\u00ed que combate a Al Qaeda en esa regi\u00f3n <\/strong><\/p>\n<p>&#13;<\/p>\n<p align=\"justify\" class=\"text1noticias\"><strong>TALUVA.- <\/strong>Al menos seis personas han muerto hoy, entre ellos el  miembro de una tribu \u00e1rabe sun\u00ed que combat\u00eda a militantes de Al Qaeda, luego  que un atacante suicida hizo estallar los explosivos que llevaba en la  provincia de Anbar, en el oeste de Irak.<br \/>&#13;<br \/>\n  <br \/>&#13;<br \/>\n  El ataque es el segundo que se ha registrado en varios d\u00edas en  Anbar, donde la violencia ha ca\u00eddo notablemente despu\u00e9s de que las tribus  locales se unieran con las fuerzas estadounidenses para expulsar a los  islamistas sun\u00edes de Al Qaeda fuera de esa regi\u00f3n.<br \/>&#13;<br \/>\n  <br \/>&#13;<br \/>\n  Un testigo ha dicho que el atacante parec\u00eda ser un adolescente,  que entr\u00f3 en una casa donde se realizaba una celebraci\u00f3n familiar llevando  dulces y luego hizo detonar los explosivos que llevaba consigo.<br \/>&#13;<br \/>\n  <br \/>&#13;<br \/>\n  Fuentes hospitalarias han informado de que adem\u00e1s hay 10  personas heridas por la explosi\u00f3n.<br \/>&#13;<br \/>\n  <br \/>&#13;<br \/>\n  Los militares estadounidenses han advertido de que Al Qaeda  tratar\u00e1 de regresar a Anbar. Las tribus \u00e1rabes sun\u00edes se rebelaron contra Al  Qaeda en Irak por sus ataques indiscriminados contra civiles y las duras  interpretaciones del Islam.<br \/>&#13;<br \/>\n  <br \/>&#13;<br \/>\n  <strong>REUTERS<\/strong> &#8211; Faluya &#8211; 20\/01\/2008 <\/p>\n<p>&#13;<\/p>\n<h6> 2008-01-20 20:03:36 <\/h6>\n<p><!--\n<link rel=\"stylesheet\" href=\"css\/bootstrap.min.css\">\n\n\n<ul class=\"pagination\">\n\t    \n\t\n\n<li >\n\t<a href='?page_no=34318'>Previous<\/a>\n\t<\/li>\n\n\n       \n    \n\n<li><a href='?page_no=1'>1<\/a><\/li>\n\n\n\n<li><a href='?page_no=2'>2<\/a><\/li>\n\n\n\n<li><a>...<\/a><\/li>\n\n\n\n<li><a href='?page_no=34317'>34317<\/a><\/li>\n\n\n\n<li><a href='?page_no=34318'>34318<\/a><\/li>\n\n\n\n<li class='active'><a>34319<\/a><\/li>\n\n\n\n<li><a href='?page_no=34320'>34320<\/a><\/li>\n\n\n\n<li><a href='?page_no=34321'>34321<\/a><\/li>\n\n\n\n<li><a>...<\/a><\/li>\n\n\n\n<li><a href='?page_no=36999'>36999<\/a><\/li>\n\n\n\n<li><a href='?page_no=37000'>37000<\/a><\/li>\n\n    \n\t\n\n<li >\n\t<a href='?page_no=34320'>Next<\/a>\n\t<\/li>\n\n\n    \n\n<li><a href='?page_no=37000'>Last &rsaquo;&rsaquo;<\/a><\/li>\n\n<\/ul>\n\n\n--><br \/>\n<\/body><\/p>\n","protected":false},"excerpt":{"rendered":"<p>Un atacante suicida mata a seis personas en la provincia iraqu\u00ed de Anbar&#13; &#13; Uno de los fallecidos es un miembro de una tribu \u00e1rabe sun\u00ed que combate a Al Qaeda en esa regi\u00f3n &#13; TALUVA.- Al menos seis personas han muerto hoy, entre ellos el miembro de una tribu \u00e1rabe sun\u00ed que combat\u00eda a [&hellip;]<\/p>\n","protected":false},"author":3,"featured_media":0,"comment_status":"open","ping_status":"open","sticky":false,"template":"","format":"standard","meta":{"footnotes":""},"categories":[22],"tags":[],"class_list":["post-191571","post","type-post","status-publish","format-standard","hentry","category-politica"],"_links":{"self":[{"href":"https:\/\/diariodominicano.com\/index.php?rest_route=\/wp\/v2\/posts\/191571","targetHints":{"allow":["GET"]}}],"collection":[{"href":"https:\/\/diariodominicano.com\/index.php?rest_route=\/wp\/v2\/posts"}],"about":[{"href":"https:\/\/diariodominicano.com\/index.php?rest_route=\/wp\/v2\/types\/post"}],"author":[{"embeddable":true,"href":"https:\/\/diariodominicano.com\/index.php?rest_route=\/wp\/v2\/users\/3"}],"replies":[{"embeddable":true,"href":"https:\/\/diariodominicano.com\/index.php?rest_route=%2Fwp%2Fv2%2Fcomments&post=191571"}],"version-history":[{"count":0,"href":"https:\/\/diariodominicano.com\/index.php?rest_route=\/wp\/v2\/posts\/191571\/revisions"}],"wp:attachment":[{"href":"https:\/\/diariodominicano.com\/index.php?rest_route=%2Fwp%2Fv2%2Fmedia&parent=191571"}],"wp:term":[{"taxonomy":"category","embeddable":true,"href":"https:\/\/diariodominicano.com\/index.php?rest_route=%2Fwp%2Fv2%2Fcategories&post=191571"},{"taxonomy":"post_tag","embeddable":true,"href":"https:\/\/diariodominicano.com\/index.php?rest_route=%2Fwp%2Fv2%2Ftags&post=191571"}],"curies":[{"name":"wp","href":"https:\/\/api.w.org\/{rel}","templated":true}]}}