{"id":191570,"date":"2008-01-20T21:08:24","date_gmt":"2008-01-20T21:08:24","guid":{"rendered":"http:\/\/diariodominicano.ddns.net\/?p=191570"},"modified":"2008-01-20T21:08:24","modified_gmt":"2008-01-20T21:08:24","slug":"gonzalez-espinosa-vaticina-victoria-de-leonel-fernandez-en-primera-vuelta","status":"publish","type":"post","link":"https:\/\/diariodominicano.com\/?p=191570","title":{"rendered":"Gonz\u00e1lez Espinosa vaticina victoria de Leonel Fern\u00e1ndez en primera vuelta"},"content":{"rendered":"<p><body><\/p>\n<p align=\"justify\" class=\"titulogrande1\"><strong>Gonz\u00e1lez  Espinosa vaticina victoria de Leonel Fern\u00e1ndez en primera vuelta <\/strong><strong> <\/strong><\/p>\n<p>&#13;<\/p>\n<p align=\"justify\" class=\"text1noticias\"><strong><img loading=\"lazy\" decoding=\"async\" src=\"http:\/\/localhost:8080\/pictures\/gonzalez espinosa.jpg\" width=\"269\" height=\"264\" hspace=\"4\" align=\"left\" \/>AZUA.-<\/strong> El  presidente del Partido de los Trabajadores Dominicanos PTD, Jos\u00e9 Gonz\u00e1lez  Espinosa, vaticin\u00f3 el triunfo del doctor Leonel Fern\u00e1ndez Reyna, candidato del  PLD y el Bloque Progresista en las elecciones del 16 de mayo pr\u00f3ximo en la  primera vuelta, debido a que la historia del pa\u00eds en materia electoral expresa  esa realidad.  <\/p>\n<p>&#13;<\/p>\n<p align=\"justify\" class=\"text1noticias\">El Secretario  de Estado y Director Ejecutivo de PROCOMUNIDAD expres\u00f3 esas consideraciones en  el acto de juramentaci\u00f3n del comando de campa\u00f1a del PTD en esta provincia en la  que exhort\u00f3, sin embargo, a los dirigentes de su partido a trabajar para  obtener una mayor cantidad de votos como si Fern\u00e1ndez Reyna estuviese en el  tercer lugar de la preferencia del electorado.  <\/p>\n<p>&#13;<\/p>\n<p align=\"justify\" class=\"text1noticias\">El ex senador  de la provincia de Barahona, Gonz\u00e1lez Espinosa, dijo que a lo largo de toda la  historia del pa\u00eds lo que ha ocurrido ha sido de que: \u00abquien lleg\u00f3 en enero  con un porcentaje de un 15%, con 16% o con 4, 5 y 6 puntos por encima, la  experiencia nos dice que ese es quien gana las elecciones\u00bb, lo que a su  juicio es el fen\u00f3meno que ocurre con el doctor Fern\u00e1ndez Reyna. \u00a0\u00a0 <\/p>\n<p>&#13;<\/p>\n<p align=\"justify\" class=\"text1noticias\">Dijo que el  dedo sobre la llaga de esa realidad la ha puesto Bernardo Vega quien en un  an\u00e1lisis de nueve encuesta que se han realizado en el pa\u00eds el candidato del  Partido de la   Liberaci\u00f3n Dominicana, de los Trabajadores Dominicanos y las  dem\u00e1s organizaciones del Bloque Progresista ha ganado en 8 con m\u00e1s de 10 puntos  por encima de su m\u00e1s cercano contendor.  <\/p>\n<p>&#13;<\/p>\n<p align=\"justify\" class=\"text1noticias\">\u00abNo hay  posibilidad de que esa realidad cambie, es posible que cambie un poquito, pero  el candidato m\u00e1s cercano, Miguel Vargas, no ha logrado superar los 33 puntos,  entonces despu\u00e9s de un a\u00f1o de mantenerse estancado con una votaci\u00f3n menor a la  obtenida por Hip\u00f3lito Mej\u00eda, quien obtuvo pr\u00e1cticamente un 34%, no es posible  por m\u00e1s MVP o por m\u00e1s esperanza que diga traer\u00e1 en caso de ganar, no puede  desmontar una cuenta tan alta que tiene el presiente Leonel Fern\u00e1ndez  Reyna\u00bb, observ\u00f3.  <\/p>\n<p>&#13;<\/p>\n<p align=\"justify\" class=\"text1noticias\">Otro  elemento, que a juicio del dirigente pol\u00edtico, es negativo para la candidatura  PRD \u2013 PPH es que carga con los pesarosos 4 a\u00f1os, sobre todo, los dos \u00faltimos  dos a\u00f1os, que constituy\u00f3 la gesti\u00f3n del presidente Mej\u00eda en la que en el pa\u00eds  se perdieron todas las esperanzas y que se viene rescatando con la llegada de  Fern\u00e1ndez Reyna a la presidencia en agosto del 2004.  <\/p>\n<p>&#13;<\/p>\n<p align=\"justify\" class=\"text1noticias\">Jos\u00e9 Gonz\u00e1lez  Espinosa, al dejar juramentado en la direcci\u00f3n del comando de campa\u00f1a del PTD  en esta provincia de Azua de Compostela al profesor y regidor por el  ayuntamiento, licenciado Benjam\u00edn Caminero, asegur\u00f3 que la candidatura  oficialista no tiene ning\u00fan obst\u00e1culo para retener el poder, pues tanto Miguel  Vargas Maldonado como Amable Aristy Castro, representan el atraso, la  corrupci\u00f3n y el desorden por el que ha transitado la Rep\u00fablica Dominicana  cuando a sus respectivos partidos le ha tocado dirigir los destinos nacionales. \u00a0\u00a0<\/p>\n<p>&#13;<\/p>\n<h6> 2008-01-20 21:08:24 <\/h6>\n<p><!--\n<link rel=\"stylesheet\" href=\"css\/bootstrap.min.css\">\n\n\n<ul class=\"pagination\">\n\t    \n\t\n\n<li >\n\t<a href='?page_no=34317'>Previous<\/a>\n\t<\/li>\n\n\n       \n    \n\n<li><a href='?page_no=1'>1<\/a><\/li>\n\n\n\n<li><a href='?page_no=2'>2<\/a><\/li>\n\n\n\n<li><a>...<\/a><\/li>\n\n\n\n<li><a href='?page_no=34316'>34316<\/a><\/li>\n\n\n\n<li><a href='?page_no=34317'>34317<\/a><\/li>\n\n\n\n<li class='active'><a>34318<\/a><\/li>\n\n\n\n<li><a href='?page_no=34319'>34319<\/a><\/li>\n\n\n\n<li><a href='?page_no=34320'>34320<\/a><\/li>\n\n\n\n<li><a>...<\/a><\/li>\n\n\n\n<li><a href='?page_no=36999'>36999<\/a><\/li>\n\n\n\n<li><a href='?page_no=37000'>37000<\/a><\/li>\n\n    \n\t\n\n<li >\n\t<a href='?page_no=34319'>Next<\/a>\n\t<\/li>\n\n\n    \n\n<li><a href='?page_no=37000'>Last &rsaquo;&rsaquo;<\/a><\/li>\n\n<\/ul>\n\n\n--><br \/>\n<\/body><\/p>\n","protected":false},"excerpt":{"rendered":"<p>Gonz\u00e1lez Espinosa vaticina victoria de Leonel Fern\u00e1ndez en primera vuelta &#13; AZUA.- El presidente del Partido de los Trabajadores Dominicanos PTD, Jos\u00e9 Gonz\u00e1lez Espinosa, vaticin\u00f3 el triunfo del doctor Leonel Fern\u00e1ndez Reyna, candidato del PLD y el Bloque Progresista en las elecciones del 16 de mayo pr\u00f3ximo en la primera vuelta, debido a que la [&hellip;]<\/p>\n","protected":false},"author":3,"featured_media":0,"comment_status":"open","ping_status":"open","sticky":false,"template":"","format":"standard","meta":{"footnotes":""},"categories":[22],"tags":[],"class_list":["post-191570","post","type-post","status-publish","format-standard","hentry","category-politica"],"_links":{"self":[{"href":"https:\/\/diariodominicano.com\/index.php?rest_route=\/wp\/v2\/posts\/191570","targetHints":{"allow":["GET"]}}],"collection":[{"href":"https:\/\/diariodominicano.com\/index.php?rest_route=\/wp\/v2\/posts"}],"about":[{"href":"https:\/\/diariodominicano.com\/index.php?rest_route=\/wp\/v2\/types\/post"}],"author":[{"embeddable":true,"href":"https:\/\/diariodominicano.com\/index.php?rest_route=\/wp\/v2\/users\/3"}],"replies":[{"embeddable":true,"href":"https:\/\/diariodominicano.com\/index.php?rest_route=%2Fwp%2Fv2%2Fcomments&post=191570"}],"version-history":[{"count":0,"href":"https:\/\/diariodominicano.com\/index.php?rest_route=\/wp\/v2\/posts\/191570\/revisions"}],"wp:attachment":[{"href":"https:\/\/diariodominicano.com\/index.php?rest_route=%2Fwp%2Fv2%2Fmedia&parent=191570"}],"wp:term":[{"taxonomy":"category","embeddable":true,"href":"https:\/\/diariodominicano.com\/index.php?rest_route=%2Fwp%2Fv2%2Fcategories&post=191570"},{"taxonomy":"post_tag","embeddable":true,"href":"https:\/\/diariodominicano.com\/index.php?rest_route=%2Fwp%2Fv2%2Ftags&post=191570"}],"curies":[{"name":"wp","href":"https:\/\/api.w.org\/{rel}","templated":true}]}}