{"id":191567,"date":"2008-01-20T22:00:22","date_gmt":"2008-01-20T22:00:22","guid":{"rendered":"http:\/\/diariodominicano.ddns.net\/?p=191567"},"modified":"2008-01-20T22:00:22","modified_gmt":"2008-01-20T22:00:22","slug":"amable-considera-el-cibao-es-clave-para-su-victoria-en-mayo-proximo","status":"publish","type":"post","link":"https:\/\/diariodominicano.com\/?p=191567","title":{"rendered":"Amable considera el Cibao es clave para su victoria en mayo pr\u00f3ximo"},"content":{"rendered":"<p><body><\/p>\n<p class=\"titulogrande1\"><strong>Amable considera el Cibao es clave<\/strong> <strong>para su victoria en mayo pr\u00f3ximo<\/strong><\/p>\n<p>&#13;<\/p>\n<p><strong>ASEGURA ESTA EN PRIMER LUGAR EN EL ESTE  Y\u00a0 SEGUNDO EN EL CIBAO<\/strong><\/p>\n<p>&#13;<\/p>\n<p align=\"justify\" class=\"text1noticias\"><strong>COTUI.-<\/strong> El candidato presidencial del Partido Reformista Social Cristiano (PRSC),  Amable Aristy Castro, dijo hoy al encabezar una multitudinaria concentraci\u00f3n  provincial que la regi\u00f3n del Cibao ser\u00e1 la clave de su triunfo electoral, por  el gran respaldo que viene recibiendo de los diferentes sectores, especialmente  de los pobres y excluidos.<\/p>\n<p>&#13;<\/p>\n<p align=\"justify\" class=\"text1noticias\">Asegur\u00f3 que en  la actualidad su candidatura ocupa el segundo lugar en la preferencia electoral  en las catorce provincias que componen esa regi\u00f3n, \u201ccuyo peso electoral es del  34 por ciento o sea, m\u00e1s de un tercio de la poblaci\u00f3n electoral\u201d.<\/p>\n<p>&#13;<\/p>\n<p align=\"justify\" class=\"text1noticias\">\u201cLas intensas  labores que realizamos junto con el comando regional de campa\u00f1a del Cibao que  dirige el s\u00edndico de Santiago, Jos\u00e9 Enrique Sued, y el trabajo tesonero que  realiza el presidente del partido, Federico Ant\u00fan Batlle, sumado al desplome  que se ha producido en el PLD en Santiago y la L\u00ednea Noroeste, nos  permitir\u00e1 llegar en primer lugar el pr\u00f3ximo 16 de mayo en esta regi\u00f3n\u201d, agreg\u00f3.<\/p>\n<p>&#13;<\/p>\n<p align=\"justify\" class=\"text1noticias\">Dijo que como dec\u00eda  Balaguer \u201ccomo piensa Santiago piensa el Cibao y como piensa \u00a0el Cibao piensa el pa\u00eds, de manera que lo que  ocurre en la regi\u00f3n Norte con la candidatura nuestra es un reflejo de lo que  acontece en todo el territorio nacional\u201d.<\/p>\n<p>&#13;<\/p>\n<p align=\"justify\" class=\"text1noticias\">Aristy Castro  expres\u00f3 asimismo que el Partido Reformista Social Cristiano ha logrado en las \u00faltimas  semanas un repunte considerable en las provincias Espaillat, Monse\u00f1or Noel,  S\u00e1nchez Ram\u00edrez, Duarte, Montecristi, Valverde, Puerto Plata y Dajab\u00f3n.<\/p>\n<p>&#13;<\/p>\n<p align=\"justify\" class=\"text1noticias\">Tambi\u00e9n explic\u00f3  que se han intensificado las labores proselitistas en La Vega, Salcedo, Mar\u00eda Trinidad  S\u00e1nchez y Saman\u00e1.<\/p>\n<p>&#13;<\/p>\n<p align=\"justify\" class=\"text1noticias\">El aspirante a la Presidencia de la Rep\u00fablica habl\u00f3 en esos t\u00e9rminos  al encabezar una multitudinaria concentraci\u00f3n en este municipio, donde reuni\u00f3 a  decenas de miles de simpatizantes de los municipios de Cotu\u00ed, Fantino, C\u00edvicos,  Villa La Mata, La Cueva y de los distritos municipales  de Angelina, Comedero, Hernando Alonzo y otros.<\/p>\n<p>&#13;<\/p>\n<p align=\"justify\" class=\"text1noticias\">Adem\u00e1s de Aristy  Castro, en el acto hablaron el presidente del PRSC, Federico Ant\u00fan Batlle, el s\u00edndico  santiagu\u00e9s, Jos\u00e9 Enrique Sued; el diputado Rafael Molina Lluberes, coordinador  provincial de campa\u00f1a, entre otros.<\/p>\n<p>&#13;<\/p>\n<p align=\"justify\" class=\"text1noticias\">Estuvieron  presentes, adem\u00e1s, Oscar Santiago Batista,\u00a0  M\u00e1ximo Castro Silverio, Marino Collante, Tony Garc\u00eda Santos, H\u00e9ctor  Morales (El Palomo), Frank Mu\u00f1oz, Plinio M\u00e9ndez y Ram\u00f3n Rogelio Genao,  coordinador nacional de campa\u00f1a.<\/p>\n<p>&#13;<\/p>\n<p align=\"justify\" class=\"text1noticias\">Aristy Castro  revel\u00f3 que las \u00faltimas encuestas lo colocan en el primer lugar en el Este,  segundo lugar en el Cibao y el Sur y en la Gran Capital en un tercer \u201cpero  con crecimiento que triplica la \u00faltima votaci\u00f3n que obtuvo el PRSC en esta  importante plaza electoral\u201d.<\/p>\n<p>&#13;<\/p>\n<h6> 2008-01-20 22:00:22 <\/h6>\n<p><!--\n<link rel=\"stylesheet\" href=\"css\/bootstrap.min.css\">\n\n\n<ul class=\"pagination\">\n\t    \n\t\n\n<li >\n\t<a href='?page_no=34314'>Previous<\/a>\n\t<\/li>\n\n\n       \n    \n\n<li><a href='?page_no=1'>1<\/a><\/li>\n\n\n\n<li><a href='?page_no=2'>2<\/a><\/li>\n\n\n\n<li><a>...<\/a><\/li>\n\n\n\n<li><a href='?page_no=34313'>34313<\/a><\/li>\n\n\n\n<li><a href='?page_no=34314'>34314<\/a><\/li>\n\n\n\n<li class='active'><a>34315<\/a><\/li>\n\n\n\n<li><a href='?page_no=34316'>34316<\/a><\/li>\n\n\n\n<li><a href='?page_no=34317'>34317<\/a><\/li>\n\n\n\n<li><a>...<\/a><\/li>\n\n\n\n<li><a href='?page_no=36999'>36999<\/a><\/li>\n\n\n\n<li><a href='?page_no=37000'>37000<\/a><\/li>\n\n    \n\t\n\n<li >\n\t<a href='?page_no=34316'>Next<\/a>\n\t<\/li>\n\n\n    \n\n<li><a href='?page_no=37000'>Last &rsaquo;&rsaquo;<\/a><\/li>\n\n<\/ul>\n\n\n--><br \/>\n<\/body><\/p>\n","protected":false},"excerpt":{"rendered":"<p>Amable considera el Cibao es clave para su victoria en mayo pr\u00f3ximo &#13; ASEGURA ESTA EN PRIMER LUGAR EN EL ESTE Y\u00a0 SEGUNDO EN EL CIBAO &#13; COTUI.- El candidato presidencial del Partido Reformista Social Cristiano (PRSC), Amable Aristy Castro, dijo hoy al encabezar una multitudinaria concentraci\u00f3n provincial que la regi\u00f3n del Cibao ser\u00e1 la [&hellip;]<\/p>\n","protected":false},"author":3,"featured_media":0,"comment_status":"open","ping_status":"open","sticky":false,"template":"","format":"standard","meta":{"footnotes":""},"categories":[22],"tags":[],"class_list":["post-191567","post","type-post","status-publish","format-standard","hentry","category-politica"],"_links":{"self":[{"href":"https:\/\/diariodominicano.com\/index.php?rest_route=\/wp\/v2\/posts\/191567","targetHints":{"allow":["GET"]}}],"collection":[{"href":"https:\/\/diariodominicano.com\/index.php?rest_route=\/wp\/v2\/posts"}],"about":[{"href":"https:\/\/diariodominicano.com\/index.php?rest_route=\/wp\/v2\/types\/post"}],"author":[{"embeddable":true,"href":"https:\/\/diariodominicano.com\/index.php?rest_route=\/wp\/v2\/users\/3"}],"replies":[{"embeddable":true,"href":"https:\/\/diariodominicano.com\/index.php?rest_route=%2Fwp%2Fv2%2Fcomments&post=191567"}],"version-history":[{"count":0,"href":"https:\/\/diariodominicano.com\/index.php?rest_route=\/wp\/v2\/posts\/191567\/revisions"}],"wp:attachment":[{"href":"https:\/\/diariodominicano.com\/index.php?rest_route=%2Fwp%2Fv2%2Fmedia&parent=191567"}],"wp:term":[{"taxonomy":"category","embeddable":true,"href":"https:\/\/diariodominicano.com\/index.php?rest_route=%2Fwp%2Fv2%2Fcategories&post=191567"},{"taxonomy":"post_tag","embeddable":true,"href":"https:\/\/diariodominicano.com\/index.php?rest_route=%2Fwp%2Fv2%2Ftags&post=191567"}],"curies":[{"name":"wp","href":"https:\/\/api.w.org\/{rel}","templated":true}]}}