{"id":191564,"date":"2008-01-20T23:38:13","date_gmt":"2008-01-20T23:38:13","guid":{"rendered":"http:\/\/diariodominicano.ddns.net\/?p=191564"},"modified":"2008-01-20T23:38:13","modified_gmt":"2008-01-20T23:38:13","slug":"eduardo-emplaza-al-presidente-a-prestar-atencion-al-sector-avicola-nacional","status":"publish","type":"post","link":"https:\/\/diariodominicano.com\/?p=191564","title":{"rendered":"Eduardo emplaza al Presidente a prestar atenci\u00f3n al Sector Av\u00edcola Nacional."},"content":{"rendered":"<p><body><\/p>\n<p align=\"justify\" class=\"titulogrande1\"><strong>Eduardo  emplaza al Presidente a prestar atenci\u00f3n al Sector Av\u00edcola Nacional<\/strong><\/p>\n<p>&#13;<\/p>\n<p align=\"justify\" class=\"text1noticias\"><strong><img loading=\"lazy\" decoding=\"async\" src=\"http:\/\/localhost:8080\/pictures\/eduardo estrella y.jpg\" width=\"269\" height=\"183\" hspace=\"4\" align=\"left\" \/>Santo Domingo.-<\/strong> El candidato presidencial de la Cuarta V\u00eda, Eduardo  Estrella, emplazo al presidente de la Republica y a los funcionarios del gobierno  a prestar mayor atenci\u00f3n al sector av\u00edcola nacional, en especial a los  productores de pollos y huevos.\u00bbSi Leonel Fern\u00e1ndez tiene la voluntad de  llevar la soluci\u00f3n a nuestros productores nacionales, debe tomar de inmediato,  de manera administrativa, las medidas que logren aminorar los efectos de la  crisis, entre ellas sugerimos la eliminaci\u00f3n del 1.5% de anticipo, conceder  pr\u00e9stamos del Banco Agr\u00edcola a una tasa de un 6% y bajar los precios del  gasoil\u00bb, declar\u00f3 Eduardo.<\/p>\n<p>&#13;<\/p>\n<p align=\"justify\" class=\"text1noticias\">Eduardo solicit\u00f3 el apoyo de la poblaci\u00f3n dominicana para  la industria av\u00edcola nacional, a la que defini\u00f3 como un sector productivo muy  responsable que pese a las dificultades para su funcionamiento, se esfuerza  cada d\u00eda para garantizar el abastecimiento de carne de pollo y huevos, alimentos  b\u00e1sicos en la dieta diaria de la gran mayor\u00eda de dominicanos. <\/p>\n<p>&#13;<\/p>\n<p align=\"justify\" class=\"text1noticias\">\u00abEl sector av\u00edcola nacional\u00a0 es un \u00e1rea  de vital importancia\u00a0\u00a0 para la alimentaci\u00f3n del pueblo dominicano, en especial los  pobres; adem\u00e1s es un sector que le economiza divisas al pa\u00eds, porque nos  economiza d\u00f3lares si tuvi\u00e9ramos que importarlos y los genera cuando importamos  pollos y huevos al vecino pa\u00eds de Hait\u00ed, adem\u00e1s genera miles de empleos. <\/p>\n<p>&#13;<\/p>\n<p align=\"justify\" class=\"text1noticias\">El aspirante a la primera magistratura del Estado consider\u00f3  que aunque se debe continuar pendiente de los informes de las autoridades  nacionales, la poblaci\u00f3n puede reasumir sin temor su habitual consumo de carne  de pollo, luego de que se han dado todas las garant\u00edas de que el tipo de virus  de gripe aviar detectado recientemente en Higuey no representa ning\u00fan peligro  para los humanos. <\/p>\n<p>&#13;<\/p>\n<p align=\"justify\" class=\"text1noticias\">Dijo no tener dudas de que la industria av\u00edcola nacional ha  hecho los an\u00e1lisis pertinentes y ha tomado todas las precauciones hasta estar  totalmente segura de que el producto que despachan al mercado es completamente  acto para el consumo. <\/p>\n<p>&#13;<\/p>\n<p align=\"justify\" class=\"text1noticias\">Eduardo dijo que hace este llamado porque no es justo  permitir que se vaya a la quiebra un sector empresarial tan sacrificado como es  el av\u00edcola, que de las autoridades no prestar la atenci\u00f3n debida podr\u00eda  enfrentar graves problemas, al igual que el sector zonas francas. <\/p>\n<p>&#13;<\/p>\n<p align=\"justify\" class=\"text1noticias\">Agrego\u00a0 que pese a la falta de incentivos por parte del gobierno  para el desempe\u00f1o de su actividad, ha mantenido inalterable su compromiso de  garantizar el abastecimiento al mercado garantizando as\u00ed que la carne de pollo  llegue cada d\u00eda a la mesa de las familias m\u00e1s necesitadas. <\/p>\n<p>&#13;<\/p>\n<p align=\"justify\" class=\"text1noticias\">\u00abEl sector av\u00edcola es una de las clases productoras  m\u00e1s responsables del pa\u00eds y han tomado todas las precauciones para servir a la  poblaci\u00f3n un producto libre de cualquier contaminaci\u00f3n, ellos merecen que se  reconozca su esfuerzo reasumiendo sin temor el consumo de huevos y de pollo,  aunque siempre deben de seguir pendiente de las recomendaciones de las  autoridades ante cualquier nueva eventualidad\u00bb, precis\u00f3 Eduardo Estrella. <\/p>\n<p>&#13;<\/p>\n<p align=\"justify\" class=\"text1noticias\">Dijo que en t\u00e9rminos personales, \u00e9l y su familia han  continuado habitualmente consumiendo estos productos porque conf\u00edan plenamente  en el cuidado y la responsabilidad de los hombres y mujeres que se dedican a  esta importante rama productiva, y que han mantenido inalterable su compromiso  de alimentar al pa\u00eds pese a que son castigados continuamente por los altos  impuestos en los insumos que utilizan para su actividad. <\/p>\n<p>&#13;<\/p>\n<p align=\"justify\" class=\"text1noticias\">El candidato presidencial de la Cuarta V\u00eda record\u00f3 que el actual  es un gobierno importador, y que si persisten el temor y el bajo consumo de la  poblaci\u00f3n, Leonel Fern\u00e1ndez y el Partido de la Liberaci\u00f3n Dominicana  aprovechar\u00e1n de inmediato la coyuntura para autorizar la importaci\u00f3n de carne  de pollo en beneficio de alguno de sus aliados pol\u00edticos, lo que desde su punto  de vista ser\u00eda el golpe de gracia al poco protegido sector av\u00edcola, adem\u00e1s de  que se propiciar\u00eda un incremento en el d\u00e9ficit de la balanza de pago, en  desmedro de la econom\u00eda nacional. <\/p>\n<p>&#13;<\/p>\n<p align=\"justify\" class=\"text1noticias\">Eduardo enfatiz\u00f3 en que debe realizarse de manera inmediata  una siembra masiva\u00a0 de sorgo y ma\u00edz, para as\u00ed abaratar los costos de  importaci\u00f3n de las materias primas, que inciden en m\u00e1s de un 75% en el precio  final del pollo y el huevo. <\/p>\n<p>&#13;<\/p>\n<p align=\"justify\" class=\"text1noticias\">\u00abEl presidente de la republica y sus funcionarios  deben salir p\u00fablicamente comiendo pollo, llevando as\u00ed un mensaje de que en e  pa\u00eds no hay ning\u00fan tipo de riesgo con la gripe aviar\u00bb, agreg\u00f3. Durante el  recorrido por los sectores Sabana P\u00e9rdida, Villa Mella, Lotes y Servicios, Santa  Cruz y otros, el candidato presidencial y su comitiva hicieron una parada en un  comedor popular y todos consumieron pollos, como una se\u00f1al de confianza en el  sector productor av\u00edcola nacional. <\/p>\n<p>&#13;<\/p>\n<p align=\"justify\" class=\"text1noticias\">En el casa a casa, Eduardo Estrella estuvo acompa\u00f1ado por  Hatuey De Camps, presidente del Partido Revolucionario Social Dem\u00f3crata, Amadeo  Lorenzo, Director de Organizaci\u00f3n de la Campa\u00f1a, Manuel Romero (Machito),  Gerardo Rodr\u00edguez, Alejandro Correa, Rafael Rodr\u00edguez, Altagracia Coronado  altos dirigentes del movimiento Dominicanos por el Cambio y otros importantes  dirigentes de los partidos Humanista Dominicano, de Veteranos y Civiles y del  movimiento FRENO, todos miembros \u00a0\u00a0de la coalici\u00f3n la Cuarta V\u00eda.<\/p>\n<p>&#13;<\/p>\n<h6> 2008-01-20 23:38:13 <\/h6>\n<p><!--\n<link rel=\"stylesheet\" href=\"css\/bootstrap.min.css\">\n\n\n<ul class=\"pagination\">\n\t    \n\t\n\n<li >\n\t<a href='?page_no=34311'>Previous<\/a>\n\t<\/li>\n\n\n       \n    \n\n<li><a href='?page_no=1'>1<\/a><\/li>\n\n\n\n<li><a href='?page_no=2'>2<\/a><\/li>\n\n\n\n<li><a>...<\/a><\/li>\n\n\n\n<li><a href='?page_no=34310'>34310<\/a><\/li>\n\n\n\n<li><a href='?page_no=34311'>34311<\/a><\/li>\n\n\n\n<li class='active'><a>34312<\/a><\/li>\n\n\n\n<li><a href='?page_no=34313'>34313<\/a><\/li>\n\n\n\n<li><a href='?page_no=34314'>34314<\/a><\/li>\n\n\n\n<li><a>...<\/a><\/li>\n\n\n\n<li><a href='?page_no=36999'>36999<\/a><\/li>\n\n\n\n<li><a href='?page_no=37000'>37000<\/a><\/li>\n\n    \n\t\n\n<li >\n\t<a href='?page_no=34313'>Next<\/a>\n\t<\/li>\n\n\n    \n\n<li><a href='?page_no=37000'>Last &rsaquo;&rsaquo;<\/a><\/li>\n\n<\/ul>\n\n\n--><br \/>\n<\/body><\/p>\n","protected":false},"excerpt":{"rendered":"<p>Eduardo emplaza al Presidente a prestar atenci\u00f3n al Sector Av\u00edcola Nacional &#13; Santo Domingo.- El candidato presidencial de la Cuarta V\u00eda, Eduardo Estrella, emplazo al presidente de la Republica y a los funcionarios del gobierno a prestar mayor atenci\u00f3n al sector av\u00edcola nacional, en especial a los productores de pollos y huevos.\u00bbSi Leonel Fern\u00e1ndez tiene [&hellip;]<\/p>\n","protected":false},"author":3,"featured_media":0,"comment_status":"open","ping_status":"open","sticky":false,"template":"","format":"standard","meta":{"footnotes":""},"categories":[22],"tags":[],"class_list":["post-191564","post","type-post","status-publish","format-standard","hentry","category-politica"],"_links":{"self":[{"href":"https:\/\/diariodominicano.com\/index.php?rest_route=\/wp\/v2\/posts\/191564","targetHints":{"allow":["GET"]}}],"collection":[{"href":"https:\/\/diariodominicano.com\/index.php?rest_route=\/wp\/v2\/posts"}],"about":[{"href":"https:\/\/diariodominicano.com\/index.php?rest_route=\/wp\/v2\/types\/post"}],"author":[{"embeddable":true,"href":"https:\/\/diariodominicano.com\/index.php?rest_route=\/wp\/v2\/users\/3"}],"replies":[{"embeddable":true,"href":"https:\/\/diariodominicano.com\/index.php?rest_route=%2Fwp%2Fv2%2Fcomments&post=191564"}],"version-history":[{"count":0,"href":"https:\/\/diariodominicano.com\/index.php?rest_route=\/wp\/v2\/posts\/191564\/revisions"}],"wp:attachment":[{"href":"https:\/\/diariodominicano.com\/index.php?rest_route=%2Fwp%2Fv2%2Fmedia&parent=191564"}],"wp:term":[{"taxonomy":"category","embeddable":true,"href":"https:\/\/diariodominicano.com\/index.php?rest_route=%2Fwp%2Fv2%2Fcategories&post=191564"},{"taxonomy":"post_tag","embeddable":true,"href":"https:\/\/diariodominicano.com\/index.php?rest_route=%2Fwp%2Fv2%2Ftags&post=191564"}],"curies":[{"name":"wp","href":"https:\/\/api.w.org\/{rel}","templated":true}]}}