{"id":191563,"date":"2008-01-21T00:12:08","date_gmt":"2008-01-21T00:12:08","guid":{"rendered":"http:\/\/diariodominicano.ddns.net\/?p=191563"},"modified":"2008-01-21T00:12:08","modified_gmt":"2008-01-21T00:12:08","slug":"leonel-fernandez-ganara-con-voto-del-sur","status":"publish","type":"post","link":"https:\/\/diariodominicano.com\/?p=191563","title":{"rendered":"Leonel Fern\u00e1ndez ganar\u00e1 con voto del Sur"},"content":{"rendered":"<p><body><\/p>\n<p align=\"justify\"><span class=\"titulogrande1\">Leonel Fern\u00e1ndez ganar\u00e1 con voto del Sur<\/span><br \/>&#13;<br \/>\n  <br \/>&#13;<br \/>\n    <span class=\"text1noticias\"><strong><img loading=\"lazy\" decoding=\"async\" src=\"http:\/\/localhost:8080\/pictures\/leonel sur pic.jpg\" width=\"269\" height=\"186\" hspace=\"4\" align=\"left\" \/>Santo Domingo.-<\/strong> Comparando el pobre respaldo a las  actividades al PRD-PPH en la v\u00edspera con la gran manifestaci\u00f3n favorable al PLD  en San Crist\u00f3bal, Azua y Ban\u00ed del fin de semana, el coordinador general de  campa\u00f1a del partido morado, <strong>Francisco  Javier Garc\u00eda<\/strong>, dijo que la misma constituye un anticipo de \u00abla  paliza\u00bb que recibir\u00e1n los pepehachistas el 16 de mayo, a quienes aconsej\u00f3  retirarse de la contienda electoral. <\/span><\/p>\n<p>&#13;<\/p>\n<p align=\"justify\" class=\"text1noticias\">\u00abEsto  que estamos viendo aqu\u00ed es el preludio de la gran victoria electoral que  obtendr\u00e1 el Presidente Leonel Fern\u00e1ndez el pr\u00f3ximo 16 de mayo, y la paliza, la  gran pela, que le vamos a dar al candidato del Partido Revolucionario  Dominicano\u00bb, subray\u00f3 Garc\u00eda al concluir el recorrido en Ban\u00ed y que rese\u00f1a la Secretar\u00eda de  Comunicaciones del PLD. <\/p>\n<p>&#13;<\/p>\n<p align=\"justify\" class=\"text1noticias\"> Entrevistado  por comunicadores que cubrieron la marcha-caravana de Ban\u00ed, Francisco Javier  Garc\u00eda insisti\u00f3 en las evasivas del referido candidato para explicar c\u00f3mo logr\u00f3  amasar una inmensa fortuna en el gobierno de Hip\u00f3lito Mej\u00eda en el que fue  Secretario de Obras P\u00fablicas y responsable financiero de las maniobras buscando  perpetuarse en el poder m\u00e1s all\u00e1 del 2004. <\/p>\n<p>&#13;<\/p>\n<p align=\"justify\" class=\"text1noticias\"> Llam\u00f3  la atenci\u00f3n sobre la declaraci\u00f3n jurada de bienes del referido candidato  pepehachista-perredeista fijada para el 2000 en 119 millones de pesos y ahora  ostenta una villa en La Romana  tasada sobre los 800 millones. <\/p>\n<p>&#13;<\/p>\n<p align=\"justify\" class=\"text1noticias\">\u00abSi  el PRD tuviera verg\u00fcenza deber\u00eda retirar su candidato, pero como no lo quiere  retirar el pueblo dominicano le va a propinar una tremenda paliza, una  verdadera zurra el 16 de mayo en las urnas\u00bb, <br \/>&#13;<br \/>\n  <br \/>&#13;<br \/>\nDijo  que en su amplia experiencia al frente de campa\u00f1as electorales nunca hab\u00eda  notado tan gran entusiasmo como el que concita la candidatura del presidente  del PLD y de la Rep\u00fablica,  doctor Leonel Fern\u00e1ndez; manifestando que las marchas-caravanas realizadas en  el cercano Sur tienen todas las caracter\u00edsticas de un cierre de campa\u00f1a. <\/p>\n<p>&#13;<\/p>\n<p align=\"justify\" class=\"text1noticias\">\u00abTodo  esto es el resultado de la alta simpat\u00eda que tiene el Partido de la Liberaci\u00f3n Dominicana  en toda la regi\u00f3n Sur, cuya adhesi\u00f3n las encuestas registran en niveles  pr\u00f3ximos y superiores al 60 por ciento\u00bb, afirmo el coordinador general del  Comit\u00e9 Nacional de Campa\u00f1a del PLD. <\/p>\n<p>&#13;<\/p>\n<p align=\"justify\" class=\"text1noticias\"> El  presidente lleg\u00f3 a Ban\u00ed procedente de Azua a las 5:15 minutos de la tarde, en  donde la multitud le esperaba a la entrada del municipio desde donde inici\u00f3 el  recorrido por las calles de ese municipio cabecera. <\/p>\n<p>&#13;<\/p>\n<p align=\"justify\" class=\"text1noticias\"> El  candidato peledeista y Jefe de Estado recorri\u00f3 los barrios Brisas de Gu\u00e1suma,  Los Cajuilitos, los Barracones, La   Saona, Pueblo Nuevo, 24 de Abril, Los Combatientes, Villa  Maguega, en un trayecto de unos siete kil\u00f3metros de extensi\u00f3n. <\/p>\n<p>&#13;<\/p>\n<p align=\"justify\" class=\"text1noticias\"> Desde  el vehiculo en marcha el presidente Leonel Fern\u00e1ndez respond\u00eda los saludos de  los habitantes de los barrios visitados, quienes manifestaron adhesi\u00f3n con la  propuesta peledeista. <\/p>\n<p>&#13;<\/p>\n<p align=\"justify\" class=\"text1noticias\"> Adem\u00e1s  del color morado y la estrella amarilla del PLD ondearon tambi\u00e9n los colores de  los partidos aliados y de los movimientos de apoyo a la candidatura del  presidente Leonel Fern\u00e1ndez. <\/p>\n<p>&#13;<\/p>\n<p align=\"justify\" class=\"text1noticias\"> Ban\u00ed  fue la tercera movilizaci\u00f3n realizada por el Comit\u00e9 Nacional de Campa\u00f1a del PLD  en el fin de semana. El viernes en la tarde se realiz\u00f3 una contundente marcha  en San Crist\u00f3bal, y antes de Ban\u00ed se realiz\u00f3 una multitudinaria marcha en Azua. <\/p>\n<p>&#13;<\/p>\n<p align=\"justify\" class=\"text1noticias\"> Del  equipo nacional de campa\u00f1a hicieron compa\u00f1\u00eda al Presidente Leonel Fern\u00e1ndez en  su marcha por Ban\u00ed, Francisco Javier Garc\u00eda, coordinador general, V\u00edctor D\u00edaz  R\u00faa, Jos\u00e9 Ram\u00f3n Fadul, F\u00e9lix Bautista y Ram\u00f3n Rivas. <br \/>&#13;<br \/>\n\u00a0\u00a0\u00a0\u00a0\u00a0\u00a0\u00a0\u00a0\u00a0\u00a0\u00a0\u00a0\u00a0\u00a0\u00a0 <br \/>&#13;<br \/>\n Los  dirigentes peledeistas de Ban\u00ed, encabezados por el Senador, Wilton Guerrero,  esperaron al Presidente Leonel Fern\u00e1ndez y en representaci\u00f3n del Comit\u00e9 de  Campa\u00f1a, recorriendo entonces todo el municipio. <br \/>&#13;<br \/>\n<br \/>&#13;<br \/>\nTambi\u00e9n  estuvieron Guaroa Guzm\u00e1n, Sim\u00f3n Lizardo, Omar Ram\u00edrez, el gobernador Bienvenido  Montero y los diputados Licelot Arias y Milc\u00edades Franjul. <\/p>\n<p>&#13;<\/p>\n<p align=\"justify\" class=\"text1noticias\">\u00abAfuera  est\u00e1n y afuera se quedaran\u00bb era la consigna que repet\u00eda insistentemente la  multitud que acompa\u00f1\u00f3 al Presidente Leonel Fern\u00e1ndez en su recorrido, mientras  bailaba las propuestas musicales del PLD. <\/p>\n<p>&#13;<\/p>\n<p align=\"justify\" class=\"text1noticias\"> Una  cadena radial a cargo de la   Secretar\u00eda de Comunicaciones del PLD describ\u00eda para los  oyentes el recorrido realizado tanto en Azua como en Ban\u00ed. <\/p>\n<p>&#13;<\/p>\n<p align=\"justify\" class=\"text1noticias\"> La  actividad concluy\u00f3 ya entrada la noche mientras el pueblo se qued\u00f3 en las  calles bailando y celebrando el \u00e9xito de la actividad. <\/p>\n<p>&#13;<\/p>\n<h6> 2008-01-21 00:12:08 <\/h6>\n<p><!--\n<link rel=\"stylesheet\" href=\"css\/bootstrap.min.css\">\n\n\n<ul class=\"pagination\">\n\t    \n\t\n\n<li >\n\t<a href='?page_no=34310'>Previous<\/a>\n\t<\/li>\n\n\n       \n    \n\n<li><a href='?page_no=1'>1<\/a><\/li>\n\n\n\n<li><a href='?page_no=2'>2<\/a><\/li>\n\n\n\n<li><a>...<\/a><\/li>\n\n\n\n<li><a href='?page_no=34309'>34309<\/a><\/li>\n\n\n\n<li><a href='?page_no=34310'>34310<\/a><\/li>\n\n\n\n<li class='active'><a>34311<\/a><\/li>\n\n\n\n<li><a href='?page_no=34312'>34312<\/a><\/li>\n\n\n\n<li><a href='?page_no=34313'>34313<\/a><\/li>\n\n\n\n<li><a>...<\/a><\/li>\n\n\n\n<li><a href='?page_no=36999'>36999<\/a><\/li>\n\n\n\n<li><a href='?page_no=37000'>37000<\/a><\/li>\n\n    \n\t\n\n<li >\n\t<a href='?page_no=34312'>Next<\/a>\n\t<\/li>\n\n\n    \n\n<li><a href='?page_no=37000'>Last &rsaquo;&rsaquo;<\/a><\/li>\n\n<\/ul>\n\n\n--><br \/>\n<\/body><\/p>\n","protected":false},"excerpt":{"rendered":"<p>Leonel Fern\u00e1ndez ganar\u00e1 con voto del Sur&#13; &#13; Santo Domingo.- Comparando el pobre respaldo a las actividades al PRD-PPH en la v\u00edspera con la gran manifestaci\u00f3n favorable al PLD en San Crist\u00f3bal, Azua y Ban\u00ed del fin de semana, el coordinador general de campa\u00f1a del partido morado, Francisco Javier Garc\u00eda, dijo que la misma constituye [&hellip;]<\/p>\n","protected":false},"author":3,"featured_media":0,"comment_status":"open","ping_status":"open","sticky":false,"template":"","format":"standard","meta":{"footnotes":""},"categories":[22],"tags":[],"class_list":["post-191563","post","type-post","status-publish","format-standard","hentry","category-politica"],"_links":{"self":[{"href":"https:\/\/diariodominicano.com\/index.php?rest_route=\/wp\/v2\/posts\/191563","targetHints":{"allow":["GET"]}}],"collection":[{"href":"https:\/\/diariodominicano.com\/index.php?rest_route=\/wp\/v2\/posts"}],"about":[{"href":"https:\/\/diariodominicano.com\/index.php?rest_route=\/wp\/v2\/types\/post"}],"author":[{"embeddable":true,"href":"https:\/\/diariodominicano.com\/index.php?rest_route=\/wp\/v2\/users\/3"}],"replies":[{"embeddable":true,"href":"https:\/\/diariodominicano.com\/index.php?rest_route=%2Fwp%2Fv2%2Fcomments&post=191563"}],"version-history":[{"count":0,"href":"https:\/\/diariodominicano.com\/index.php?rest_route=\/wp\/v2\/posts\/191563\/revisions"}],"wp:attachment":[{"href":"https:\/\/diariodominicano.com\/index.php?rest_route=%2Fwp%2Fv2%2Fmedia&parent=191563"}],"wp:term":[{"taxonomy":"category","embeddable":true,"href":"https:\/\/diariodominicano.com\/index.php?rest_route=%2Fwp%2Fv2%2Fcategories&post=191563"},{"taxonomy":"post_tag","embeddable":true,"href":"https:\/\/diariodominicano.com\/index.php?rest_route=%2Fwp%2Fv2%2Ftags&post=191563"}],"curies":[{"name":"wp","href":"https:\/\/api.w.org\/{rel}","templated":true}]}}