{"id":191562,"date":"2008-01-21T17:02:36","date_gmt":"2008-01-21T17:02:36","guid":{"rendered":"http:\/\/diariodominicano.ddns.net\/?p=191562"},"modified":"2008-01-21T17:02:36","modified_gmt":"2008-01-21T17:02:36","slug":"inauguran-local-sector-externo-con-leonel","status":"publish","type":"post","link":"https:\/\/diariodominicano.com\/?p=191562","title":{"rendered":"Inauguran Local Sector Externo con Leonel"},"content":{"rendered":"<p><body><\/p>\n<p align=\"center\" class=\"titulogrande1\"><strong>Inauguran Local Sector Externo con Leonel <\/strong><\/p>\n<p>&#13;<\/p>\n<p align=\"justify\" class=\"text1noticias\"><strong><img loading=\"lazy\" decoding=\"async\" src=\"http:\/\/localhost:8080\/pictures\/local sector externo leonel.jpg\" width=\"269\" height=\"153\" hspace=\"4\" align=\"left\" \/>Santo Domingo.-<\/strong> La   Comisi\u00f3n Nacional  del Sector Externo con Leonel (CONASEL) celebrar\u00e1 este martes 22 de enero a las  5:00 de la tarde un multitudinario acto de inauguraci\u00f3n de su sede nacional.  Este local est\u00e1 ubicado en la Ave. Abraham Lincoln casi esquina 27 de Febrero.  El acto ser\u00e1 presidido por el Presidente de la Rep\u00fablica, Dr. Leonel Fern\u00e1ndez  Reyna. <\/p>\n<p>&#13;<\/p>\n<p align=\"justify\" class=\"text1noticias\">La informaci\u00f3n fue ofrecida por el Director de Comunicaciones del Sector  Externo con Leonel, Lic. Roberto Obando Prestol, quien explic\u00f3 que la sede de  la CONASEL servir\u00e1 como punto de encuentro para las labores de organizaci\u00f3n y  planificaci\u00f3n de los movimientos de apoyo a la candidatura del Presidente  Leonel Fern\u00e1ndez.<\/p>\n<p>&#13;<\/p>\n<p align=\"justify\" class=\"text1noticias\">Al encuentro han sido invitados m\u00e1s de 400 coordinadores generales  provenientes de los respectivos movimientos de apoyo al candidato del PLD. Adicionalmente,  cientos de simpatizantes se dar\u00e1n cita para este importante evento.<\/p>\n<p>&#13;<\/p>\n<p align=\"justify\" class=\"text1noticias\">Los movimientos del sector externo con Leonel est\u00e1n integrados y repartidos  en todo el territorio nacional, aglutinando a dirigentes comunitarios,  empresariales, profesionales, j\u00f3venes, amas de casa, comerciantes y del sector  agropecuario, que respaldan al Presidente Fern\u00e1ndez, pero que hasta el momento  no se han inscrito en el Partido de la Liberaci\u00f3n Dominicana. <\/p>\n<p>&#13;<\/p>\n<p align=\"justify\" class=\"text1noticias\">El Coordinador de la CONASEL, Arq. Joaqu\u00edn Ger\u00f3nimo, dijo que esta entidad  tiene como misi\u00f3n coordinar los trabajos de los movimientos de apoyo para  contribuir con un (1) mill\u00f3n de votos a la candidatura del Presidente Leonel  Fern\u00e1ndez y as\u00ed garantizar su victoria con un porcentaje aproximado al 60% en  las pr\u00f3ximas elecciones de mayo.<\/p>\n<p>&#13;<\/p>\n<p align=\"justify\" class=\"text1noticias\">El encuentro estar\u00e1 amenizado por distintos grupos musicales, de merengue y  bachata, y ser\u00e1n lanzados fuegos artificiales al finalizar el mismo. <\/p>\n<p>&#13;<\/p>\n<p align=\"center\">\u00a0<\/p>\n<p>&#13;<\/p>\n<p>\u00a0<\/p>\n<p>&#13;<\/p>\n<p align=\"center\">\u00a0<\/p>\n<p>&#13;<\/p>\n<h6> 2008-01-21 17:02:36 <\/h6>\n<p><!--\n<link rel=\"stylesheet\" href=\"css\/bootstrap.min.css\">\n\n\n<ul class=\"pagination\">\n\t    \n\t\n\n<li >\n\t<a href='?page_no=34309'>Previous<\/a>\n\t<\/li>\n\n\n       \n    \n\n<li><a href='?page_no=1'>1<\/a><\/li>\n\n\n\n<li><a href='?page_no=2'>2<\/a><\/li>\n\n\n\n<li><a>...<\/a><\/li>\n\n\n\n<li><a href='?page_no=34308'>34308<\/a><\/li>\n\n\n\n<li><a href='?page_no=34309'>34309<\/a><\/li>\n\n\n\n<li class='active'><a>34310<\/a><\/li>\n\n\n\n<li><a href='?page_no=34311'>34311<\/a><\/li>\n\n\n\n<li><a href='?page_no=34312'>34312<\/a><\/li>\n\n\n\n<li><a>...<\/a><\/li>\n\n\n\n<li><a href='?page_no=36999'>36999<\/a><\/li>\n\n\n\n<li><a href='?page_no=37000'>37000<\/a><\/li>\n\n    \n\t\n\n<li >\n\t<a href='?page_no=34311'>Next<\/a>\n\t<\/li>\n\n\n    \n\n<li><a href='?page_no=37000'>Last &rsaquo;&rsaquo;<\/a><\/li>\n\n<\/ul>\n\n\n--><br \/>\n<\/body><\/p>\n","protected":false},"excerpt":{"rendered":"<p>Inauguran Local Sector Externo con Leonel &#13; Santo Domingo.- La Comisi\u00f3n Nacional del Sector Externo con Leonel (CONASEL) celebrar\u00e1 este martes 22 de enero a las 5:00 de la tarde un multitudinario acto de inauguraci\u00f3n de su sede nacional. Este local est\u00e1 ubicado en la Ave. Abraham Lincoln casi esquina 27 de Febrero. El acto [&hellip;]<\/p>\n","protected":false},"author":3,"featured_media":0,"comment_status":"open","ping_status":"open","sticky":false,"template":"","format":"standard","meta":{"footnotes":""},"categories":[22],"tags":[],"class_list":["post-191562","post","type-post","status-publish","format-standard","hentry","category-politica"],"_links":{"self":[{"href":"https:\/\/diariodominicano.com\/index.php?rest_route=\/wp\/v2\/posts\/191562","targetHints":{"allow":["GET"]}}],"collection":[{"href":"https:\/\/diariodominicano.com\/index.php?rest_route=\/wp\/v2\/posts"}],"about":[{"href":"https:\/\/diariodominicano.com\/index.php?rest_route=\/wp\/v2\/types\/post"}],"author":[{"embeddable":true,"href":"https:\/\/diariodominicano.com\/index.php?rest_route=\/wp\/v2\/users\/3"}],"replies":[{"embeddable":true,"href":"https:\/\/diariodominicano.com\/index.php?rest_route=%2Fwp%2Fv2%2Fcomments&post=191562"}],"version-history":[{"count":0,"href":"https:\/\/diariodominicano.com\/index.php?rest_route=\/wp\/v2\/posts\/191562\/revisions"}],"wp:attachment":[{"href":"https:\/\/diariodominicano.com\/index.php?rest_route=%2Fwp%2Fv2%2Fmedia&parent=191562"}],"wp:term":[{"taxonomy":"category","embeddable":true,"href":"https:\/\/diariodominicano.com\/index.php?rest_route=%2Fwp%2Fv2%2Fcategories&post=191562"},{"taxonomy":"post_tag","embeddable":true,"href":"https:\/\/diariodominicano.com\/index.php?rest_route=%2Fwp%2Fv2%2Ftags&post=191562"}],"curies":[{"name":"wp","href":"https:\/\/api.w.org\/{rel}","templated":true}]}}