{"id":191561,"date":"2008-01-21T17:28:53","date_gmt":"2008-01-21T17:28:53","guid":{"rendered":"http:\/\/diariodominicano.ddns.net\/?p=191561"},"modified":"2008-01-21T17:28:53","modified_gmt":"2008-01-21T17:28:53","slug":"experto-en-transito-dependencias-estatales-deben-adquirir-autobuses-transporten-personal-y-clase-media-para-ahorrar-combustible-agilizar-vehiculos-y-descontaminar-ambiente","status":"publish","type":"post","link":"https:\/\/diariodominicano.com\/?p=191561","title":{"rendered":"Experto en tr\u00e1nsito \u00abdependencias estatales deben adquirir autobuses transporten personal y clase media para ahorrar combustible, agilizar veh\u00edculos y descontaminar ambiente"},"content":{"rendered":"<p><body><\/p>\n<p align=\"justify\" class=\"text1noticias\"><strong>Experto en tr\u00e1nsito \u00abdependencias estatales deben adquirir autobuses faciliten transporte a personal y clase media para ahorrar combustible,  agilizar tr\u00e1nsito y descontaminar ambiente<br \/>&#13;<br \/>\n  <br \/>&#13;<br \/>\n      <img loading=\"lazy\" decoding=\"async\" src=\"http:\/\/localhost:8080\/pictures\/ignacio ditren.jpg\" width=\"269\" height=\"309\" hspace=\"4\" align=\"left\" \/>Santo Domingo.- <\/strong>Un experto en materia de tr\u00e1nsito y transporte p\u00fablico, propuso que  todas las dependencias estatales adquieran autobuses para el transporte de su  personal, incluyendo el de clase media, con el prop\u00f3sito ahorrar combustibles,  descongestionar de veh\u00edculos la ciudad y ayudar a descontaminar el medio  ambiente. <br \/>&#13;<br \/>\n  <br \/>&#13;<br \/>\n El ingeniero <strong>Ignacio Ditr\u00e9n<\/strong>,  propuso de igual manera que se fomente nuevamente en el pa\u00eds el transporte  colectivo escolar como sucede en las principales ciudades de las grandes  naciones del mundo. <br \/>&#13;<br \/>\n <br \/>&#13;<br \/>\n El Secretario de Estado, enlace entre el Poder Ejecutivo y los  Ayuntamientos del pa\u00eds, explic\u00f3 que la adquisici\u00f3n de guaguas por parte de las  instituciones del gobierno servir\u00eda de ejemplo e incentivo para que las  empresas privadas act\u00faen de igual manera y as\u00ed evitar el gran congestionamiento  vehicular por la salida y entrada a la misma ahora de todo el personal de  trabajo y escolar. <br \/>&#13;<br \/>\n <br \/>&#13;<br \/>\n Entre los beneficios que cit\u00f3 el tambi\u00e9n director de la Oficina Metropolitana  de Servicios de Autobuses (OMSA), est\u00e1 el descongestionamiento del transito  vehicular en Santo Domingo, mayormente en las llamadas horas pico, m\u00e1s  seguridad como medio de transporte contra los accidentes de transito, el gran  ahorro de combustibles, menor desgaste de los veh\u00edculos y, por consiguiente,  ahorros en compra de piezas de repuestos, menos utilidad de las zonas de  aparcamientos de las entidades y la descontaminaci\u00f3n del medio ambiente. <br \/>&#13;<br \/>\n <br \/>&#13;<br \/>\n En ese orden, el funcionario resalt\u00f3 que en transporte  colectivo escolar, da mayores seguridades a la ni\u00f1ez estudiantil dominicana,  ante los accidentes automovil\u00edsticos, causa menos estr\u00e9s a los padres que se  transportan en ocasiones fumando, desayun\u00e1ndose, maquill\u00e1ndose o hablando por  el celular, sobre aceleran \u00a0para llegar a tiempo  a las escuelas, colegios y lugares de trabajo y en ocasiones se descuidan al  volante, causando los accidentes y riesgos para ellos y para el menor a bordo. \u00a0\u00a0\u00a0\u00a0\u00a0\u00a0\u00a0\u00a0\u00a0\u00a0\u00a0\u00a0\u00a0\u00a0\u00a0\u00a0\u00a0\u00a0\u00a0\u00a0\u00a0\u00a0\u00a0\u00a0\u00a0\u00a0\u00a0\u00a0\u00a0\u00a0\u00a0\u00a0\u00a0\u00a0\u00a0\u00a0\u00a0\u00a0\u00a0\u00a0\u00a0\u00a0<br \/>&#13;\n<\/p>\n<p>&#13;<\/p>\n<p align=\"justify\" class=\"text1noticias\"><strong>Ditr\u00e9n pidi\u00f3 a los  funcionarios encargados de las diferentes carteras del Estado incluir en sus  presupuestos la compra de autobuses y dise\u00f1ar conjuntamente con sus empleados y  tecnicos rutas \u00a0adecuadas que beneficien con transporte a todo su  personal.<\/strong> <br \/>&#13;<br \/>\n  <br \/>&#13;<br \/>\n El experto en la materia ofreci\u00f3 los detalles en el marco de una  conferencia dictada con motivo de la celebraci\u00f3n de la Semana Internacional  de la Energ\u00eda,  con la participaci\u00f3n de cient\u00edficos internacionales, en el Sal\u00f3n la Fiesta del Hotel Jaragua,  sobre \u00a0\u201clos Avances Tecnol\u00f3gicos en la Energ\u00eda   Alternativa (aeolica, paneles solares, producci\u00f3n de etanol,  tecnolog\u00eda de gas natural, obtenci\u00f3n de  energ\u00eda a partir de los residuos s\u00f3lidos, eficiencia energ\u00e9tica en el uso del  transporte publico), patrocinada por varias instituciones a instancia de la Fundaci\u00f3n Global  Democr\u00e1tica (FUNGLODE). <br \/>&#13;<br \/>\n<br \/>&#13;<br \/>\nEn el c\u00f3nclave tambi\u00e9n se trat\u00f3 sobre Los aportes de la <strong>OMSA<\/strong> en las investigaciones sobre el uso del Biodisel, con el reciclaje del aceite  de cocinar utilizado por los hoteles y restaurante, el uso de sistema dual,  combinaci\u00f3n simult\u00e1nea diesel y GLP que permite compresi\u00f3n de aire disminuyendo  eficientemente el uso de ambos\u00a0 y obteni\u00e9ndose  una econom\u00eda significativa y emisiones gaseosas menos contaminantes para el  ambiente. <\/p>\n<p>&#13;<\/p>\n<h6> 2008-01-21 17:28:53 <\/h6>\n<p><!--\n<link rel=\"stylesheet\" href=\"css\/bootstrap.min.css\">\n\n\n<ul class=\"pagination\">\n\t    \n\t\n\n<li >\n\t<a href='?page_no=34308'>Previous<\/a>\n\t<\/li>\n\n\n       \n    \n\n<li><a href='?page_no=1'>1<\/a><\/li>\n\n\n\n<li><a href='?page_no=2'>2<\/a><\/li>\n\n\n\n<li><a>...<\/a><\/li>\n\n\n\n<li><a href='?page_no=34307'>34307<\/a><\/li>\n\n\n\n<li><a href='?page_no=34308'>34308<\/a><\/li>\n\n\n\n<li class='active'><a>34309<\/a><\/li>\n\n\n\n<li><a href='?page_no=34310'>34310<\/a><\/li>\n\n\n\n<li><a href='?page_no=34311'>34311<\/a><\/li>\n\n\n\n<li><a>...<\/a><\/li>\n\n\n\n<li><a href='?page_no=36999'>36999<\/a><\/li>\n\n\n\n<li><a href='?page_no=37000'>37000<\/a><\/li>\n\n    \n\t\n\n<li >\n\t<a href='?page_no=34310'>Next<\/a>\n\t<\/li>\n\n\n    \n\n<li><a href='?page_no=37000'>Last &rsaquo;&rsaquo;<\/a><\/li>\n\n<\/ul>\n\n\n--><br \/>\n<\/body><\/p>\n","protected":false},"excerpt":{"rendered":"<p>Experto en tr\u00e1nsito \u00abdependencias estatales deben adquirir autobuses faciliten transporte a personal y clase media para ahorrar combustible, agilizar tr\u00e1nsito y descontaminar ambiente&#13; &#13; Santo Domingo.- Un experto en materia de tr\u00e1nsito y transporte p\u00fablico, propuso que todas las dependencias estatales adquieran autobuses para el transporte de su personal, incluyendo el de clase media, con [&hellip;]<\/p>\n","protected":false},"author":3,"featured_media":0,"comment_status":"open","ping_status":"open","sticky":false,"template":"","format":"standard","meta":{"footnotes":""},"categories":[22],"tags":[],"class_list":["post-191561","post","type-post","status-publish","format-standard","hentry","category-politica"],"_links":{"self":[{"href":"https:\/\/diariodominicano.com\/index.php?rest_route=\/wp\/v2\/posts\/191561","targetHints":{"allow":["GET"]}}],"collection":[{"href":"https:\/\/diariodominicano.com\/index.php?rest_route=\/wp\/v2\/posts"}],"about":[{"href":"https:\/\/diariodominicano.com\/index.php?rest_route=\/wp\/v2\/types\/post"}],"author":[{"embeddable":true,"href":"https:\/\/diariodominicano.com\/index.php?rest_route=\/wp\/v2\/users\/3"}],"replies":[{"embeddable":true,"href":"https:\/\/diariodominicano.com\/index.php?rest_route=%2Fwp%2Fv2%2Fcomments&post=191561"}],"version-history":[{"count":0,"href":"https:\/\/diariodominicano.com\/index.php?rest_route=\/wp\/v2\/posts\/191561\/revisions"}],"wp:attachment":[{"href":"https:\/\/diariodominicano.com\/index.php?rest_route=%2Fwp%2Fv2%2Fmedia&parent=191561"}],"wp:term":[{"taxonomy":"category","embeddable":true,"href":"https:\/\/diariodominicano.com\/index.php?rest_route=%2Fwp%2Fv2%2Fcategories&post=191561"},{"taxonomy":"post_tag","embeddable":true,"href":"https:\/\/diariodominicano.com\/index.php?rest_route=%2Fwp%2Fv2%2Ftags&post=191561"}],"curies":[{"name":"wp","href":"https:\/\/api.w.org\/{rel}","templated":true}]}}