{"id":191559,"date":"2008-01-21T19:40:55","date_gmt":"2008-01-21T19:40:55","guid":{"rendered":"http:\/\/diariodominicano.ddns.net\/?p=191559"},"modified":"2008-01-21T19:40:55","modified_gmt":"2008-01-21T19:40:55","slug":"presidente-del-senado-asegura-proxima-legislatura-priorizara-proyectos-de-fortalecimiento-institucional","status":"publish","type":"post","link":"https:\/\/diariodominicano.com\/?p=191559","title":{"rendered":"Presidente del Senado asegura: Pr\u00f3xima legislatura priorizar\u00e1 proyectos de fortalecimiento institucional"},"content":{"rendered":"<p><body><\/p>\n<p align=\"justify\" class=\"titulogrande1\"><strong>Presidente  del Senado asegura: Pr\u00f3xima legislatura priorizar\u00e1 proyectos de fortalecimiento institucional<\/strong><\/p>\n<p>&#13;<\/p>\n<p align=\"justify\" class=\"text1noticias\"><strong><img loading=\"lazy\" decoding=\"async\" src=\"http:\/\/localhost:8080\/pictures\/senado operativo.jpg\" width=\"269\" height=\"181\" hspace=\"4\" align=\"left\" \/>SANTO DOMINGO.-<\/strong> El  presidente del Senado, Reinaldo Pared P\u00e9rez, declar\u00f3 que en la pr\u00f3xima  legislatura que inicia el 27 de febrero la C\u00e1mara Alta priorizar\u00e1 importantes  proyectos que tienen que ver con el fortalecimiento institucional.<\/p>\n<p>&#13;<\/p>\n<p align=\"justify\" class=\"text1noticias\">Indic\u00f3 que es partidario  de que el presidente Leonel Fern\u00e1ndez no convoque a una legislatura  extraordinaria, debido a que perimir\u00edan varios proyectos que pasaron a la C\u00e1mara de Diputados.<\/p>\n<p>&#13;<\/p>\n<p align=\"justify\" class=\"text1noticias\">&#13;<br \/>\nAl encabezar como senador  por el Distrito Nacional un operativo odontol\u00f3gico en el sector La Puya, con 27 especialistas de  Estados Unidos, record\u00f3 que las legislaturas extraordinarias conllevan per\u00edodos  de tiempo muy cortos.<\/p>\n<p>&#13;<\/p>\n<p align=\"justify\" class=\"text1noticias\">\u201cNosotros insistiremos en las leyes que tienen  que ver con el fortalecimiento institucional del pa\u00eds. <br \/>&#13;<br \/>\n  <br \/>&#13;<br \/>\nPongo como ejemplo el  proyecto que modifica el C\u00f3digo Monetario y Financiero, que est\u00e1 en estudio de la Comisi\u00f3n de Hacienda del  Senado\u201d, sostuvo.<\/p>\n<p>&#13;<\/p>\n<p align=\"justify\" class=\"text1noticias\">Agreg\u00f3 que las comisiones  permanentes de la C\u00e1mara   Alta desarrollan su trabajo con normalidad en el estudio de  las piezas pendientes de conocimiento en el Pleno.<\/p>\n<p>&#13;<\/p>\n<p align=\"justify\" class=\"text1noticias\"><strong>Operativo en La Puya<\/strong><\/p>\n<p>&#13;<\/p>\n<p align=\"justify\" class=\"text1noticias\">Unos 27 odont\u00f3logos de la Universidad de Utah,  Estados Unidos, ofrecieron asistencia dental gratuita en la escuela Profesor  Juan Bosch, del sector La Puya,  de Cristo Rey.<\/p>\n<p>&#13;<\/p>\n<p align=\"justify\" class=\"text1noticias\">Pared P\u00e9rez inform\u00f3 que a  trav\u00e9s de la   Oficina Senatorial del Distrito Nacional, se ofreci\u00f3  asistencia a los residentes en esta zona de la capital, en la continuaci\u00f3n de  varios operativos en distintos sectores de la demarcaci\u00f3n metropolitana.<\/p>\n<p>&#13;<\/p>\n<p align=\"justify\" class=\"text1noticias\">Afirm\u00f3 que como los  servicios odontol\u00f3gicos resultan muy costosos para las personas de escasos  recursos, a trav\u00e9s de su oficina senatorial los especialistas ofrecieron profilaxis,  restauraciones, endodoncia y reposiciones dentarias.<\/p>\n<p>&#13;<\/p>\n<p align=\"justify\" class=\"text1noticias\">El legislador tambi\u00e9n se  comprometi\u00f3 a canalizar ante las instituciones competentes, el pedido de  alumbrado y de abanicos de la escuela profesor Juan Bosch, as\u00ed como otros  reclamos que le hicieron dirigentes comunitarios de la zona.<\/p>\n<p>&#13;<\/p>\n<p align=\"justify\" class=\"text1noticias\">Inform\u00f3 que este martes un  operativo similar se realizar\u00e1 en la   Escuela 24 de Abril, del sector del mismo nombre, y el  mi\u00e9rcoles en la escuela V\u00edctor Garrido, del sector INVI, en el kil\u00f3metro 10 y  medio de la carretera S\u00e1nchez.<\/p>\n<p>&#13;<\/p>\n<p align=\"justify\" class=\"text1noticias\">Los operativos son  coordinados por el doctor Leonard Aste, catedr\u00e1tico de Utah, y el doctor Jos\u00e9  Salda\u00f1a y forman parte del programa de asistencia en salud desarrollada por la Oficina Senatorial  del Distrito Nacional.<\/p>\n<p>&#13;<\/p>\n<h6> 2008-01-21 19:40:55 <\/h6>\n<p><!--\n<link rel=\"stylesheet\" href=\"css\/bootstrap.min.css\">\n\n\n<ul class=\"pagination\">\n\t    \n\t\n\n<li >\n\t<a href='?page_no=34306'>Previous<\/a>\n\t<\/li>\n\n\n       \n    \n\n<li><a href='?page_no=1'>1<\/a><\/li>\n\n\n\n<li><a href='?page_no=2'>2<\/a><\/li>\n\n\n\n<li><a>...<\/a><\/li>\n\n\n\n<li><a href='?page_no=34305'>34305<\/a><\/li>\n\n\n\n<li><a href='?page_no=34306'>34306<\/a><\/li>\n\n\n\n<li class='active'><a>34307<\/a><\/li>\n\n\n\n<li><a href='?page_no=34308'>34308<\/a><\/li>\n\n\n\n<li><a href='?page_no=34309'>34309<\/a><\/li>\n\n\n\n<li><a>...<\/a><\/li>\n\n\n\n<li><a href='?page_no=36999'>36999<\/a><\/li>\n\n\n\n<li><a href='?page_no=37000'>37000<\/a><\/li>\n\n    \n\t\n\n<li >\n\t<a href='?page_no=34308'>Next<\/a>\n\t<\/li>\n\n\n    \n\n<li><a href='?page_no=37000'>Last &rsaquo;&rsaquo;<\/a><\/li>\n\n<\/ul>\n\n\n--><br \/>\n<\/body><\/p>\n","protected":false},"excerpt":{"rendered":"<p>Presidente del Senado asegura: Pr\u00f3xima legislatura priorizar\u00e1 proyectos de fortalecimiento institucional &#13; SANTO DOMINGO.- El presidente del Senado, Reinaldo Pared P\u00e9rez, declar\u00f3 que en la pr\u00f3xima legislatura que inicia el 27 de febrero la C\u00e1mara Alta priorizar\u00e1 importantes proyectos que tienen que ver con el fortalecimiento institucional. &#13; Indic\u00f3 que es partidario de que el [&hellip;]<\/p>\n","protected":false},"author":3,"featured_media":0,"comment_status":"open","ping_status":"open","sticky":false,"template":"","format":"standard","meta":{"footnotes":""},"categories":[22],"tags":[],"class_list":["post-191559","post","type-post","status-publish","format-standard","hentry","category-politica"],"_links":{"self":[{"href":"https:\/\/diariodominicano.com\/index.php?rest_route=\/wp\/v2\/posts\/191559","targetHints":{"allow":["GET"]}}],"collection":[{"href":"https:\/\/diariodominicano.com\/index.php?rest_route=\/wp\/v2\/posts"}],"about":[{"href":"https:\/\/diariodominicano.com\/index.php?rest_route=\/wp\/v2\/types\/post"}],"author":[{"embeddable":true,"href":"https:\/\/diariodominicano.com\/index.php?rest_route=\/wp\/v2\/users\/3"}],"replies":[{"embeddable":true,"href":"https:\/\/diariodominicano.com\/index.php?rest_route=%2Fwp%2Fv2%2Fcomments&post=191559"}],"version-history":[{"count":0,"href":"https:\/\/diariodominicano.com\/index.php?rest_route=\/wp\/v2\/posts\/191559\/revisions"}],"wp:attachment":[{"href":"https:\/\/diariodominicano.com\/index.php?rest_route=%2Fwp%2Fv2%2Fmedia&parent=191559"}],"wp:term":[{"taxonomy":"category","embeddable":true,"href":"https:\/\/diariodominicano.com\/index.php?rest_route=%2Fwp%2Fv2%2Fcategories&post=191559"},{"taxonomy":"post_tag","embeddable":true,"href":"https:\/\/diariodominicano.com\/index.php?rest_route=%2Fwp%2Fv2%2Ftags&post=191559"}],"curies":[{"name":"wp","href":"https:\/\/api.w.org\/{rel}","templated":true}]}}