{"id":191558,"date":"2008-01-21T19:49:30","date_gmt":"2008-01-21T19:49:30","guid":{"rendered":"http:\/\/diariodominicano.ddns.net\/?p=191558"},"modified":"2008-01-21T19:49:30","modified_gmt":"2008-01-21T19:49:30","slug":"puerto-rico-y-republica-dominicana-trabajaran-en-conjunto-por-unas-relaciones-comerciales-de-colaboracion","status":"publish","type":"post","link":"https:\/\/diariodominicano.com\/?p=191558","title":{"rendered":"Puerto Rico y Rep\u00fablica Dominicana trabajar\u00e1n en conjunto por unas relaciones comerciales de colaboraci\u00f3n"},"content":{"rendered":"<p><body><\/p>\n<p align=\"justify\" class=\"titulogrande1\"><strong>Puerto Rico y Rep\u00fablica  Dominicana trabajar\u00e1n en conjunto por unas relaciones comerciales de  colaboraci\u00f3n<\/strong><\/p>\n<p>&#13;<\/p>\n<p align=\"justify\" class=\"text1noticias\"><strong><img loading=\"lazy\" decoding=\"async\" src=\"http:\/\/localhost:8080\/pictures\/puerto rico rep dom.jpg\" width=\"269\" height=\"207\" hspace=\"4\" align=\"left\" \/>San Juan, Puerto Rico.- <\/strong>El Secretario de Estado  de Relaciones Exteriores, ingeniero Carlos Morales Troncoso, sostuvo un  encuentro aqu\u00ed con el secretario de Econom\u00eda y Comercio, el honorable Bartolom\u00e9  Gamundi-Cestero, donde acordaron la realizaci\u00f3n de una serie de acciones para  impulsar el desarrollo de las relaciones comerciales sobre la base la complementariedad  y el dise\u00f1o de estrategia de beneficio mutuo.<\/p>\n<p>&#13;<\/p>\n<p align=\"justify\" class=\"text1noticias\">Anunciaron que una de estas acciones, en lo  inmediato, ser\u00e1 la visita de Gamundi-Cesteros a Rep\u00fablica Dominicana para  llevar una invitaci\u00f3n de parte del gobernador de Puerto Rico, An\u00edbal Salvador Acevedo Vil\u00e1, para que el presidente Leonel Fern\u00e1ndez  realice una visita oficial a esta vecina isla borinque\u00f1a. <\/p>\n<p>&#13;<\/p>\n<p align=\"justify\" class=\"text1noticias\">Gamundi-Cestero destac\u00f3 el sentimiento en ambas  partes de que en estos momentos la colaboraci\u00f3n es m\u00e1s importante que la  competencia. \u201cLo que estamos buscando es una acci\u00f3n rec\u00edproca. El gobernador de  Puerto Rico est\u00e1 sumamente interesado en mantener unas relaciones con el  gobierno de RD tanto en el presente como en el futuro\u201d.<\/p>\n<p>&#13;<\/p>\n<p align=\"justify\" class=\"text1noticias\">El funcionario ponder\u00f3 las excelentes  oportunidades de asociaci\u00f3n econ\u00f3mica en \u00e1reas como turismo, manufactura,  servicios, tecnolog\u00eda y dise\u00f1o de textiles de alto nivel. \u201cLo que tenemos que  hacer verdaderamente es desarrollar la innovaci\u00f3n\u201d.<\/p>\n<p>&#13;<\/p>\n<p align=\"justify\" class=\"text1noticias\">Resaltaron que el volumen comercial entre Puerto  Rico y Rep\u00fablica Dominicana, sobrepasa los 1,500 millones de d\u00f3lares. \u201cSi  utilizamos correctamente todos estos mecanismos que tenemos, estoy seguro que  en menos de tres a\u00f1os estas cifras se pueden duplicar. Pero claro, tiene que  haber no solo voluntad pol\u00edtica sino tambi\u00e9n un compromiso y una b\u00fasqueda de  nuevas oportunidades de parte del sector empresarial\u201d, se\u00f1al\u00f3 Morales Troncoso.<\/p>\n<p>&#13;<\/p>\n<p align=\"justify\" class=\"text1noticias\">La clave del \u00e9xito de este panorama de oportunidades, se\u00f1alaron, est\u00e1 en  impulsar una poderosa  sociedad de emprendedores conformada por peque\u00f1os y medianos empresarios. \u201cPara  eso es necesario facilitar el costo de entrada al negocio, con dinero barato,  procesos burocr\u00e1ticos m\u00e1s eficientes y permisos r\u00e1pido\u201d, dijeron. <\/p>\n<p>&#13;<\/p>\n<p align=\"justify\" class=\"text1noticias\">Morales Troncoso explic\u00f3 que en los a\u00f1os 80  Rep\u00fablica Dominicana se benefici\u00f3 de Puerto Rico en base al sistema de las  plantas gemelas. \u201cActualmente ese sistema se est\u00e1 trasladando de Rep\u00fablica  Dominicana a Hait\u00ed, donde ya se han creado m\u00e1s de 5,000 empleos. La propuesta  actualmente es que se puede hacer una triangulaci\u00f3n en los sectores textiles,  de prendas de vestir y calzado\u201d.<\/p>\n<p>&#13;<\/p>\n<p align=\"justify\" class=\"text1noticias\">Destacaron, asimismo, la excelente oportunidad,  de cara a los mercados de Estados Unidos y Europa, de hacer una triangulaci\u00f3n Rep\u00fablica  Dominicana-Puerto Rico-Brazil en la industria del mueble, aprovechando las tecnolog\u00edas  brasile\u00f1a y puertorrique\u00f1a, conjuntamente con la mano de obra calificada  dominicana. <\/p>\n<p>&#13;<\/p>\n<p align=\"justify\" class=\"text1noticias\">Morales Troncoso asegur\u00f3 que este habr\u00e1 de ser  uno de los temas que se tratar\u00e1n durante la pr\u00f3xima visita tanto a Puerto Rico  como a RD, del presidente \u00a0de Brasil, Luiz In\u00e1cio Lula da  Silva, con motivo de la Cumbre de Presidentes de Grupo R\u00edo que tendr\u00e1 lugar en  Santo Domingo, el  pr\u00f3ximo mes de marzo. <\/p>\n<p>&#13;<\/p>\n<p align=\"justify\" class=\"text1noticias\">Aseguraron que lo que se debe hacer y lo que se  har\u00e1 es ver cu\u00e1les son las posibilidades competitivas que tiene cada pa\u00eds y  tratar de optimizarlas mir\u00e1ndolas en conjunto en vez de verlas en formas  separadas\u201d.<\/p>\n<p>&#13;<\/p>\n<h6> 2008-01-21 19:49:30 <\/h6>\n<p><!--\n<link rel=\"stylesheet\" href=\"css\/bootstrap.min.css\">\n\n\n<ul class=\"pagination\">\n\t    \n\t\n\n<li >\n\t<a href='?page_no=34305'>Previous<\/a>\n\t<\/li>\n\n\n       \n    \n\n<li><a href='?page_no=1'>1<\/a><\/li>\n\n\n\n<li><a href='?page_no=2'>2<\/a><\/li>\n\n\n\n<li><a>...<\/a><\/li>\n\n\n\n<li><a href='?page_no=34304'>34304<\/a><\/li>\n\n\n\n<li><a href='?page_no=34305'>34305<\/a><\/li>\n\n\n\n<li class='active'><a>34306<\/a><\/li>\n\n\n\n<li><a href='?page_no=34307'>34307<\/a><\/li>\n\n\n\n<li><a href='?page_no=34308'>34308<\/a><\/li>\n\n\n\n<li><a>...<\/a><\/li>\n\n\n\n<li><a href='?page_no=36999'>36999<\/a><\/li>\n\n\n\n<li><a href='?page_no=37000'>37000<\/a><\/li>\n\n    \n\t\n\n<li >\n\t<a href='?page_no=34307'>Next<\/a>\n\t<\/li>\n\n\n    \n\n<li><a href='?page_no=37000'>Last &rsaquo;&rsaquo;<\/a><\/li>\n\n<\/ul>\n\n\n--><br \/>\n<\/body><\/p>\n","protected":false},"excerpt":{"rendered":"<p>Puerto Rico y Rep\u00fablica Dominicana trabajar\u00e1n en conjunto por unas relaciones comerciales de colaboraci\u00f3n &#13; San Juan, Puerto Rico.- El Secretario de Estado de Relaciones Exteriores, ingeniero Carlos Morales Troncoso, sostuvo un encuentro aqu\u00ed con el secretario de Econom\u00eda y Comercio, el honorable Bartolom\u00e9 Gamundi-Cestero, donde acordaron la realizaci\u00f3n de una serie de acciones para [&hellip;]<\/p>\n","protected":false},"author":3,"featured_media":0,"comment_status":"open","ping_status":"open","sticky":false,"template":"","format":"standard","meta":{"footnotes":""},"categories":[22],"tags":[],"class_list":["post-191558","post","type-post","status-publish","format-standard","hentry","category-politica"],"_links":{"self":[{"href":"https:\/\/diariodominicano.com\/index.php?rest_route=\/wp\/v2\/posts\/191558","targetHints":{"allow":["GET"]}}],"collection":[{"href":"https:\/\/diariodominicano.com\/index.php?rest_route=\/wp\/v2\/posts"}],"about":[{"href":"https:\/\/diariodominicano.com\/index.php?rest_route=\/wp\/v2\/types\/post"}],"author":[{"embeddable":true,"href":"https:\/\/diariodominicano.com\/index.php?rest_route=\/wp\/v2\/users\/3"}],"replies":[{"embeddable":true,"href":"https:\/\/diariodominicano.com\/index.php?rest_route=%2Fwp%2Fv2%2Fcomments&post=191558"}],"version-history":[{"count":0,"href":"https:\/\/diariodominicano.com\/index.php?rest_route=\/wp\/v2\/posts\/191558\/revisions"}],"wp:attachment":[{"href":"https:\/\/diariodominicano.com\/index.php?rest_route=%2Fwp%2Fv2%2Fmedia&parent=191558"}],"wp:term":[{"taxonomy":"category","embeddable":true,"href":"https:\/\/diariodominicano.com\/index.php?rest_route=%2Fwp%2Fv2%2Fcategories&post=191558"},{"taxonomy":"post_tag","embeddable":true,"href":"https:\/\/diariodominicano.com\/index.php?rest_route=%2Fwp%2Fv2%2Ftags&post=191558"}],"curies":[{"name":"wp","href":"https:\/\/api.w.org\/{rel}","templated":true}]}}