{"id":191557,"date":"2008-01-21T20:01:36","date_gmt":"2008-01-21T20:01:36","guid":{"rendered":"http:\/\/diariodominicano.ddns.net\/?p=191557"},"modified":"2008-01-21T20:01:36","modified_gmt":"2008-01-21T20:01:36","slug":"johnny-ventura-afirma-no-se-integrara-a-campana-de-vargas-maldonado","status":"publish","type":"post","link":"https:\/\/diariodominicano.com\/?p=191557","title":{"rendered":"Johnny Ventura afirma no se integrar\u00e1 a campa\u00f1a de Vargas Maldonado"},"content":{"rendered":"<p><body><\/p>\n<p class=\"titulogrande1\">Johnny Ventura  afirma no se integrar\u00e1 a campa\u00f1a de Vargas Maldonado<\/p>\n<p>&#13;<\/p>\n<p align=\"justify\" class=\"text1noticias\"><strong>NUEVA YORK.-<\/strong> El  merenguero y ex s\u00edndico de Santo Domingo, Johnny Ventura, afirm\u00f3 que no se  integrar\u00e1 a la campa\u00f1a del Partido Revolucionario Dominicano, del cual es  dirigente,\u00a0 porque de hacerlo estar\u00eda  traicionando la memoria del extinto l\u00edder perrede\u00edsta Jos\u00e9 Francisco Pe\u00f1a  G\u00f3mez.<\/p>\n<p>&#13;<\/p>\n<p align=\"justify\" class=\"text1noticias\"> Ventura dijo que la candidatura de  Miguel Vargas Maldonado no representa el pensamiento ni lo que aspir\u00f3 el doctor  Pe\u00f1a G\u00f3mez, por lo cual no se siente representado en ese proyecto presidencial.<\/p>\n<p>&#13;<\/p>\n<p align=\"justify\" class=\"text1noticias\"> La leyenda musical dominicana  signific\u00f3 que todos los que se sienten pe\u00f1agomistas de coraz\u00f3n no est\u00e1n  entusiasmados con la candidatura de Vargas Maldonado, y m\u00e1s bien se sienten  traicionados.<\/p>\n<p>&#13;<\/p>\n<p align=\"justify\" class=\"text1noticias\">\u201cYo soy de los perrede\u00edstas que  estuvieron al lado de Pe\u00f1a G\u00f3mez durante 45 a\u00f1os y sigo al lado de Pe\u00f1a G\u00f3mez,  y si yo me integro a esa campa\u00f1a estar\u00eda traicionando la memoria de Pe\u00f1a, lo  cual yo no har\u00e9 nunca\u201d, proclam\u00f3 Ventura.<\/p>\n<p>&#13;<\/p>\n<p align=\"justify\" class=\"text1noticias\"> Dijo que ha visto con extra\u00f1eza que  la candidatura de Vargas se est\u00e9 promoviendo como la del \u201cnuevo PRD\u201d, y agreg\u00f3  que cuando escucha esa consigna se pregunta d\u00f3nde est\u00e1 el viejo PRD, el de las  luchas por la democracia.<\/p>\n<p>&#13;<\/p>\n<p align=\"justify\" class=\"text1noticias\">\u201c\u00bfD\u00f3nde est\u00e1 el PRD que aport\u00f3  muchas vidas, sangre, luchas, que le abri\u00f3 las puertas de las c\u00e1rceles que  estaban llenas de presos pol\u00edticos, que no persigui\u00f3 las ideas ni deport\u00f3 el  pensamiento. D\u00f3nde est\u00e1 el PRD que aport\u00f3 la vida de su l\u00edder para que en  nuestro pa\u00eds hubiera democracia\u201d, pregunt\u00f3 Johnny.<\/p>\n<p>&#13;<\/p>\n<p align=\"justify\" class=\"text1noticias\">A\u00f1adi\u00f3 que tanto \u00e9l como miles de perrede\u00edstas  siguen creyendo en el viejo PRD, por lo que no pueden participar en una campa\u00f1a  que se averg\u00fcenza de esa historia.<\/p>\n<p>&#13;<\/p>\n<p align=\"justify\" class=\"text1noticias\"> Entrevista por el periodista Jos\u00e9  Alduey Sierra en el programa \u201cEntre L\u00edderes\u201d por el canal 35, el tambi\u00e9n  conocido como \u201cEl Caballo Mayor\u201d manifest\u00f3 que ha visto con pena como ahora se  realiza una campa\u00f1a electoral escondiendo los s\u00edmbolos del partido blanco,  cuando deber\u00edan sentirse orgullosos de la historia de esa organizaci\u00f3n. <\/p>\n<p>&#13;<\/p>\n<p align=\"justify\" class=\"text1noticias\"><u>Domingo, 9:00 a 10:00  AM, Canal 35 Time Warner Cable, y www.dominicanyorktv.com<\/u> <br \/>&#13;<br \/>\n\u00a0\u00a0\u00a0\u00a0\u00a0\u00a0\u00a0\u00a0\u00a0\u00a0\u00a0<br \/>&#13;<br \/>\n\u201cEs  posible que ese PRD por el que luch\u00f3 y muri\u00f3 Pe\u00f1a G\u00f3mez sea extirpado. Esas  siglas se esconden ahora. Ese jacho se esconde y las siglas PRD son sustituidas  por unas MVP\u201d. Lament\u00f3.<\/p>\n<p>&#13;<\/p>\n<p align=\"justify\" class=\"text1noticias\"> Critic\u00f3 que el instrumento de lucha  que siempre fue el PRD puesto al servicio del pueblo dominicano no aparezca en  la campa\u00f1a de Vargas Maldonado, sino que ahora \u201cel s\u00edmbolo es un bate\u201d.<\/p>\n<p>&#13;<\/p>\n<p align=\"justify\" class=\"text1noticias\">\u201cNo me puedo sumar a eso, y pienso  que si alguna vez Pe\u00f1a G\u00f3mez y yo nos encontramos en alg\u00fan lugar en otra  dimensi\u00f3n, \u00e9l no podr\u00e1 decir que lo traicion\u00e9 sum\u00e1ndome a eso\u201d, declar\u00f3  Ventura.<\/p>\n<p>&#13;<\/p>\n<p align=\"justify\" class=\"text1noticias\"> Ventura dijo que hace diez a\u00f1os,  cuando el cuerpo del doctor Pe\u00f1a G\u00f3mez fue depositado en el cementerio Cristo  Redentor de Santo Domingo, para muchos el l\u00edder pol\u00edtico muri\u00f3, pero se\u00f1al\u00f3 que  para los que como \u00e9l entienden que Pe\u00f1a representaba un pensamiento y una idea,  no est\u00e1 muerto.<\/p>\n<p>&#13;<\/p>\n<p align=\"justify\" class=\"text1noticias\"> Expres\u00f3 que el candidato del PRD no  tiene programa, y agreg\u00f3 que si Vargas Maldonado quisiera de verdad cabalgar  sobre el pensamiento de Pe\u00f1a G\u00f3mez, con s\u00f3lo tomar las ideas que dej\u00f3 escritas  ya tendr\u00eda una formidable plataforma de gobierno.<\/p>\n<p>&#13;<\/p>\n<p align=\"justify\" class=\"text1noticias\"> Ventura, quien desarrolla en Estados  Unidos un proyecto empresarial en el sector de energ\u00eda el\u00e9ctrica, habl\u00f3 tambi\u00e9n  acerca del gobierno del presidente Leonel Fern\u00e1ndez, del que dijo ha tenido  cosas positivas y cosas negativas como en todas las actividades de la vida  humana.<br \/>&#13;<br \/>\n  \u00a0<br \/>&#13;<br \/>\n Opin\u00f3 que el presidente Fern\u00e1ndez ha  tenido que gobernar con una situaci\u00f3n dif\u00edcil, y ha tenido que enfrentar  cat\u00e1strofes naturales muy fuertes como fueron las tormentas Noel y Olga.<br \/>&#13;<br \/>\n <br \/>&#13;<br \/>\n Expuso su criterio de que la  administraci\u00f3n del doctor Fern\u00e1ndez hay que evaluarla sin apasionamiento  partidista para poder tener una visi\u00f3n m\u00e1s objetiva sobre su desempe\u00f1o.<\/p>\n<p>&#13;<\/p>\n<h6> 2008-01-21 20:01:36 <\/h6>\n<p><!--\n<link rel=\"stylesheet\" href=\"css\/bootstrap.min.css\">\n\n\n<ul class=\"pagination\">\n\t    \n\t\n\n<li >\n\t<a href='?page_no=34304'>Previous<\/a>\n\t<\/li>\n\n\n       \n    \n\n<li><a href='?page_no=1'>1<\/a><\/li>\n\n\n\n<li><a href='?page_no=2'>2<\/a><\/li>\n\n\n\n<li><a>...<\/a><\/li>\n\n\n\n<li><a href='?page_no=34303'>34303<\/a><\/li>\n\n\n\n<li><a href='?page_no=34304'>34304<\/a><\/li>\n\n\n\n<li class='active'><a>34305<\/a><\/li>\n\n\n\n<li><a href='?page_no=34306'>34306<\/a><\/li>\n\n\n\n<li><a href='?page_no=34307'>34307<\/a><\/li>\n\n\n\n<li><a>...<\/a><\/li>\n\n\n\n<li><a href='?page_no=36999'>36999<\/a><\/li>\n\n\n\n<li><a href='?page_no=37000'>37000<\/a><\/li>\n\n    \n\t\n\n<li >\n\t<a href='?page_no=34306'>Next<\/a>\n\t<\/li>\n\n\n    \n\n<li><a href='?page_no=37000'>Last &rsaquo;&rsaquo;<\/a><\/li>\n\n<\/ul>\n\n\n--><br \/>\n<\/body><\/p>\n","protected":false},"excerpt":{"rendered":"<p>Johnny Ventura afirma no se integrar\u00e1 a campa\u00f1a de Vargas Maldonado &#13; NUEVA YORK.- El merenguero y ex s\u00edndico de Santo Domingo, Johnny Ventura, afirm\u00f3 que no se integrar\u00e1 a la campa\u00f1a del Partido Revolucionario Dominicano, del cual es dirigente,\u00a0 porque de hacerlo estar\u00eda traicionando la memoria del extinto l\u00edder perrede\u00edsta Jos\u00e9 Francisco Pe\u00f1a G\u00f3mez. [&hellip;]<\/p>\n","protected":false},"author":3,"featured_media":0,"comment_status":"open","ping_status":"open","sticky":false,"template":"","format":"standard","meta":{"footnotes":""},"categories":[22],"tags":[],"class_list":["post-191557","post","type-post","status-publish","format-standard","hentry","category-politica"],"_links":{"self":[{"href":"https:\/\/diariodominicano.com\/index.php?rest_route=\/wp\/v2\/posts\/191557","targetHints":{"allow":["GET"]}}],"collection":[{"href":"https:\/\/diariodominicano.com\/index.php?rest_route=\/wp\/v2\/posts"}],"about":[{"href":"https:\/\/diariodominicano.com\/index.php?rest_route=\/wp\/v2\/types\/post"}],"author":[{"embeddable":true,"href":"https:\/\/diariodominicano.com\/index.php?rest_route=\/wp\/v2\/users\/3"}],"replies":[{"embeddable":true,"href":"https:\/\/diariodominicano.com\/index.php?rest_route=%2Fwp%2Fv2%2Fcomments&post=191557"}],"version-history":[{"count":0,"href":"https:\/\/diariodominicano.com\/index.php?rest_route=\/wp\/v2\/posts\/191557\/revisions"}],"wp:attachment":[{"href":"https:\/\/diariodominicano.com\/index.php?rest_route=%2Fwp%2Fv2%2Fmedia&parent=191557"}],"wp:term":[{"taxonomy":"category","embeddable":true,"href":"https:\/\/diariodominicano.com\/index.php?rest_route=%2Fwp%2Fv2%2Fcategories&post=191557"},{"taxonomy":"post_tag","embeddable":true,"href":"https:\/\/diariodominicano.com\/index.php?rest_route=%2Fwp%2Fv2%2Ftags&post=191557"}],"curies":[{"name":"wp","href":"https:\/\/api.w.org\/{rel}","templated":true}]}}