{"id":191555,"date":"2008-01-21T20:39:26","date_gmt":"2008-01-21T20:39:26","guid":{"rendered":"http:\/\/diariodominicano.ddns.net\/?p=191555"},"modified":"2008-01-21T20:39:26","modified_gmt":"2008-01-21T20:39:26","slug":"canciller-cubano-dice-que-nuevo-parlamento-tendra-que-rectificar-muchas-cuestiones","status":"publish","type":"post","link":"https:\/\/diariodominicano.com\/?p=191555","title":{"rendered":"Canciller cubano dice que nuevo Parlamento tendr\u00e1 que rectificar muchas cuestiones"},"content":{"rendered":"<p><body><\/p>\n<h1 align=\"justify\" class=\"titulogrande1\">Canciller cubano dice que nuevo Parlamento tendr\u00e1 que rectificar muchas  cuestiones <\/h1>\n<p>&#13;<\/p>\n<p align=\"justify\"><strong>El canciller dijo que la \u00abrevoluci\u00f3n ha tenido el privilegio de que la  encabece la direcci\u00f3n hist\u00f3rica. <\/strong><\/p>\n<p>&#13;<\/p>\n<p align=\"justify\" class=\"text1noticias\"><strong><img loading=\"lazy\" decoding=\"async\" src=\"http:\/\/localhost:8080\/pictures\/bandera cuba.jpg\" width=\"269\" height=\"195\" hspace=\"4\" align=\"left\" \/>LA HABANA.-<\/strong> El  canciller cubano, <strong>Felipe P\u00e9rez Roque<\/strong>, dijo que tras la  instalaci\u00f3n de la   Asamblea Nacional del Poder Popular (Parlamento), el pr\u00f3ximo  24 de febrero, deber\u00e1 rectificar muchas cuestiones y adoptar \u00abdecisiones  importantes\u00bb.<br \/>&#13;<br \/>\n  <br \/>&#13;<br \/>\n  El nuevo Parlamento \u00abtendr\u00e1 que encarar la adopci\u00f3n de decisiones importantes,  de leyes que fortalezcan el socialismo en nuestra patria, que lleven adelante  las decisiones que rectifiquen muchas de las cuestiones que fueron  identificadas en el discurso del compa\u00f1ero Ra\u00fal all\u00e1 en Camag\u00fcey el 26 de julio  de 2007)\u00bb.<br \/>&#13;<br \/>\n  <br \/>&#13;<br \/>\n  Ra\u00fal Castro (Presidente provisional) subray\u00f3 en aquella intervenci\u00f3n, en el  d\u00eda m\u00e1s importante del calendario de la revoluci\u00f3n, la necesidad de introducir  \u00abreformas estructurales\u00bb y de aumentar la eficiencia y la  productividad del pa\u00eds.<br \/>&#13;<br \/>\n  <br \/>&#13;<br \/>\n  El canciller, en declaraciones a la televisi\u00f3n local, se refiri\u00f3 al papel de  las nuevas generaciones en el futuro del pa\u00eds y en ese sentido subray\u00f3 que la  \u00abrevoluci\u00f3n ha tenido el privilegio de que la encabece la direcci\u00f3n  hist\u00f3rica\u00bb, al recalcar que la revoluci\u00f3n \u00abva a ser un fen\u00f3meno que  trascienda la generaci\u00f3n hist\u00f3rica\u00bb.<br \/>&#13;<br \/>\n  <br \/>&#13;<br \/>\n  Afirm\u00f3 que se han creado \u00ablas bases\u00bb para que, si los cubanos  persisten, se mantienen unidos y trabajan \u00abcon decisi\u00f3n y sin perder un  minuto\u00bb, logren \u00abhacer inexpugnable la fortaleza de la revoluci\u00f3n,  preservar su obra y su legado para las futuras generaciones\u00bb.<br \/>&#13;<br \/>\n  <br \/>&#13;<br \/>\n  Opin\u00f3 que estas elecciones son \u00abun proceso pol\u00edtico que no solo  fortalece a la revoluci\u00f3n, valida su liderazgo y da una fuerte prueba no solo  de unidad nacional y de alto nivel de cultura pol\u00edtica y de participaci\u00f3n  popular sino que tambi\u00e9n entrega un mandato, legitima a los compa\u00f1eros que son  elegidos por el pueblo\u00bb.<br \/>&#13;<br \/>\n  <br \/>&#13;<br \/>\n  El canciller consider\u00f3 que el Parlamento debe ser \u00abfiel al mandato que  el pueblo le ha entregado de trabajar para fortalecer la revoluci\u00f3n y preservar  el socialismo\u00bb en Cuba.<br \/>&#13;<br \/>\n  <br \/>&#13;<br \/>\n  M\u00e1s de 8,4 millones de cubanos fueron convocados este domingo a las urnas  para elegir a los delegados a las asambleas provinciales del Poder Popular y  los diputados del Parlamento, por un t\u00e9rmino de cinco a\u00f1os.<br \/>&#13;<br \/>\n  <br \/>&#13;<br \/>\n  El pr\u00f3ximo 24 de febrero, se instalar\u00e1 el nuevo Parlamento que en su primera  reuni\u00f3n seleccionar\u00e1 a los 31 miembros del Consejo de Estado, del que el l\u00edder  cubano, Fidel Castro, es Presidente.<br \/>&#13;<br \/>\n  <br \/>&#13;<br \/>\n  Ese ser\u00e1 el momento en que se cierre un proceso que comenz\u00f3 en octubre, con  la atenci\u00f3n centrada en la decisi\u00f3n que determinar\u00e1 si Fidel Castro,  convaleciente de una grave enfermedad desde julio de 2006, continuar\u00e1 al frente  del Gobierno de la isla de 11,2 millones de habitantes.<br \/>&#13;<br \/>\n  <br \/>&#13;<br \/>\n  <em>EFE<\/em><\/p>\n<p>&#13;<\/p>\n<h6> 2008-01-21 20:39:26 <\/h6>\n<p><!--\n<link rel=\"stylesheet\" href=\"css\/bootstrap.min.css\">\n\n\n<ul class=\"pagination\">\n\t    \n\t\n\n<li >\n\t<a href='?page_no=34302'>Previous<\/a>\n\t<\/li>\n\n\n       \n    \n\n<li><a href='?page_no=1'>1<\/a><\/li>\n\n\n\n<li><a href='?page_no=2'>2<\/a><\/li>\n\n\n\n<li><a>...<\/a><\/li>\n\n\n\n<li><a href='?page_no=34301'>34301<\/a><\/li>\n\n\n\n<li><a href='?page_no=34302'>34302<\/a><\/li>\n\n\n\n<li class='active'><a>34303<\/a><\/li>\n\n\n\n<li><a href='?page_no=34304'>34304<\/a><\/li>\n\n\n\n<li><a href='?page_no=34305'>34305<\/a><\/li>\n\n\n\n<li><a>...<\/a><\/li>\n\n\n\n<li><a href='?page_no=36999'>36999<\/a><\/li>\n\n\n\n<li><a href='?page_no=37000'>37000<\/a><\/li>\n\n    \n\t\n\n<li >\n\t<a href='?page_no=34304'>Next<\/a>\n\t<\/li>\n\n\n    \n\n<li><a href='?page_no=37000'>Last &rsaquo;&rsaquo;<\/a><\/li>\n\n<\/ul>\n\n\n--><br \/>\n<\/body><\/p>\n","protected":false},"excerpt":{"rendered":"<p>Canciller cubano dice que nuevo Parlamento tendr\u00e1 que rectificar muchas cuestiones &#13; El canciller dijo que la \u00abrevoluci\u00f3n ha tenido el privilegio de que la encabece la direcci\u00f3n hist\u00f3rica. &#13; LA HABANA.- El canciller cubano, Felipe P\u00e9rez Roque, dijo que tras la instalaci\u00f3n de la Asamblea Nacional del Poder Popular (Parlamento), el pr\u00f3ximo 24 de [&hellip;]<\/p>\n","protected":false},"author":3,"featured_media":0,"comment_status":"open","ping_status":"open","sticky":false,"template":"","format":"standard","meta":{"footnotes":""},"categories":[22],"tags":[],"class_list":["post-191555","post","type-post","status-publish","format-standard","hentry","category-politica"],"_links":{"self":[{"href":"https:\/\/diariodominicano.com\/index.php?rest_route=\/wp\/v2\/posts\/191555","targetHints":{"allow":["GET"]}}],"collection":[{"href":"https:\/\/diariodominicano.com\/index.php?rest_route=\/wp\/v2\/posts"}],"about":[{"href":"https:\/\/diariodominicano.com\/index.php?rest_route=\/wp\/v2\/types\/post"}],"author":[{"embeddable":true,"href":"https:\/\/diariodominicano.com\/index.php?rest_route=\/wp\/v2\/users\/3"}],"replies":[{"embeddable":true,"href":"https:\/\/diariodominicano.com\/index.php?rest_route=%2Fwp%2Fv2%2Fcomments&post=191555"}],"version-history":[{"count":0,"href":"https:\/\/diariodominicano.com\/index.php?rest_route=\/wp\/v2\/posts\/191555\/revisions"}],"wp:attachment":[{"href":"https:\/\/diariodominicano.com\/index.php?rest_route=%2Fwp%2Fv2%2Fmedia&parent=191555"}],"wp:term":[{"taxonomy":"category","embeddable":true,"href":"https:\/\/diariodominicano.com\/index.php?rest_route=%2Fwp%2Fv2%2Fcategories&post=191555"},{"taxonomy":"post_tag","embeddable":true,"href":"https:\/\/diariodominicano.com\/index.php?rest_route=%2Fwp%2Fv2%2Ftags&post=191555"}],"curies":[{"name":"wp","href":"https:\/\/api.w.org\/{rel}","templated":true}]}}