{"id":191554,"date":"2008-01-21T20:42:34","date_gmt":"2008-01-21T20:42:34","guid":{"rendered":"http:\/\/diariodominicano.ddns.net\/?p=191554"},"modified":"2008-01-21T20:42:34","modified_gmt":"2008-01-21T20:42:34","slug":"pinera-acusa-al-gobierno-chileno-de-nuevo-intento-de-intervencionismo-por-periodico-estatal","status":"publish","type":"post","link":"https:\/\/diariodominicano.com\/?p=191554","title":{"rendered":"Pi\u00f1era acusa al gobierno chileno de nuevo intento de intervencionismo por peri\u00f3dico estatal"},"content":{"rendered":"<p><body><\/p>\n<h1 align=\"justify\" class=\"titulogrande1\">Pi\u00f1era acusa al gobierno\u00a0 chileno de  nuevo intento de intervencionismo por peri\u00f3dico estatal<\/h1>\n<p>&#13;<\/p>\n<p align=\"justify\"><strong>El Presidenciable de RN lo catalog\u00f3 de innecesario y que se transformar\u00e1 en  una nueva fuente de abuso y corrupci\u00f3n.<\/strong><\/p>\n<p>&#13;<\/p>\n<p align=\"justify\" class=\"text1noticias\"><img loading=\"lazy\" decoding=\"async\" src=\"http:\/\/localhost:8080\/pictures\/sebastian pinera.jpg\" width=\"269\" height=\"195\" hspace=\"4\" align=\"left\" \/>En una r\u00e1pida visita por la regi\u00f3n de Los R\u00edos <strong>Sebasti\u00e1n Pi\u00f1era<\/strong> se refiri\u00f3 al intento del Gobierno de realizar intervencionismo electoral, esta  vez a trav\u00e9s de un medio de comunicaci\u00f3n Estatal y de c\u00f3mo este influir\u00e1  negativamente en la percepci\u00f3n de la realidad que tendr\u00e1 la gente.<br \/>&#13;<br \/>\n  <br \/>&#13;<br \/>\n  Pi\u00f1era que hizo un alto en su viaje con destino final Osorno, para ver el  partido entre Universidad Cat\u00f3lica y Colo-Colo, consider\u00f3 como una falta de  respeto para todos los medios de comunicaci\u00f3n del pa\u00eds que el estado tenga un  peri\u00f3dico, que ser\u00e1 financiado por todos los chilenos y que no va a ser ning\u00fan  aporte ni a la verdad ni a la informaci\u00f3n, y que solo ser\u00e1 un instrumento de  propaganda, publicidad e intervenci\u00f3n.<br \/>&#13;<br \/>\n  <br \/>&#13;<br \/>\n\u00abEn la alianza estaremos muy atentos ya que conocemos lo que son los  medios cuando los controla el gobierno, conocemos lo que ocurre con un diario  cuando lo controla el gobierno, conocemos lo que hace el Gobierno en tiempo de  elecciones y si ahora tiene adem\u00e1s un diario financiado por todos los chilenos  yo les aseguro que nada bueno podemos esperar de ese diario\u00bb, afirm\u00f3  Pi\u00f1era.<br \/>&#13;<br \/>\n<br \/>&#13;<br \/>\nOtro de los riesgos es que con estas pr\u00e1cticas se va a hacer uso y abuso de  los funcionarios y recursos p\u00fablicos como ocurri\u00f3 en la \u00faltima elecci\u00f3n  parlamentaria, afirm\u00f3 el empresario.<br \/>&#13;<br \/>\n<br \/>&#13;<br \/>\nPi\u00f1era asegur\u00f3 que si un Gobierno tiene buenas ideas, buenas obras y  proyectos no requiere de ning\u00fan peri\u00f3dico propio para que sean comunicadas a la  opini\u00f3n p\u00fablica, pero a su juicio este gobierno no tiene buenas obras ni  proyectos por lo que se convertir\u00e1 en una fuente de abuso y corrupci\u00f3n y  rescat\u00f3 la actitud del gabinete anterior en que no se dio al Gobierno mecanismo  de publicidad y propaganda pagados con recursos fiscales.<br \/>&#13;<br \/>\n<br \/>&#13;<br \/>\nFreddy Frias\/La Tercera<\/p>\n<p>&#13;<\/p>\n<h6> 2008-01-21 20:42:34 <\/h6>\n<p><!--\n<link rel=\"stylesheet\" href=\"css\/bootstrap.min.css\">\n\n\n<ul class=\"pagination\">\n\t    \n\t\n\n<li >\n\t<a href='?page_no=34301'>Previous<\/a>\n\t<\/li>\n\n\n       \n    \n\n<li><a href='?page_no=1'>1<\/a><\/li>\n\n\n\n<li><a href='?page_no=2'>2<\/a><\/li>\n\n\n\n<li><a>...<\/a><\/li>\n\n\n\n<li><a href='?page_no=34300'>34300<\/a><\/li>\n\n\n\n<li><a href='?page_no=34301'>34301<\/a><\/li>\n\n\n\n<li class='active'><a>34302<\/a><\/li>\n\n\n\n<li><a href='?page_no=34303'>34303<\/a><\/li>\n\n\n\n<li><a href='?page_no=34304'>34304<\/a><\/li>\n\n\n\n<li><a>...<\/a><\/li>\n\n\n\n<li><a href='?page_no=36999'>36999<\/a><\/li>\n\n\n\n<li><a href='?page_no=37000'>37000<\/a><\/li>\n\n    \n\t\n\n<li >\n\t<a href='?page_no=34303'>Next<\/a>\n\t<\/li>\n\n\n    \n\n<li><a href='?page_no=37000'>Last &rsaquo;&rsaquo;<\/a><\/li>\n\n<\/ul>\n\n\n--><br \/>\n<\/body><\/p>\n","protected":false},"excerpt":{"rendered":"<p>Pi\u00f1era acusa al gobierno\u00a0 chileno de nuevo intento de intervencionismo por peri\u00f3dico estatal &#13; El Presidenciable de RN lo catalog\u00f3 de innecesario y que se transformar\u00e1 en una nueva fuente de abuso y corrupci\u00f3n. &#13; En una r\u00e1pida visita por la regi\u00f3n de Los R\u00edos Sebasti\u00e1n Pi\u00f1era se refiri\u00f3 al intento del Gobierno de realizar [&hellip;]<\/p>\n","protected":false},"author":3,"featured_media":0,"comment_status":"open","ping_status":"open","sticky":false,"template":"","format":"standard","meta":{"footnotes":""},"categories":[22],"tags":[],"class_list":["post-191554","post","type-post","status-publish","format-standard","hentry","category-politica"],"_links":{"self":[{"href":"https:\/\/diariodominicano.com\/index.php?rest_route=\/wp\/v2\/posts\/191554","targetHints":{"allow":["GET"]}}],"collection":[{"href":"https:\/\/diariodominicano.com\/index.php?rest_route=\/wp\/v2\/posts"}],"about":[{"href":"https:\/\/diariodominicano.com\/index.php?rest_route=\/wp\/v2\/types\/post"}],"author":[{"embeddable":true,"href":"https:\/\/diariodominicano.com\/index.php?rest_route=\/wp\/v2\/users\/3"}],"replies":[{"embeddable":true,"href":"https:\/\/diariodominicano.com\/index.php?rest_route=%2Fwp%2Fv2%2Fcomments&post=191554"}],"version-history":[{"count":0,"href":"https:\/\/diariodominicano.com\/index.php?rest_route=\/wp\/v2\/posts\/191554\/revisions"}],"wp:attachment":[{"href":"https:\/\/diariodominicano.com\/index.php?rest_route=%2Fwp%2Fv2%2Fmedia&parent=191554"}],"wp:term":[{"taxonomy":"category","embeddable":true,"href":"https:\/\/diariodominicano.com\/index.php?rest_route=%2Fwp%2Fv2%2Fcategories&post=191554"},{"taxonomy":"post_tag","embeddable":true,"href":"https:\/\/diariodominicano.com\/index.php?rest_route=%2Fwp%2Fv2%2Ftags&post=191554"}],"curies":[{"name":"wp","href":"https:\/\/api.w.org\/{rel}","templated":true}]}}