{"id":191553,"date":"2008-01-21T20:45:50","date_gmt":"2008-01-21T20:45:50","guid":{"rendered":"http:\/\/diariodominicano.ddns.net\/?p=191553"},"modified":"2008-01-21T20:45:50","modified_gmt":"2008-01-21T20:45:50","slug":"votaron-mas-de-8-millones-de-cubanos","status":"publish","type":"post","link":"https:\/\/diariodominicano.com\/?p=191553","title":{"rendered":"Votaron m\u00e1s de 8 millones de cubanos"},"content":{"rendered":"<p><body><\/p>\n<p align=\"center\" class=\"titulogrande1\"><strong>Votaron  m\u00e1s de 8 millones de cubanos \u00a0<\/strong><\/p>\n<p>&#13;<\/p>\n<p align=\"justify\" class=\"text1noticias\"><img loading=\"lazy\" decoding=\"async\" src=\"http:\/\/localhost:8080\/pictures\/votantes cuba.jpg\" width=\"269\" height=\"202\" hspace=\"4\" align=\"left\" \/>Pese a las constantes lluvias, la mayor\u00eda  de los electores cubanos acudi\u00f3 a votar este domingo por los candidatos a  diputados y a delegados provinciales, y una hora antes del cierre de los  colegios la cifra de asistentes ascend\u00eda a m\u00e1s de 8,1 millones de personas, el  95% de los inscritos, inform\u00f3 Mar\u00eda Esther Reus, presidenta de la Comisi\u00f3n Electoral  Nacional (CEN).<br \/>&#13;<br \/>\n  <br \/>&#13;<br \/>\n  En  opini\u00f3n de la tambi\u00e9n ministra de Justicia, el comportamiento de los comicios  puede evaluarse de notablemente satisfactorio, por el entusiasmo de la  poblaci\u00f3n y la disciplina informativa de todas las estructuras electorales. <br \/>&#13;<br \/>\n  <br \/>&#13;<br \/>\n  En la tarde de hoy, la CEN dar\u00e1 a conocer los  resultados preliminares de los sufragios que incluir\u00e1n la cantidad de boletas  v\u00e1lidas, en blanco y anuladas, y el comportamiento del voto unido y selectivo.<br \/>&#13;<br \/>\n  <br \/>&#13;<br \/>\n  Tras la jornada de este 20 de enero, los  comicios entrar\u00e1n en su fase final: la constituci\u00f3n de las asambleas  Provinciales y Nacional, y la elecci\u00f3n de sus respectivas direcciones. <br \/>&#13;<br \/>\n  <br \/>&#13;<br \/>\n  En las  provincias, los delegados deber\u00e1n seleccionar, mediante sufragio secreto, al  presidente y vicepresidente. En el caso del Parlamento, los diputados elegir\u00e1n  al presidente, vicepresidente y secretario de ese m\u00e1ximo \u00f3rgano del poder estatal,  y al presidente, primer vicepresidente, vicepresidentes, secretario y dem\u00e1s  miembros del Consejo de Estado. <strong>\u00a0<\/strong><br \/>&#13;<br \/>\n  <br \/>&#13;<br \/>\n  <strong>Mar\u00eda Julia Mayoral\/Granma<\/strong><\/p>\n<p>&#13;<\/p>\n<h6> 2008-01-21 20:45:50 <\/h6>\n<p><!--\n<link rel=\"stylesheet\" href=\"css\/bootstrap.min.css\">\n\n\n<ul class=\"pagination\">\n\t    \n\t\n\n<li >\n\t<a href='?page_no=34300'>Previous<\/a>\n\t<\/li>\n\n\n       \n    \n\n<li><a href='?page_no=1'>1<\/a><\/li>\n\n\n\n<li><a href='?page_no=2'>2<\/a><\/li>\n\n\n\n<li><a>...<\/a><\/li>\n\n\n\n<li><a href='?page_no=34299'>34299<\/a><\/li>\n\n\n\n<li><a href='?page_no=34300'>34300<\/a><\/li>\n\n\n\n<li class='active'><a>34301<\/a><\/li>\n\n\n\n<li><a href='?page_no=34302'>34302<\/a><\/li>\n\n\n\n<li><a href='?page_no=34303'>34303<\/a><\/li>\n\n\n\n<li><a>...<\/a><\/li>\n\n\n\n<li><a href='?page_no=36999'>36999<\/a><\/li>\n\n\n\n<li><a href='?page_no=37000'>37000<\/a><\/li>\n\n    \n\t\n\n<li >\n\t<a href='?page_no=34302'>Next<\/a>\n\t<\/li>\n\n\n    \n\n<li><a href='?page_no=37000'>Last &rsaquo;&rsaquo;<\/a><\/li>\n\n<\/ul>\n\n\n--><br \/>\n<\/body><\/p>\n","protected":false},"excerpt":{"rendered":"<p>Votaron m\u00e1s de 8 millones de cubanos \u00a0 &#13; Pese a las constantes lluvias, la mayor\u00eda de los electores cubanos acudi\u00f3 a votar este domingo por los candidatos a diputados y a delegados provinciales, y una hora antes del cierre de los colegios la cifra de asistentes ascend\u00eda a m\u00e1s de 8,1 millones de personas, [&hellip;]<\/p>\n","protected":false},"author":3,"featured_media":0,"comment_status":"open","ping_status":"open","sticky":false,"template":"","format":"standard","meta":{"footnotes":""},"categories":[22],"tags":[],"class_list":["post-191553","post","type-post","status-publish","format-standard","hentry","category-politica"],"_links":{"self":[{"href":"https:\/\/diariodominicano.com\/index.php?rest_route=\/wp\/v2\/posts\/191553","targetHints":{"allow":["GET"]}}],"collection":[{"href":"https:\/\/diariodominicano.com\/index.php?rest_route=\/wp\/v2\/posts"}],"about":[{"href":"https:\/\/diariodominicano.com\/index.php?rest_route=\/wp\/v2\/types\/post"}],"author":[{"embeddable":true,"href":"https:\/\/diariodominicano.com\/index.php?rest_route=\/wp\/v2\/users\/3"}],"replies":[{"embeddable":true,"href":"https:\/\/diariodominicano.com\/index.php?rest_route=%2Fwp%2Fv2%2Fcomments&post=191553"}],"version-history":[{"count":0,"href":"https:\/\/diariodominicano.com\/index.php?rest_route=\/wp\/v2\/posts\/191553\/revisions"}],"wp:attachment":[{"href":"https:\/\/diariodominicano.com\/index.php?rest_route=%2Fwp%2Fv2%2Fmedia&parent=191553"}],"wp:term":[{"taxonomy":"category","embeddable":true,"href":"https:\/\/diariodominicano.com\/index.php?rest_route=%2Fwp%2Fv2%2Fcategories&post=191553"},{"taxonomy":"post_tag","embeddable":true,"href":"https:\/\/diariodominicano.com\/index.php?rest_route=%2Fwp%2Fv2%2Ftags&post=191553"}],"curies":[{"name":"wp","href":"https:\/\/api.w.org\/{rel}","templated":true}]}}