{"id":191552,"date":"2008-01-21T20:50:45","date_gmt":"2008-01-21T20:50:45","guid":{"rendered":"http:\/\/diariodominicano.ddns.net\/?p=191552"},"modified":"2008-01-21T20:50:45","modified_gmt":"2008-01-21T20:50:45","slug":"vargas-maldonado-califica-de-plebiscito-las-manifestaciones-de-apoyo-que-recibio-durante-caravanas","status":"publish","type":"post","link":"https:\/\/diariodominicano.com\/?p=191552","title":{"rendered":"Vargas Maldonado califica de plebiscito las manifestaciones de apoyo que recibi\u00f3 durante caravanas"},"content":{"rendered":"<p><body><\/p>\n<p align=\"justify\" class=\"titulogrande1\">Vargas Maldonado califica de  plebiscito las manifestaciones de apoyo que recibi\u00f3 durante caravanas <\/p>\n<p>&#13;<\/p>\n<p align=\"justify\" class=\"text1noticias\"><strong><img loading=\"lazy\" decoding=\"async\" src=\"http:\/\/localhost:8080\/pictures\/maldonado caravana.jpg\" width=\"269\" height=\"179\" hspace=\"4\" align=\"left\" \/>SANTO DOMINGO.<\/strong>&#8211;  El candidato del Partido Revolucionario Dominicano (PRD), Miguel Vargas  Maldonado, consider\u00f3 la noche del s\u00e1bado  \u00a0que el apoyo que recibi\u00f3 durante las marchas-caravanas  que realiz\u00f3 durante el d\u00eda \u00a0en 29  provincias del pa\u00eds constituye un \u201cverdadero plebiscito\u201d de aprobaci\u00f3n a su  propuesta de campa\u00f1a.<br \/>&#13;<br \/>\n  <br \/>&#13;<br \/>\n  Dijo \u00a0que el  respaldo es tambi\u00e9n una demostraci\u00f3n de la derrota que a su juicio le espera al  presidente Leonel Fern\u00e1ndez en las urnas, en las elecciones del 16 de mayo. <br \/>&#13;<br \/>\n  <br \/>&#13;<br \/>\n  Vargas Maldonado encabez\u00f3 \u00a0las caravanas celebradas en el Distrito  Nacional y las provincias Santiago y Santo Domingo, donde recibi\u00f3 manifestaciones  de respaldo a su candidatura de miles de seguidores y simpatizantes que le  acompa\u00f1aron en carros, yipetas, motocicletas y a pie, adem\u00e1s de personas que lo  esperaban en las puertas de sus casas y centros de trabajo.<br \/>&#13;<br \/>\n  <br \/>&#13;<br \/>\n  En la provincia Santo Domingo y el Distrito Nacional  se moviliz\u00f3 durante m\u00e1s de tres horas por calles y avenidas, acompa\u00f1ado de su  esposa Angelita de Vargas, el secretario general del PRD, Orlando Jorge Mera;  su jefe de campa\u00f1a, Neney Cabrera, y los \u00a0dirigentes perrede\u00edstas Milagros Ortiz Bosch,  Rafael Suberv\u00ed Bonilla, Peggy Cabral y Alfredo Pacheco.<br \/>&#13;<br \/>\n  <br \/>&#13;<br \/>\n  El candidato del PRD reiter\u00f3\u00a0 su promesa de dar empleos, comida barata,  viviendas, mejores servicios de salud y educaci\u00f3n, a partir del 16 de agosto  pr\u00f3ximo. Sostuvo \u00a0que en las elecciones  venideras \u201chabr\u00e1 un cambio para producir el verdadero desarrollo y bienestar de  todas las familias dominicanas\u201d.<br \/>&#13;<br \/>\n  <br \/>&#13;<br \/>\n  Vargas Maldonado agradeci\u00f3 el \u00a0apoyo recibido y el comportamiento de los  participantes en las caravanas, las cuales transcurrieron sin incidentes. En  Santiago, se incorpor\u00f3 a la manifestaci\u00f3n de respaldo, pasada la 1:00 de la  tarde, frente al club Gregorio Urbano Gilbert, en el ensanche Libertad.<br \/>&#13;<br \/>\n  <br \/>&#13;<br \/>\n  A las 4:00 tarde, su helic\u00f3ptero aterriz\u00f3 en las  instalaciones de la tienda Jumbo, en las avenidas Mella y Charles de Gaulles,  del municipio Santo Domingo Este, para integrarse \u00a0a la caravana que recorri\u00f3 \u00a0barrios del municipio \u00a0Santo Domingo.<br \/>&#13;<br \/>\n  <br \/>&#13;<br \/>\n  Tambi\u00e9n visit\u00f3 los barrios Luper\u00f3n, Capotillo, 27 de  Febrero, Gualey, Guachupita, Espillat, Villa Francisca, San Carlos y otros  puntos de la zona norte de la   Capital.<br \/>&#13;<br \/>\n  <br \/>&#13;<br \/>\n  Habl\u00f3 \u00a0al pa\u00eds a  trav\u00e9s de una cadena nacional de radio, que tuvo como emisora matriz a la Z-101, y consider\u00f3 \u00a0que la mayor\u00eda de los dominicanos decidieron  rechazar la reelecci\u00f3n del presidente Fern\u00e1ndez y al Partido de la Liberaci\u00f3n Dominicana  (PLD).<br \/>&#13;<br \/>\n  <br \/>&#13;<br \/>\n\u201cEn el d\u00eda de hoy se ha demostrado que no hay fuerza  que pueda detener a un pueblo que ha tomado la decisi\u00f3n de ponerle fin a un  gobierno que ha llenado de frustraciones, pesares e incompetencias la gesti\u00f3n  p\u00fablica\u201d.<br \/>&#13;<br \/>\n<br \/>&#13;<br \/>\nEn opini\u00f3n del  candidato del PRD, \u00a0el apoyo que recibi\u00f3  durante las marchas-caravanas que realiz\u00f3 el s\u00e1bado \u00a0en 29 provincias del pa\u00eds constituye un  \u201cverdadero plebiscito\u201d de aprobaci\u00f3n a su propuesta de campa\u00f1a.<\/p>\n<p>&#13;<\/p>\n<h6> 2008-01-21 20:50:45 <\/h6>\n<p><!--\n<link rel=\"stylesheet\" href=\"css\/bootstrap.min.css\">\n\n\n<ul class=\"pagination\">\n\t    \n\t\n\n<li >\n\t<a href='?page_no=34299'>Previous<\/a>\n\t<\/li>\n\n\n       \n    \n\n<li><a href='?page_no=1'>1<\/a><\/li>\n\n\n\n<li><a href='?page_no=2'>2<\/a><\/li>\n\n\n\n<li><a>...<\/a><\/li>\n\n\n\n<li><a href='?page_no=34298'>34298<\/a><\/li>\n\n\n\n<li><a href='?page_no=34299'>34299<\/a><\/li>\n\n\n\n<li class='active'><a>34300<\/a><\/li>\n\n\n\n<li><a href='?page_no=34301'>34301<\/a><\/li>\n\n\n\n<li><a href='?page_no=34302'>34302<\/a><\/li>\n\n\n\n<li><a>...<\/a><\/li>\n\n\n\n<li><a href='?page_no=36999'>36999<\/a><\/li>\n\n\n\n<li><a href='?page_no=37000'>37000<\/a><\/li>\n\n    \n\t\n\n<li >\n\t<a href='?page_no=34301'>Next<\/a>\n\t<\/li>\n\n\n    \n\n<li><a href='?page_no=37000'>Last &rsaquo;&rsaquo;<\/a><\/li>\n\n<\/ul>\n\n\n--><br \/>\n<\/body><\/p>\n","protected":false},"excerpt":{"rendered":"<p>Vargas Maldonado califica de plebiscito las manifestaciones de apoyo que recibi\u00f3 durante caravanas &#13; SANTO DOMINGO.&#8211; El candidato del Partido Revolucionario Dominicano (PRD), Miguel Vargas Maldonado, consider\u00f3 la noche del s\u00e1bado \u00a0que el apoyo que recibi\u00f3 durante las marchas-caravanas que realiz\u00f3 durante el d\u00eda \u00a0en 29 provincias del pa\u00eds constituye un \u201cverdadero plebiscito\u201d de aprobaci\u00f3n [&hellip;]<\/p>\n","protected":false},"author":3,"featured_media":0,"comment_status":"open","ping_status":"open","sticky":false,"template":"","format":"standard","meta":{"footnotes":""},"categories":[22],"tags":[],"class_list":["post-191552","post","type-post","status-publish","format-standard","hentry","category-politica"],"_links":{"self":[{"href":"https:\/\/diariodominicano.com\/index.php?rest_route=\/wp\/v2\/posts\/191552","targetHints":{"allow":["GET"]}}],"collection":[{"href":"https:\/\/diariodominicano.com\/index.php?rest_route=\/wp\/v2\/posts"}],"about":[{"href":"https:\/\/diariodominicano.com\/index.php?rest_route=\/wp\/v2\/types\/post"}],"author":[{"embeddable":true,"href":"https:\/\/diariodominicano.com\/index.php?rest_route=\/wp\/v2\/users\/3"}],"replies":[{"embeddable":true,"href":"https:\/\/diariodominicano.com\/index.php?rest_route=%2Fwp%2Fv2%2Fcomments&post=191552"}],"version-history":[{"count":0,"href":"https:\/\/diariodominicano.com\/index.php?rest_route=\/wp\/v2\/posts\/191552\/revisions"}],"wp:attachment":[{"href":"https:\/\/diariodominicano.com\/index.php?rest_route=%2Fwp%2Fv2%2Fmedia&parent=191552"}],"wp:term":[{"taxonomy":"category","embeddable":true,"href":"https:\/\/diariodominicano.com\/index.php?rest_route=%2Fwp%2Fv2%2Fcategories&post=191552"},{"taxonomy":"post_tag","embeddable":true,"href":"https:\/\/diariodominicano.com\/index.php?rest_route=%2Fwp%2Fv2%2Ftags&post=191552"}],"curies":[{"name":"wp","href":"https:\/\/api.w.org\/{rel}","templated":true}]}}