{"id":191550,"date":"2008-01-21T21:19:02","date_gmt":"2008-01-21T21:19:02","guid":{"rendered":"http:\/\/diariodominicano.ddns.net\/?p=191550"},"modified":"2008-01-21T21:19:02","modified_gmt":"2008-01-21T21:19:02","slug":"amable-aristy-afirma-dominicanos-necesitan-presidente-de-fe-que-derrote-pesimismo-y-desesperanza","status":"publish","type":"post","link":"https:\/\/diariodominicano.com\/?p=191550","title":{"rendered":"Amable Aristy afirma: Dominicanos necesitan Presidente de fe que derrote pesimismo y desesperanza"},"content":{"rendered":"<p><body><\/p>\n<p align=\"justify\" class=\"titulogrande1\">Amable Aristy  afirma: <strong>Dominicanos necesitan Presidente de fe que derrote pesimismo y desesperanza <\/strong><\/p>\n<p>&#13;<\/p>\n<p align=\"justify\" class=\"text1noticias\"><strong><img loading=\"lazy\" decoding=\"async\" src=\"http:\/\/localhost:8080\/pictures\/amable pic.jpg\" width=\"269\" height=\"409\" hspace=\"4\" align=\"left\" \/>HIGUEY.-<\/strong> El  candidato presidencial del Partido Reformista Social Cristiano (PRSC) declar\u00f3  aqu\u00ed al participar en la homil\u00eda con motivo del D\u00eda la Altagracia que los  dominicanos necesitan como presidente un hombre de fe que derrote el pesimismo,  la desesperanza y la carencia de oportunidades que vive la poblaci\u00f3n.<\/p>\n<p>&#13;<\/p>\n<p align=\"justify\" class=\"text1noticias\">Amable Aristy  Castro dijo que el pueblo quiere un gobierno sensible y humano\u00a0 que promueva la sociedad de oportunidades que  so\u00f1aron los fundadores de la   Patria, \u201cen la que sea posible el ascenso social\u00a0 en base al trabajo, la capacitaci\u00f3n y el  esfuerzo sobre la base de los principios cristianos\u201d.<\/p>\n<p>&#13;<\/p>\n<p align=\"justify\" class=\"text1noticias\">\u201cMe propongo  como presidente de la   Rep\u00fablica a partir del 16 de agosto\u00a0 hacer lo que junto con todos los higueyanos,  la bendici\u00f3n de Dios\u00a0 y la protecci\u00f3n de la Virgen de la Altagracia hemos hecho  de esta provincia, convirti\u00e9ndola en el principal destino de inversi\u00f3n for\u00e1nea  tur\u00edstica y con la tasa de desempleo m\u00e1s baja del pa\u00eds\u201d, agreg\u00f3.<\/p>\n<p>&#13;<\/p>\n<p align=\"justify\" class=\"text1noticias\">Explic\u00f3 que su  meta es convertir a la   Rep\u00fablica Dominicana en un pa\u00eds de pleno empleos, de pujante  econom\u00eda, donde no exista la indigencia, la mendicidad y la pobreza se reduzca  a su m\u00ednima expresi\u00f3n.<\/p>\n<p>&#13;<\/p>\n<p align=\"justify\" class=\"text1noticias\">Prometi\u00f3  asimismo convertir el pa\u00eds en el principal destino tur\u00edstico del Continente y  para ello dijo que devolver\u00e1 en obras de infraestructuras parte de los miles de  millones de pesos que el sector paga en impuestos.<\/p>\n<p>&#13;<\/p>\n<p align=\"justify\" class=\"text1noticias\">Dijo el gobierno  del presidente Leonel Fern\u00e1ndez ha sido injusto con el sector tur\u00edstico porque  a pesar de las grandes inversiones que se hacen en los diferentes polos,  especialmente en la regi\u00f3n Este, y la suma respetada que se paga en impuestos  \u201cno atiende al reclamo de una serie de obras que son vitales para el desarrollo  y el crecimiento de la zona\u201d.<\/p>\n<p>&#13;<\/p>\n<p align=\"justify\" class=\"text1noticias\">\u201cEstas son de la  injusticias que se cometen en este gobierno que uno no encuentra explicaci\u00f3n  l\u00f3gica\u201d, sostuvo.<\/p>\n<p>&#13;<\/p>\n<p align=\"justify\" class=\"text1noticias\">Insisti\u00f3 que en  su administraci\u00f3n esas injusticias se acabar\u00e1n, porque dijo que se devolver\u00e1n  en obras de infraestructuras una parte significativa de los impuestos que pagan  los hoteleros, \u201cy lo propio haremos con todos los sectores de la sociedad  dominicana\u201d.<\/p>\n<p>&#13;<\/p>\n<h6> 2008-01-21 21:19:02 <\/h6>\n<p><!--\n<link rel=\"stylesheet\" href=\"css\/bootstrap.min.css\">\n\n\n<ul class=\"pagination\">\n\t    \n\t\n\n<li >\n\t<a href='?page_no=34297'>Previous<\/a>\n\t<\/li>\n\n\n       \n    \n\n<li><a href='?page_no=1'>1<\/a><\/li>\n\n\n\n<li><a href='?page_no=2'>2<\/a><\/li>\n\n\n\n<li><a>...<\/a><\/li>\n\n\n\n<li><a href='?page_no=34296'>34296<\/a><\/li>\n\n\n\n<li><a href='?page_no=34297'>34297<\/a><\/li>\n\n\n\n<li class='active'><a>34298<\/a><\/li>\n\n\n\n<li><a href='?page_no=34299'>34299<\/a><\/li>\n\n\n\n<li><a href='?page_no=34300'>34300<\/a><\/li>\n\n\n\n<li><a>...<\/a><\/li>\n\n\n\n<li><a href='?page_no=36999'>36999<\/a><\/li>\n\n\n\n<li><a href='?page_no=37000'>37000<\/a><\/li>\n\n    \n\t\n\n<li >\n\t<a href='?page_no=34299'>Next<\/a>\n\t<\/li>\n\n\n    \n\n<li><a href='?page_no=37000'>Last &rsaquo;&rsaquo;<\/a><\/li>\n\n<\/ul>\n\n\n--><br \/>\n<\/body><\/p>\n","protected":false},"excerpt":{"rendered":"<p>Amable Aristy afirma: Dominicanos necesitan Presidente de fe que derrote pesimismo y desesperanza &#13; HIGUEY.- El candidato presidencial del Partido Reformista Social Cristiano (PRSC) declar\u00f3 aqu\u00ed al participar en la homil\u00eda con motivo del D\u00eda la Altagracia que los dominicanos necesitan como presidente un hombre de fe que derrote el pesimismo, la desesperanza y la [&hellip;]<\/p>\n","protected":false},"author":3,"featured_media":0,"comment_status":"open","ping_status":"open","sticky":false,"template":"","format":"standard","meta":{"footnotes":""},"categories":[22],"tags":[],"class_list":["post-191550","post","type-post","status-publish","format-standard","hentry","category-politica"],"_links":{"self":[{"href":"https:\/\/diariodominicano.com\/index.php?rest_route=\/wp\/v2\/posts\/191550","targetHints":{"allow":["GET"]}}],"collection":[{"href":"https:\/\/diariodominicano.com\/index.php?rest_route=\/wp\/v2\/posts"}],"about":[{"href":"https:\/\/diariodominicano.com\/index.php?rest_route=\/wp\/v2\/types\/post"}],"author":[{"embeddable":true,"href":"https:\/\/diariodominicano.com\/index.php?rest_route=\/wp\/v2\/users\/3"}],"replies":[{"embeddable":true,"href":"https:\/\/diariodominicano.com\/index.php?rest_route=%2Fwp%2Fv2%2Fcomments&post=191550"}],"version-history":[{"count":0,"href":"https:\/\/diariodominicano.com\/index.php?rest_route=\/wp\/v2\/posts\/191550\/revisions"}],"wp:attachment":[{"href":"https:\/\/diariodominicano.com\/index.php?rest_route=%2Fwp%2Fv2%2Fmedia&parent=191550"}],"wp:term":[{"taxonomy":"category","embeddable":true,"href":"https:\/\/diariodominicano.com\/index.php?rest_route=%2Fwp%2Fv2%2Fcategories&post=191550"},{"taxonomy":"post_tag","embeddable":true,"href":"https:\/\/diariodominicano.com\/index.php?rest_route=%2Fwp%2Fv2%2Ftags&post=191550"}],"curies":[{"name":"wp","href":"https:\/\/api.w.org\/{rel}","templated":true}]}}