{"id":191549,"date":"2008-01-21T23:37:01","date_gmt":"2008-01-21T23:37:01","guid":{"rendered":"http:\/\/diariodominicano.ddns.net\/?p=191549"},"modified":"2008-01-21T23:37:01","modified_gmt":"2008-01-21T23:37:01","slug":"eduardo-estrella-dice-iglesia-puso-el-dedo-en-la-llaga-sobre-proceso-electoral","status":"publish","type":"post","link":"https:\/\/diariodominicano.com\/?p=191549","title":{"rendered":"Eduardo Estrella dice Iglesia puso el dedo en la llaga, sobre proceso electoral"},"content":{"rendered":"<p><body><\/p>\n<p align=\"justify\" class=\"titulogrande1\">Eduardo  Estrella dice Iglesia puso el dedo en la llaga, sobre proceso electoral<\/p>\n<p>&#13;<\/p>\n<p align=\"justify\" class=\"text1noticias\"><strong><img loading=\"lazy\" decoding=\"async\" src=\"http:\/\/localhost:8080\/pictures\/eduardo estrella misa.jpg\" width=\"269\" height=\"214\" hspace=\"4\" align=\"left\" \/>SANTIAGO.-<\/strong> El candidato  presidencial de la Cuarta   V\u00eda, Eduardo Estrella, felicit\u00f3 \u00a0aqu\u00ed a la Iglesia Cat\u00f3lica  por haber puesto el dedo sobre la llaga,  practicando una efectiva radiograf\u00eda del ambientedeplorable en que se  desenvuelve el actual proceso de campa\u00f1a electoral.<\/p>\n<p>&#13;<\/p>\n<p align=\"justify\" class=\"text1noticias\">Asegur\u00f3 que los candidatos de los partidos  tradicionales se quedan sin respuesta ante  los reclamos de los prelados, ya que si recurren a las descalificaciones  mutuas es precisamente porque sus discursos carecen de  propuestas a consecuencia de que no tienen nada que ofrecer a la poblaci\u00f3n  dominicana.<\/p>\n<p>&#13;<\/p>\n<p align=\"justify\" class=\"text1noticias\">Eduardo emiti\u00f3 sus declaraciones luego de  participar en Santiago en una misa en la iglesia  Nuestra Se\u00f1ora de la   Altagracia, en la que el obispo auxiliar de la Arquidi\u00f3cesis de  esta ciudad, Valent\u00edn Reynoso reclam\u00f3 de los candidatos  presidenciales buscar el camino del di\u00e1logo y del bien com\u00fan, y a detener  la campa\u00f1a de acusaciones y contra acusaciones que protagonizan,  porque no conducen a nada. <\/p>\n<p>&#13;<\/p>\n<p align=\"justify\" class=\"text1noticias\">El candidato presidencial de la Cuarta V\u00eda, quien  asisti\u00f3 a la misa acompa\u00f1ado de su esposa,  Arelis de Estrella, se mostr\u00f3 de acuerdo con los planteamientos del obispo  auxiliar de Santiago, y dijo que como hombre de vocaci\u00f3n religiosa  pide, al igual que lo hizo el prelado cat\u00f3lico, que la Virgen de la Altagracia interceda  para que cese la violencia y la ola de  cr\u00edmenes que enl\u00fatese a tantas familias dominicanas.<br \/>&#13;<br \/>\n  \u00a0<br \/>&#13;<br \/>\n  Dijo que en un d\u00eda tan  especial como el de hoy, hace un llamado a todo el pueblo dominicano a no  perder la F\u00e9 y la  espiritualidad, que defini\u00f3 como las armas m\u00e1s  efectivas para luchar contra los males que afectan a la sociedad  dominicana, y para los cuales los candidatos presidenciales a los que la  iglesia cat\u00f3lica vuelve hoy a llamar la atenci\u00f3n, no parecen tener  ninguna respuesta.<\/p>\n<p>&#13;<\/p>\n<p align=\"justify\" class=\"text1noticias\">&#8216;Hay que felicitar a la Iglesia Cat\u00f3lica  por asumir una vez m\u00e1s su papel de defensora de las  grandes mayor\u00eda dominicanas, de los oprimidos y olvidados de la  sociedad, hay que felicitar las palabras del obispo auxiliar de  Santiago Valent\u00edn Reynoso, pero tambi\u00e9n hay que felicitar la responsable exhortaci\u00f3n en Santo Domingo de los monse\u00f1ores Benito \u00c1ngeles y  Jos\u00e9 Dolores Grull\u00f3n, as\u00ed como la del Obispo de la Arquidi\u00f3cesis de  Higuey, Nicanor Pe\u00f1a, quien llam\u00f3 a utilizar nuestros dones para  dar servicio a los dem\u00e1s, no para el provecho propio ni para  favorecer a grupos&#8217;, expres\u00f3 Eduardo Estrella.<br \/>&#13;<br \/>\n  \u00a0<br \/>&#13;<br \/>\n  El candidato presidencial de la Cuarta V\u00eda consider\u00f3  que puestas en conjunto, las exhortaciones  de los diferentes obispos en los diferentes escenarios donde  fueron celebradas ceremonias religiosas para venerar a la Virgen de la Altagracia, constituyen  una inequ\u00edvoca radiograf\u00eda de lo que viene  aconteciendo durante el presente proceso electoral, donde en lugar de  discutir propuestas e ideas, lo que se escenifica es una batalla  para demostrar cu\u00e1l de los candidatos de los partidos tradicionales es el  m\u00e1s corrupto, por lo que les ha hecho un llamado a que aclaren ante la  naci\u00f3n estas acusaciones o que renuncien a las candidaturas.<\/p>\n<p>&#13;<\/p>\n<p align=\"justify\" class=\"text1noticias\">Dijo que ante tal situaci\u00f3n, pide a la  poblaci\u00f3n poner su o\u00eddo y su coraz\u00f3n en el clamor de la Iglesia, que act\u00faa con  mucha responsabilidad ante un  escenario tan deprimente.<\/p>\n<p>&#13;<\/p>\n<h6> 2008-01-21 23:37:01 <\/h6>\n<p><!--\n<link rel=\"stylesheet\" href=\"css\/bootstrap.min.css\">\n\n\n<ul class=\"pagination\">\n\t    \n\t\n\n<li >\n\t<a href='?page_no=34296'>Previous<\/a>\n\t<\/li>\n\n\n       \n    \n\n<li><a href='?page_no=1'>1<\/a><\/li>\n\n\n\n<li><a href='?page_no=2'>2<\/a><\/li>\n\n\n\n<li><a>...<\/a><\/li>\n\n\n\n<li><a href='?page_no=34295'>34295<\/a><\/li>\n\n\n\n<li><a href='?page_no=34296'>34296<\/a><\/li>\n\n\n\n<li class='active'><a>34297<\/a><\/li>\n\n\n\n<li><a href='?page_no=34298'>34298<\/a><\/li>\n\n\n\n<li><a href='?page_no=34299'>34299<\/a><\/li>\n\n\n\n<li><a>...<\/a><\/li>\n\n\n\n<li><a href='?page_no=36999'>36999<\/a><\/li>\n\n\n\n<li><a href='?page_no=37000'>37000<\/a><\/li>\n\n    \n\t\n\n<li >\n\t<a href='?page_no=34298'>Next<\/a>\n\t<\/li>\n\n\n    \n\n<li><a href='?page_no=37000'>Last &rsaquo;&rsaquo;<\/a><\/li>\n\n<\/ul>\n\n\n--><br \/>\n<\/body><\/p>\n","protected":false},"excerpt":{"rendered":"<p>Eduardo Estrella dice Iglesia puso el dedo en la llaga, sobre proceso electoral &#13; SANTIAGO.- El candidato presidencial de la Cuarta V\u00eda, Eduardo Estrella, felicit\u00f3 \u00a0aqu\u00ed a la Iglesia Cat\u00f3lica por haber puesto el dedo sobre la llaga, practicando una efectiva radiograf\u00eda del ambientedeplorable en que se desenvuelve el actual proceso de campa\u00f1a electoral. &#13; [&hellip;]<\/p>\n","protected":false},"author":3,"featured_media":0,"comment_status":"open","ping_status":"open","sticky":false,"template":"","format":"standard","meta":{"footnotes":""},"categories":[22],"tags":[],"class_list":["post-191549","post","type-post","status-publish","format-standard","hentry","category-politica"],"_links":{"self":[{"href":"https:\/\/diariodominicano.com\/index.php?rest_route=\/wp\/v2\/posts\/191549","targetHints":{"allow":["GET"]}}],"collection":[{"href":"https:\/\/diariodominicano.com\/index.php?rest_route=\/wp\/v2\/posts"}],"about":[{"href":"https:\/\/diariodominicano.com\/index.php?rest_route=\/wp\/v2\/types\/post"}],"author":[{"embeddable":true,"href":"https:\/\/diariodominicano.com\/index.php?rest_route=\/wp\/v2\/users\/3"}],"replies":[{"embeddable":true,"href":"https:\/\/diariodominicano.com\/index.php?rest_route=%2Fwp%2Fv2%2Fcomments&post=191549"}],"version-history":[{"count":0,"href":"https:\/\/diariodominicano.com\/index.php?rest_route=\/wp\/v2\/posts\/191549\/revisions"}],"wp:attachment":[{"href":"https:\/\/diariodominicano.com\/index.php?rest_route=%2Fwp%2Fv2%2Fmedia&parent=191549"}],"wp:term":[{"taxonomy":"category","embeddable":true,"href":"https:\/\/diariodominicano.com\/index.php?rest_route=%2Fwp%2Fv2%2Fcategories&post=191549"},{"taxonomy":"post_tag","embeddable":true,"href":"https:\/\/diariodominicano.com\/index.php?rest_route=%2Fwp%2Fv2%2Ftags&post=191549"}],"curies":[{"name":"wp","href":"https:\/\/api.w.org\/{rel}","templated":true}]}}