{"id":191548,"date":"2008-01-21T23:41:58","date_gmt":"2008-01-21T23:41:58","guid":{"rendered":"http:\/\/diariodominicano.ddns.net\/?p=191548"},"modified":"2008-01-21T23:41:58","modified_gmt":"2008-01-21T23:41:58","slug":"vargas-maldonado-respalda-sectores-reclaman-construccion-de-obras-en-la-altagracia","status":"publish","type":"post","link":"https:\/\/diariodominicano.com\/?p=191548","title":{"rendered":"Vargas Maldonado respalda sectores reclaman construcci\u00f3n de obras en La Altagracia"},"content":{"rendered":"<p><body><\/p>\n<p align=\"justify\" class=\"titulogrande1\">Vargas Maldonado respalda sectores  reclaman construcci\u00f3n de obras en La Altagracia<\/p>\n<p>&#13;<\/p>\n<p align=\"justify\" class=\"text1noticias\"><strong><img loading=\"lazy\" decoding=\"async\" src=\"http:\/\/localhost:8080\/pictures\/maldonado caravana.jpg\" width=\"269\" height=\"179\" hspace=\"4\" align=\"left\" \/>Santo  Domingo.-<\/strong> El candidato presidencial Miguel Vargas expres\u00f3 respaldo absoluto este  lunes a los reclamos de sectores empresariales, organizaciones laborales e  instituciones de la provincia La   Altagracia que demandaron al\u00a0 presidente Leonel  Fern\u00e1ndez la construcci\u00f3n y terminaci\u00f3n de obras de infraestructura y\u00a0  denunciaron una creciente arrabalizaci\u00f3n de la zona y deficiencia en  los servicios b\u00e1sicos. <br \/>&#13;<br \/>\n  <br \/>&#13;<br \/>\n  Dijo  \u00a0que la desatenci\u00f3n del presidente  Fern\u00e1ndez no es solo con la situaci\u00f3n del sector tur\u00edstico del Este sino  tambi\u00e9n a los productores agropecuarios, las zonas francas, las micro, peque\u00f1as  y medianas empresas, mientras que ha sido muy diligente para imponer tres  reformas fiscales que han golpeado con severidad a las empresas y a las  personas f\u00edsicas. <br \/>&#13;<br \/>\n  <br \/>&#13;<br \/>\n  \u00abSe  trata de un abandono total a los sectores productivos y a la poblaci\u00f3n en  general que ahora esta siendo ahogada por los altos precios de todos los  art\u00edculos y servicios necesarios para el desenvolvimiento de la vida, mientras  el candidato reeleccionista y sus altos funcionarios derrocan a su antojo los  dineros que los empresarios y las personas f\u00edsicas pagamos de impuestos\u00bb,  preciso. \u00a0 <br \/>&#13;<br \/>\n  Dijo que el pueblo  siempre ha sabido superar las dificultades y sobreponerse por lo que espera que  con el apoyo que siempre ha tenido de la Virgen de la Altagracia, su madre  protectora, los dominicanos y dominicanas sabr\u00e1n quitarse de encima \u00abesta  pesadilla que ocasiona al pa\u00eds un presidente incumplidor como el doctor  Fern\u00e1ndez, que no tiene compasi\u00f3n por los sufrimientos de la gente\u00bb. <br \/>&#13;<br \/>\n  <br \/>&#13;<br \/>\n  Afirmo  que con la voluntad de Dios, la protecci\u00f3n de la Virgen y la voluntad del  pueblo, el 16 de mayo habr\u00e1 un rumbo diferente de los destinos del pueblo dominicano  y muy especialmente para los m\u00e1s necesitados y necesitadas del pa\u00eds. <br \/>&#13;<br \/>\n  <br \/>&#13;<br \/>\n  El  candidato presidencial del PRD entro temprano al templo. A su llegada a la  misa, dilatada unos 40 minutos, el presidente Fern\u00e1ndez saludo furtivamente al  ingeniero Vargas.\u00a0 En la ceremonia final de la misa, Miguel Vargas  intercambio saludos con Amable Aristy Castro, y V\u00edctor G\u00f3mez Casanova,  candidato presidencial y Secretario General del Partido Reformista Social  Cristiano, con el senador Roberto Rodrigue y los empresarios Alejandro. <\/p>\n<p>&#13;<\/p>\n<h6> 2008-01-21 23:41:58 <\/h6>\n<p><!--\n<link rel=\"stylesheet\" href=\"css\/bootstrap.min.css\">\n\n\n<ul class=\"pagination\">\n\t    \n\t\n\n<li >\n\t<a href='?page_no=34295'>Previous<\/a>\n\t<\/li>\n\n\n       \n    \n\n<li><a href='?page_no=1'>1<\/a><\/li>\n\n\n\n<li><a href='?page_no=2'>2<\/a><\/li>\n\n\n\n<li><a>...<\/a><\/li>\n\n\n\n<li><a href='?page_no=34294'>34294<\/a><\/li>\n\n\n\n<li><a href='?page_no=34295'>34295<\/a><\/li>\n\n\n\n<li class='active'><a>34296<\/a><\/li>\n\n\n\n<li><a href='?page_no=34297'>34297<\/a><\/li>\n\n\n\n<li><a href='?page_no=34298'>34298<\/a><\/li>\n\n\n\n<li><a>...<\/a><\/li>\n\n\n\n<li><a href='?page_no=36999'>36999<\/a><\/li>\n\n\n\n<li><a href='?page_no=37000'>37000<\/a><\/li>\n\n    \n\t\n\n<li >\n\t<a href='?page_no=34297'>Next<\/a>\n\t<\/li>\n\n\n    \n\n<li><a href='?page_no=37000'>Last &rsaquo;&rsaquo;<\/a><\/li>\n\n<\/ul>\n\n\n--><br \/>\n<\/body><\/p>\n","protected":false},"excerpt":{"rendered":"<p>Vargas Maldonado respalda sectores reclaman construcci\u00f3n de obras en La Altagracia &#13; Santo Domingo.- El candidato presidencial Miguel Vargas expres\u00f3 respaldo absoluto este lunes a los reclamos de sectores empresariales, organizaciones laborales e instituciones de la provincia La Altagracia que demandaron al\u00a0 presidente Leonel Fern\u00e1ndez la construcci\u00f3n y terminaci\u00f3n de obras de infraestructura y\u00a0 denunciaron [&hellip;]<\/p>\n","protected":false},"author":3,"featured_media":0,"comment_status":"open","ping_status":"open","sticky":false,"template":"","format":"standard","meta":{"footnotes":""},"categories":[22],"tags":[],"class_list":["post-191548","post","type-post","status-publish","format-standard","hentry","category-politica"],"_links":{"self":[{"href":"https:\/\/diariodominicano.com\/index.php?rest_route=\/wp\/v2\/posts\/191548","targetHints":{"allow":["GET"]}}],"collection":[{"href":"https:\/\/diariodominicano.com\/index.php?rest_route=\/wp\/v2\/posts"}],"about":[{"href":"https:\/\/diariodominicano.com\/index.php?rest_route=\/wp\/v2\/types\/post"}],"author":[{"embeddable":true,"href":"https:\/\/diariodominicano.com\/index.php?rest_route=\/wp\/v2\/users\/3"}],"replies":[{"embeddable":true,"href":"https:\/\/diariodominicano.com\/index.php?rest_route=%2Fwp%2Fv2%2Fcomments&post=191548"}],"version-history":[{"count":0,"href":"https:\/\/diariodominicano.com\/index.php?rest_route=\/wp\/v2\/posts\/191548\/revisions"}],"wp:attachment":[{"href":"https:\/\/diariodominicano.com\/index.php?rest_route=%2Fwp%2Fv2%2Fmedia&parent=191548"}],"wp:term":[{"taxonomy":"category","embeddable":true,"href":"https:\/\/diariodominicano.com\/index.php?rest_route=%2Fwp%2Fv2%2Fcategories&post=191548"},{"taxonomy":"post_tag","embeddable":true,"href":"https:\/\/diariodominicano.com\/index.php?rest_route=%2Fwp%2Fv2%2Ftags&post=191548"}],"curies":[{"name":"wp","href":"https:\/\/api.w.org\/{rel}","templated":true}]}}