{"id":191545,"date":"2008-01-22T04:17:12","date_gmt":"2008-01-22T04:17:12","guid":{"rendered":"http:\/\/diariodominicano.ddns.net\/?p=191545"},"modified":"2008-01-22T04:17:12","modified_gmt":"2008-01-22T04:17:12","slug":"raul-martinez-se-lanza-contra-lincoln-diaz-balart","status":"publish","type":"post","link":"https:\/\/diariodominicano.com\/?p=191545","title":{"rendered":"Ra\u00fal Mart\u00ednez se lanza contra Lincoln D\u00edaz-Balart"},"content":{"rendered":"<p><body><\/p>\n<h1 class=\"titulogrande1\">Ra\u00fal  Mart\u00ednez se lanza contra Lincoln D\u00edaz-Balart<\/h1>\n<p>&#13;<\/p>\n<h3 align=\"justify\"><span class=\"text1noticias\"><strong>AP <\/strong><\/span><br \/>&#13;<br \/>\n  <br \/>&#13;<br \/>\n    <span class=\"text1noticias\"><img loading=\"lazy\" decoding=\"async\" src=\"http:\/\/localhost:8080\/pictures\/raul martinez.jpg\" width=\"269\" height=\"156\" hspace=\"4\" align=\"left\" \/>El  ex alcalde de Hialeah Ra\u00fal Mart\u00ednez anunciar\u00e1 ma\u00f1ana martes su candidatura al  cargo de representante federal que ocupa actualmente el congresista republicano  Lincoln D\u00edaz-Balart.<br \/>&#13;<br \/>\n    <br \/>&#13;<br \/>\n    Poniendo  fin a una ola de especulaciones en las \u00faltimas semanas, Mart\u00ednez, un peso  pesado del Partido Dem\u00f3crata, confirm\u00f3 esta tarde la postulaci\u00f3n en  declaraciones a El Nuevo Herald.<br \/>&#13;<br \/>\n    <br \/>&#13;<br \/>\n    <br \/>&#13;<br \/>\n    \u00abYa  est\u00e1 decidido, y ma\u00f1ana por la ma\u00f1ana voy a declarar mi intenci\u00f3n de ser  candidato por el asiento correspondiente al distrito 21\u00bb, dijo Mart\u00ednez en una  conversaci\u00f3n telef\u00f3nica.<br \/>&#13;<br \/>\n<br \/>&#13;<br \/>\nEl  enfrentamiento pol\u00edtico entre Mart\u00ednez y D\u00edaz-Balart ser\u00e1 una de las contiendas  electorales m\u00e1s electrizantes que haya visto el sur de la Florida, ya que ambos  tienen fuertes personalidades y su rivalidad pol\u00edtica es p\u00fablica.<br \/>&#13;<br \/>\n<br \/>&#13;<br \/>\nD\u00edaz-Balart  y Mart\u00ednez difieren pr\u00e1cticamente en todo, desde pol\u00edtica interna hasta  detalles de las relaciones con Cuba. Esta ser\u00e1 la primera postulaci\u00f3n de  Mart\u00ednez al esca\u00f1o y la novena de D\u00edaz-Balart, qui\u00e9n hasta ahora ha ganado  abrumadoramente desde que se postul\u00f3 por primera vez en 1992.<br \/>&#13;<br \/>\n<br \/>&#13;<br \/>\nMart\u00ednez  dijo este lunes que su candidatura responde a la necesidad de \u00abatender los  problemas verdaderos del distrito, los problemas diarios, cosa que en este  momento no se est\u00e1 haciendo\u00bb.<br \/>&#13;<br \/>\n<br \/>&#13;<br \/>\n\u00abMe  preocupa la falta de trato que el congresista [D\u00edaz-Balart] le ha dado a las  necesidades de la gente, como el alumbrado p\u00fablico, vivienda, educaci\u00f3n,  trabajo, todas esas cosas\u00bb, afirm\u00f3.<br \/>&#13;<br \/>\n<br \/>&#13;<br \/>\n\u00abQuiero  llevar al Congreso un debate lo m\u00e1s bipartidista posible, ya que necesitamos  m\u00e1s cooperaci\u00f3n y menos discusi\u00f3n\u00bb, enfatiz\u00f3 Mart\u00ednez.<br \/>&#13;<br \/>\n<br \/>&#13;<br \/>\nLa  mayor\u00eda de los electores de Mart\u00ednez y D\u00edaz-Balart son cubanoamericanos y la  situaci\u00f3n de la isla ser\u00e1 un tema importante en esta campa\u00f1a que se avecina.<br \/>&#13;<br \/>\n<br \/>&#13;<br \/>\n\u00abEl  embargo no debe ser tocado de ninguna forma. En eso el congresista y yo no  tenemos una visi\u00f3n diferente. Lo que pasa es que \u00e9l no cree en los valores  familiares y por eso creo que ha sido un error de la administraci\u00f3n republicana  impedir que los cubanos residentes puedan viajar a Cuba y limitar el dinero que  pueden enviar a sus familiares\u00bb, consider\u00f3 Mart\u00ednez.<br \/>&#13;<br \/>\n<br \/>&#13;<br \/>\nY  acot\u00f3: \u00ab\u00bfC\u00f3mo se puede hablar de enviar dinero a los disidentes cuando no  se le puede mandar dinero a la familia?\u00bb.<br \/>&#13;<br \/>\n<br \/>&#13;<br \/>\nA  la vez, tambi\u00e9n contactado telef\u00f3nicamente, D\u00edaz-Balart no perdi\u00f3 un segundo en  fustigar a su opositor.<br \/>&#13;<br \/>\n<br \/>&#13;<br \/>\nDijo  que la decisi\u00f3n no le sorprende, pero asegur\u00f3 que est\u00e1 preparado para la  campa\u00f1a que se avecina.<br \/>&#13;<br \/>\n<br \/>&#13;<br \/>\n\u00abVoy  a basarme en mi expediente de servicio\u00bb, dijo el congresista a El Nuevo  Herald. \u00abMe siento orgulloso de representar a Hialeah y el extraordinario  apoyo que siempre he recibido del pueblo de Hialeah\u00bb.<br \/>&#13;<br \/>\n<br \/>&#13;<br \/>\nActo  seguido apunt\u00f3 lo que considera \u00ablas grandes diferencias\u00bb con el ex  alcalde de La Ciudad  que Progresa.<br \/>&#13;<br \/>\n<br \/>&#13;<br \/>\n\u00abLa  recurrente vulgaridad del se\u00f1or Mart\u00ednez y su uso cr\u00f3nico de cargos p\u00fablicos  para su enriquecimiento econ\u00f3mico personal manifiestan una falta de respeto  hacia el electorado y confirman que \u00e9l no es apto para una posici\u00f3n de  confianza\u00bb, asever\u00f3 el legislador federal.<br \/>&#13;<br \/>\n<br \/>&#13;<br \/>\nD\u00edaz-Balart  se refer\u00eda a la saga judicial que Mart\u00ednez enfrent\u00f3 a fines de la d\u00e9cada de  1980, cuando fue acusado de corrupci\u00f3n y chantaje en su paso por la alcald\u00eda.  El ex alcalde luch\u00f3 por tres a\u00f1os para limpiar su nombre y, eventualmente, la  fiscal\u00eda federal no prosigui\u00f3 el caso.<br \/>&#13;<br \/>\n<br \/>&#13;<br \/>\n\u00abCreo  que los oficiales electos no s\u00f3lo deben actuar con integridad, sino tambi\u00e9n con  respeto hacia aquellos que representan\u00bb, agreg\u00f3 D\u00edaz Balart. <\/span><\/h3>\n<p>&#13;<\/p>\n<h3 align=\"justify\" class=\"text1noticias\">RUI  FERREIRA Y HELENA POLEO<\/h3>\n<p>&#13;<\/p>\n<p align=\"justify\" class=\"text1noticias\">El  Nuevo Herald <br \/>&#13;<br \/>\n  <br \/>&#13;<br \/>\n    <em>rferreira@herald.com<\/em> <\/p>\n<p>&#13;<\/p>\n<h6> 2008-01-22 04:17:12 <\/h6>\n<p><!--\n<link rel=\"stylesheet\" href=\"css\/bootstrap.min.css\">\n\n\n<ul class=\"pagination\">\n\t    \n\t\n\n<li >\n\t<a href='?page_no=34292'>Previous<\/a>\n\t<\/li>\n\n\n       \n    \n\n<li><a href='?page_no=1'>1<\/a><\/li>\n\n\n\n<li><a href='?page_no=2'>2<\/a><\/li>\n\n\n\n<li><a>...<\/a><\/li>\n\n\n\n<li><a href='?page_no=34291'>34291<\/a><\/li>\n\n\n\n<li><a href='?page_no=34292'>34292<\/a><\/li>\n\n\n\n<li class='active'><a>34293<\/a><\/li>\n\n\n\n<li><a href='?page_no=34294'>34294<\/a><\/li>\n\n\n\n<li><a href='?page_no=34295'>34295<\/a><\/li>\n\n\n\n<li><a>...<\/a><\/li>\n\n\n\n<li><a href='?page_no=36999'>36999<\/a><\/li>\n\n\n\n<li><a href='?page_no=37000'>37000<\/a><\/li>\n\n    \n\t\n\n<li >\n\t<a href='?page_no=34294'>Next<\/a>\n\t<\/li>\n\n\n    \n\n<li><a href='?page_no=37000'>Last &rsaquo;&rsaquo;<\/a><\/li>\n\n<\/ul>\n\n\n--><br \/>\n<\/body><\/p>\n","protected":false},"excerpt":{"rendered":"<p>Ra\u00fal Mart\u00ednez se lanza contra Lincoln D\u00edaz-Balart &#13; AP &#13; &#13; El ex alcalde de Hialeah Ra\u00fal Mart\u00ednez anunciar\u00e1 ma\u00f1ana martes su candidatura al cargo de representante federal que ocupa actualmente el congresista republicano Lincoln D\u00edaz-Balart.&#13; &#13; Poniendo fin a una ola de especulaciones en las \u00faltimas semanas, Mart\u00ednez, un peso pesado del Partido Dem\u00f3crata, [&hellip;]<\/p>\n","protected":false},"author":3,"featured_media":0,"comment_status":"open","ping_status":"open","sticky":false,"template":"","format":"standard","meta":{"footnotes":""},"categories":[22],"tags":[],"class_list":["post-191545","post","type-post","status-publish","format-standard","hentry","category-politica"],"_links":{"self":[{"href":"https:\/\/diariodominicano.com\/index.php?rest_route=\/wp\/v2\/posts\/191545","targetHints":{"allow":["GET"]}}],"collection":[{"href":"https:\/\/diariodominicano.com\/index.php?rest_route=\/wp\/v2\/posts"}],"about":[{"href":"https:\/\/diariodominicano.com\/index.php?rest_route=\/wp\/v2\/types\/post"}],"author":[{"embeddable":true,"href":"https:\/\/diariodominicano.com\/index.php?rest_route=\/wp\/v2\/users\/3"}],"replies":[{"embeddable":true,"href":"https:\/\/diariodominicano.com\/index.php?rest_route=%2Fwp%2Fv2%2Fcomments&post=191545"}],"version-history":[{"count":0,"href":"https:\/\/diariodominicano.com\/index.php?rest_route=\/wp\/v2\/posts\/191545\/revisions"}],"wp:attachment":[{"href":"https:\/\/diariodominicano.com\/index.php?rest_route=%2Fwp%2Fv2%2Fmedia&parent=191545"}],"wp:term":[{"taxonomy":"category","embeddable":true,"href":"https:\/\/diariodominicano.com\/index.php?rest_route=%2Fwp%2Fv2%2Fcategories&post=191545"},{"taxonomy":"post_tag","embeddable":true,"href":"https:\/\/diariodominicano.com\/index.php?rest_route=%2Fwp%2Fv2%2Ftags&post=191545"}],"curies":[{"name":"wp","href":"https:\/\/api.w.org\/{rel}","templated":true}]}}