{"id":191543,"date":"2008-01-22T14:54:51","date_gmt":"2008-01-22T14:54:51","guid":{"rendered":"http:\/\/diariodominicano.ddns.net\/?p=191543"},"modified":"2008-01-22T14:54:51","modified_gmt":"2008-01-22T14:54:51","slug":"la-fuerza-integral-progresista-considera-irrespetuoso-el-trato-del-prd-al-presidente-de-la-republica","status":"publish","type":"post","link":"https:\/\/diariodominicano.com\/?p=191543","title":{"rendered":"La Fuerza Integral Progresista considera irrespetuoso el trato del PRD al Presidente de la Rep\u00fablica"},"content":{"rendered":"<p><body><\/p>\n<p align=\"justify\"><span class=\"titulogrande1\"><strong>La Fuerza Integral Progresista  considera irrespetuoso el trato del <\/strong> <strong>PRD al Presidente de la   Rep\u00fablica<\/strong><\/span> <\/p>\n<p>&#13;<\/p>\n<p align=\"justify\" class=\"text1noticias\"><strong><img loading=\"lazy\" decoding=\"async\" src=\"http:\/\/localhost:8080\/pictures\/francis mejia.jpg\" width=\"269\" height=\"229\" hspace=\"4\" align=\"left\" \/>Santo Domingo.-<\/strong> La Fuerza   Integral Progresista advierte  que el tono difamante, irrespetuoso y violatorio de las normas que aconseja la convivencia democr\u00e1tica que  viene observando el presidente del\u00a0Partido Revolucionario Dominicano, Ram\u00f3n Alburquerque contra la figura  del Presidente de la   Rep\u00fablica, amerita el m\u00e1s sentido rechazo\u00a0\u00a0 por parte de la sociedad dominicana,  comprometida con el\u00a0 fortalecimiento de  las instituciones democr\u00e1ticas. <\/p>\n<p>&#13;<\/p>\n<p align=\"justify\" class=\"text1noticias\">\u00abQue recordemos, nunca antes el  m\u00e1ximo representante de una organizaci\u00f3n pol\u00edtica, hab\u00eda dado muestras tan  da\u00f1inas y perturbadoras de irracionalidad como las que hoy exhibe el presidente  del PRD, con el c\u00famulo de imputaciones y calumnias a los que irresponsablemente  apela al referirse p\u00fablicamente al jefe del Estado\u00bb, dijo Francis Mej\u00eda,  presidente de la FIP. <\/p>\n<p>&#13;<\/p>\n<p align=\"justify\" class=\"text1noticias\">Mej\u00eda dijo que aunque el bajo  posicionamiento que le atribuyen todas las encuestas al candidato del PRD  podr\u00eda estar provocando desesperaci\u00f3n en el seno de esa organizaci\u00f3n opositora,  de ninguna manera el pa\u00eds puede permitir que la campa\u00f1a electoral tome el curso  del irrespeto y la violaci\u00f3n a la integridad moral del Presidente de la Rep\u00fablica, como pretende  el ingeniero Ram\u00f3n Alburquerque. <\/p>\n<p>&#13;<\/p>\n<p align=\"justify\" class=\"text1noticias\">Apunt\u00f3 que no es posible que ese  se\u00f1or, irrespetando los medios que le ceden sus espacios e irrespetando al  pa\u00eds, apele a todo tipo de improperios para referirse a una persona que  \u00abadem\u00e1s de demostrar decencia en todas sus acciones, ha sido sumamente  consecuente con su esp\u00edritu civilista y democr\u00e1tico, ofreciendo demostraciones  permanentes de tolerancia ante sus adversarios pol\u00edticos\u00bb. <\/p>\n<p>&#13;<\/p>\n<p align=\"justify\" class=\"text1noticias\">Mej\u00eda dijo que es por ello que la Fuerza Integral  Progresista reclama al presidente del PRD que cuando se refiera al Presidente  de la Rep\u00fablica  lo haga con el debido respeto que se merece la Primera Magistratura  del Estado. <\/p>\n<p>&#13;<\/p>\n<p align=\"justify\" class=\"text1noticias\">\u00abEl proceso hacia la  consolidaci\u00f3n de la democracia en el Pa\u00eds amerita de un sistema de partidos  capaz de responder con planteamientos program\u00e1ticos, los requerimientos de un  pueblo que apuesta a la b\u00fasqueda definitiva de soluciones a  los graves problemas que padece la   Naci\u00f3n desde hace muchos a\u00f1os\u00bb, manifest\u00f3. <br \/>&#13;<br \/>\n  <br \/>&#13;<br \/>\n  Sostuvo que la actitud irrespetuosa  de Alburquerque confirma la teor\u00eda de que \u00abel PRD padece de una hist\u00f3rica  y degenerativa debilidad que consiste en traslucir sus enojos y frustraciones \u00a0internas, con  actitudes como las que viene asumiendo su actual Presidente, sin pensar que en  definitiva hunde cada vez m\u00e1s las aspiraciones de su candidato y de su propia  organizaci\u00f3n\u00bb. <\/p>\n<p>&#13;<\/p>\n<h6> 2008-01-22 14:54:51 <\/h6>\n<p><!--\n<link rel=\"stylesheet\" href=\"css\/bootstrap.min.css\">\n\n\n<ul class=\"pagination\">\n\t    \n\t\n\n<li >\n\t<a href='?page_no=34290'>Previous<\/a>\n\t<\/li>\n\n\n       \n    \n\n<li><a href='?page_no=1'>1<\/a><\/li>\n\n\n\n<li><a href='?page_no=2'>2<\/a><\/li>\n\n\n\n<li><a>...<\/a><\/li>\n\n\n\n<li><a href='?page_no=34289'>34289<\/a><\/li>\n\n\n\n<li><a href='?page_no=34290'>34290<\/a><\/li>\n\n\n\n<li class='active'><a>34291<\/a><\/li>\n\n\n\n<li><a href='?page_no=34292'>34292<\/a><\/li>\n\n\n\n<li><a href='?page_no=34293'>34293<\/a><\/li>\n\n\n\n<li><a>...<\/a><\/li>\n\n\n\n<li><a href='?page_no=36999'>36999<\/a><\/li>\n\n\n\n<li><a href='?page_no=37000'>37000<\/a><\/li>\n\n    \n\t\n\n<li >\n\t<a href='?page_no=34292'>Next<\/a>\n\t<\/li>\n\n\n    \n\n<li><a href='?page_no=37000'>Last &rsaquo;&rsaquo;<\/a><\/li>\n\n<\/ul>\n\n\n--><br \/>\n<\/body><\/p>\n","protected":false},"excerpt":{"rendered":"<p>La Fuerza Integral Progresista considera irrespetuoso el trato del PRD al Presidente de la Rep\u00fablica &#13; Santo Domingo.- La Fuerza Integral Progresista advierte que el tono difamante, irrespetuoso y violatorio de las normas que aconseja la convivencia democr\u00e1tica que viene observando el presidente del\u00a0Partido Revolucionario Dominicano, Ram\u00f3n Alburquerque contra la figura del Presidente de la [&hellip;]<\/p>\n","protected":false},"author":3,"featured_media":0,"comment_status":"open","ping_status":"open","sticky":false,"template":"","format":"standard","meta":{"footnotes":""},"categories":[22],"tags":[],"class_list":["post-191543","post","type-post","status-publish","format-standard","hentry","category-politica"],"_links":{"self":[{"href":"https:\/\/diariodominicano.com\/index.php?rest_route=\/wp\/v2\/posts\/191543","targetHints":{"allow":["GET"]}}],"collection":[{"href":"https:\/\/diariodominicano.com\/index.php?rest_route=\/wp\/v2\/posts"}],"about":[{"href":"https:\/\/diariodominicano.com\/index.php?rest_route=\/wp\/v2\/types\/post"}],"author":[{"embeddable":true,"href":"https:\/\/diariodominicano.com\/index.php?rest_route=\/wp\/v2\/users\/3"}],"replies":[{"embeddable":true,"href":"https:\/\/diariodominicano.com\/index.php?rest_route=%2Fwp%2Fv2%2Fcomments&post=191543"}],"version-history":[{"count":0,"href":"https:\/\/diariodominicano.com\/index.php?rest_route=\/wp\/v2\/posts\/191543\/revisions"}],"wp:attachment":[{"href":"https:\/\/diariodominicano.com\/index.php?rest_route=%2Fwp%2Fv2%2Fmedia&parent=191543"}],"wp:term":[{"taxonomy":"category","embeddable":true,"href":"https:\/\/diariodominicano.com\/index.php?rest_route=%2Fwp%2Fv2%2Fcategories&post=191543"},{"taxonomy":"post_tag","embeddable":true,"href":"https:\/\/diariodominicano.com\/index.php?rest_route=%2Fwp%2Fv2%2Ftags&post=191543"}],"curies":[{"name":"wp","href":"https:\/\/api.w.org\/{rel}","templated":true}]}}