{"id":191540,"date":"2008-01-22T16:18:28","date_gmt":"2008-01-22T16:18:28","guid":{"rendered":"http:\/\/diariodominicano.ddns.net\/?p=191540"},"modified":"2008-01-22T16:18:28","modified_gmt":"2008-01-22T16:18:28","slug":"candelier-depositara-ofrenda-floral-en-tumba-de-duarte","status":"publish","type":"post","link":"https:\/\/diariodominicano.com\/?p=191540","title":{"rendered":"Candelier depositar\u00e1 ofrenda floral en tumba de Duarte"},"content":{"rendered":"<p><body><\/p>\n<p class=\"titulogrande1\"><strong>Candelier depositar\u00e1 ofrenda floral en tumba de Duarte <\/strong><\/p>\n<p>&#13;<\/p>\n<p align=\"justify\" class=\"text1noticias\"><strong>SANTO  DOMINGO.-<\/strong> El pr\u00f3ximo s\u00e1bado 26 de enero, d\u00eda del fundador de la rep\u00fablica en  horas de la ma\u00f1ana, Pedro de Jes\u00fas Candelier, Candidato y l\u00edder de Alianza  Popular, se har\u00e1 acompa\u00f1ar de los integrantes de la Direcci\u00f3n Ejecutiva  Nacional y de la   Comisi\u00f3n Pol\u00edtica, para depositar una ofrenda floral en la  tumba que guarda los restos inmortales del Padre y Fundador de la nacionalidad  dominicana, Juan Pablo Duarte.<br \/>&#13;<br \/>\n  \u00a0<br \/>&#13;<br \/>\n  Candelier  aprovechar\u00e1 la ocasi\u00f3n para brindar a la Prensa Nacional trascendentales  declaraciones p\u00fablicas respecto al acontecer pol\u00edtico dominicano.<\/p>\n<p>&#13;<\/p>\n<p align=\"justify\" class=\"text1noticias\">Una  nota informativa explic\u00f3 que la conducta pol\u00edtica de homenajear a Duarte ser\u00e1  tambi\u00e9n ejecutada, ese d\u00eda, por las direcciones pol\u00edticas de Alianza Popular en  muchos municipios del pa\u00eds, ya que la organizaci\u00f3n se cree continuar los  anhelos pol\u00edtico- sociales de Duarte, Luper\u00f3n y Francisco Alberto Caama\u00f1o De\u00f1\u00f3. <\/p>\n<p>&#13;<\/p>\n<p align=\"justify\" class=\"text1noticias\"><strong>Su programa de gobierno <\/strong><\/p>\n<p>&#13;<\/p>\n<p align=\"justify\" class=\"text1noticias\">Tambi\u00e9n  el pr\u00f3ximo domingo 27 de enero, a las 10:00 de la ma\u00f1ana, en el audit\u00f3rium de la Cooperativa Vega  Real, Candelier presentar\u00e1 a toda la naci\u00f3n su Programa de Gobierno y su Equipo  Nacional de Campa\u00f1a.<br \/>&#13;<br \/>\n\u00a0<br \/>&#13;<br \/>\nPara  la ocasi\u00f3n Candelier pronunciar\u00e1 un encendido discurso donde delinear\u00e1 las  l\u00edneas maestras o estrat\u00e9gicas de su programa de gobierno, prometiendo referirse  a lo que har\u00eda en el pa\u00eds para establecer un Moderno Estado Nacional Soberano  que descanse en un gobierno Democr\u00e1tico, Participativo y Popular. <\/p>\n<p>&#13;<\/p>\n<p align=\"justify\" class=\"text1noticias\">\u201cAs\u00ed  mismo explicar\u00e1 las pol\u00edticas p\u00fablicas que pondr\u00eda en marcha\u00a0 para vencer la delincuencia, la corrupci\u00f3n,  la impunidad, la haitianizaci\u00f3n, la deudas p\u00fablicas, la deforestaci\u00f3n, el  d\u00e9ficit cuasi fiscal del Banco Central, la insalubridad, la incultura, el  desempleo, el d\u00e9ficit energ\u00e9tico, la ruina del sector agropecuario, la inoperancia  de las zonas francas, la crisis del transporte, la dependencia y el subdesarrollo  que nos afectan, entre otros asuntos\u201d, indic\u00f3 el documento.<br \/>&#13;<br \/>\n  \u00a0<br \/>&#13;<br \/>\n  Puntualiz\u00f3  que luego del acto Candelier recorrer\u00e1 en una extensa caravana los principales barrios  de La Vega, as\u00ed  como algunos distritos municipales, secciones y parajes de aquel importante  Municipio Cabecera.<\/p>\n<p>&#13;<\/p>\n<h6> 2008-01-22 16:18:28 <\/h6>\n<p><!--\n<link rel=\"stylesheet\" href=\"css\/bootstrap.min.css\">\n\n\n<ul class=\"pagination\">\n\t    \n\t\n\n<li >\n\t<a href='?page_no=34287'>Previous<\/a>\n\t<\/li>\n\n\n       \n    \n\n<li><a href='?page_no=1'>1<\/a><\/li>\n\n\n\n<li><a href='?page_no=2'>2<\/a><\/li>\n\n\n\n<li><a>...<\/a><\/li>\n\n\n\n<li><a href='?page_no=34286'>34286<\/a><\/li>\n\n\n\n<li><a href='?page_no=34287'>34287<\/a><\/li>\n\n\n\n<li class='active'><a>34288<\/a><\/li>\n\n\n\n<li><a href='?page_no=34289'>34289<\/a><\/li>\n\n\n\n<li><a href='?page_no=34290'>34290<\/a><\/li>\n\n\n\n<li><a>...<\/a><\/li>\n\n\n\n<li><a href='?page_no=36999'>36999<\/a><\/li>\n\n\n\n<li><a href='?page_no=37000'>37000<\/a><\/li>\n\n    \n\t\n\n<li >\n\t<a href='?page_no=34289'>Next<\/a>\n\t<\/li>\n\n\n    \n\n<li><a href='?page_no=37000'>Last &rsaquo;&rsaquo;<\/a><\/li>\n\n<\/ul>\n\n\n--><br \/>\n<\/body><\/p>\n","protected":false},"excerpt":{"rendered":"<p>Candelier depositar\u00e1 ofrenda floral en tumba de Duarte &#13; SANTO DOMINGO.- El pr\u00f3ximo s\u00e1bado 26 de enero, d\u00eda del fundador de la rep\u00fablica en horas de la ma\u00f1ana, Pedro de Jes\u00fas Candelier, Candidato y l\u00edder de Alianza Popular, se har\u00e1 acompa\u00f1ar de los integrantes de la Direcci\u00f3n Ejecutiva Nacional y de la Comisi\u00f3n Pol\u00edtica, para [&hellip;]<\/p>\n","protected":false},"author":3,"featured_media":0,"comment_status":"open","ping_status":"open","sticky":false,"template":"","format":"standard","meta":{"footnotes":""},"categories":[22],"tags":[],"class_list":["post-191540","post","type-post","status-publish","format-standard","hentry","category-politica"],"_links":{"self":[{"href":"https:\/\/diariodominicano.com\/index.php?rest_route=\/wp\/v2\/posts\/191540","targetHints":{"allow":["GET"]}}],"collection":[{"href":"https:\/\/diariodominicano.com\/index.php?rest_route=\/wp\/v2\/posts"}],"about":[{"href":"https:\/\/diariodominicano.com\/index.php?rest_route=\/wp\/v2\/types\/post"}],"author":[{"embeddable":true,"href":"https:\/\/diariodominicano.com\/index.php?rest_route=\/wp\/v2\/users\/3"}],"replies":[{"embeddable":true,"href":"https:\/\/diariodominicano.com\/index.php?rest_route=%2Fwp%2Fv2%2Fcomments&post=191540"}],"version-history":[{"count":0,"href":"https:\/\/diariodominicano.com\/index.php?rest_route=\/wp\/v2\/posts\/191540\/revisions"}],"wp:attachment":[{"href":"https:\/\/diariodominicano.com\/index.php?rest_route=%2Fwp%2Fv2%2Fmedia&parent=191540"}],"wp:term":[{"taxonomy":"category","embeddable":true,"href":"https:\/\/diariodominicano.com\/index.php?rest_route=%2Fwp%2Fv2%2Fcategories&post=191540"},{"taxonomy":"post_tag","embeddable":true,"href":"https:\/\/diariodominicano.com\/index.php?rest_route=%2Fwp%2Fv2%2Ftags&post=191540"}],"curies":[{"name":"wp","href":"https:\/\/api.w.org\/{rel}","templated":true}]}}