{"id":191539,"date":"2008-01-22T16:36:16","date_gmt":"2008-01-22T16:36:16","guid":{"rendered":"http:\/\/diariodominicano.ddns.net\/?p=191539"},"modified":"2008-01-22T16:36:16","modified_gmt":"2008-01-22T16:36:16","slug":"ptd-designa-coordinadores-provinciales-y-regionales-de-campana","status":"publish","type":"post","link":"https:\/\/diariodominicano.com\/?p=191539","title":{"rendered":"PTD designa coordinadores provinciales y regionales de campa\u00f1a"},"content":{"rendered":"<p><body><\/p>\n<p align=\"justify\" class=\"text1noticias\"><span class=\"titulogrande1\"><strong>PTD designa coordinadores provinciales y regionales de campa\u00f1a<\/strong><\/span><strong><br \/>&#13;<br \/>\n  <br \/>&#13;<br \/>\n      <img loading=\"lazy\" decoding=\"async\" src=\"http:\/\/localhost:8080\/pictures\/ptd.jpg\" width=\"269\" height=\"227\" hspace=\"4\" align=\"left\" \/>SANTO DOMINGO.-<\/strong> El Partido de los Trabajadores Dominicanos (PTD),  design\u00f3 a los Coordinadores Provinciales y Regionales de Campa\u00f1a para su  participaci\u00f3n \u00a0en las  elecciones del 16 de mayo. <\/p>\n<p>&#13;<\/p>\n<p align=\"justify\" class=\"text1noticias\"> El  presidente del PTD y director ejecutivo del Fondo de Promoci\u00f3n a las  Iniciativas Comunitarias (Procomunidad) Jos\u00e9 Gonz\u00e1lez Espinosa y la ex  candidata a diputada por la provincia Peravia Carla Beltr\u00e9, \u00a0ser\u00e1n los responsables de las provincias  de Barahona, Pedernales, Bahoruco, Independencia, San Jos\u00e9 de Ocoa, Azua, San  Juan de la Magua, El\u00edas Pi\u00f1a y Peravia. <\/p>\n<p>&#13;<\/p>\n<p align=\"justify\" class=\"text1noticias\">&#13;<br \/>\nMientras  en las provincias \u00a0de San  Crist\u00f3bal y Monte Plata, ser\u00e1n coordinadas por el ex candidato a s\u00edndico por el  municipio de Haina Antonio Flori\u00e1n (Pe\u00f1ita), quien adem\u00e1s apoyar\u00e1\u00a0 al ex  diputado Esteban D\u00edaz Jaquez\u00a0 en el \u00a0Distrito Nacional. <\/p>\n<p>&#13;<\/p>\n<p align=\"justify\" class=\"text1noticias\"> El  licenciado Francisco Luciano y el catedr\u00e1tico universitario F\u00e9lix G\u00f3mez, son  los encargados de la provincia de Santo Domingo y el doctor Pablo Alfonso  Rosario, fue nombrado en la demarcaci\u00f3n de Santiago.  <\/p>\n<p>&#13;<\/p>\n<p align=\"justify\" class=\"text1noticias\"> Asimismo  fueron designados Silvio Salvador Arzeno, Juan B\u00e1ez, el profesor M\u00e1ximo de la Cruz, Miguel Reyes, Antonio  Adames y Manuel \u00a0Grull\u00f3n,  en las regiones del Noroeste, Nordeste y el Nordeste, respectivamente. \u00a0 <\/p>\n<p>&#13;<\/p>\n<p align=\"justify\" class=\"text1noticias\"> Por otro  lado el Partido de los Trabajadores Dominicanos (PTD), decidi\u00f3 en su \u00faltima  reuni\u00f3n de la   Direcci\u00f3n Nacional crear un Comit\u00e9 Juvenil de Campa\u00f1a que se  encargar\u00e1 de coordinar todo lo relativo al sector juventud.  <\/p>\n<p>&#13;<\/p>\n<p align=\"justify\" class=\"text1noticias\"> Adem\u00e1s de  la coordinaci\u00f3n \u00a0de varias  provincias de la regi\u00f3n Sur el presidente del PTD, el ex senador Gonz\u00e1lez  Espinosa, reforzar\u00e1 los trabajos en la provincia de Santiago de los Caballeros. <\/p>\n<p>&#13;<\/p>\n<p align=\"justify\" class=\"text1noticias\">El  Partido de los Trabajadores Dominicanos (PTD, participar\u00e1 en el pr\u00f3ximo torneo  electoral aliado al Partido de la Liberaci\u00f3n Dominicana  (PLD) y dem\u00e1s entidades pol\u00edticas que conforman el Bloque Progresista y que  postulan nuevamente al presidente Leonel Fern\u00e1ndez Reyna, \u00a0como su candidato presidencial.  <\/p>\n<p>&#13;<\/p>\n<h6> 2008-01-22 16:36:16 <\/h6>\n<p><!--\n<link rel=\"stylesheet\" href=\"css\/bootstrap.min.css\">\n\n\n<ul class=\"pagination\">\n\t    \n\t\n\n<li >\n\t<a href='?page_no=34286'>Previous<\/a>\n\t<\/li>\n\n\n       \n    \n\n<li><a href='?page_no=1'>1<\/a><\/li>\n\n\n\n<li><a href='?page_no=2'>2<\/a><\/li>\n\n\n\n<li><a>...<\/a><\/li>\n\n\n\n<li><a href='?page_no=34285'>34285<\/a><\/li>\n\n\n\n<li><a href='?page_no=34286'>34286<\/a><\/li>\n\n\n\n<li class='active'><a>34287<\/a><\/li>\n\n\n\n<li><a href='?page_no=34288'>34288<\/a><\/li>\n\n\n\n<li><a href='?page_no=34289'>34289<\/a><\/li>\n\n\n\n<li><a>...<\/a><\/li>\n\n\n\n<li><a href='?page_no=36999'>36999<\/a><\/li>\n\n\n\n<li><a href='?page_no=37000'>37000<\/a><\/li>\n\n    \n\t\n\n<li >\n\t<a href='?page_no=34288'>Next<\/a>\n\t<\/li>\n\n\n    \n\n<li><a href='?page_no=37000'>Last &rsaquo;&rsaquo;<\/a><\/li>\n\n<\/ul>\n\n\n--><br \/>\n<\/body><\/p>\n","protected":false},"excerpt":{"rendered":"<p>PTD designa coordinadores provinciales y regionales de campa\u00f1a&#13; &#13; SANTO DOMINGO.- El Partido de los Trabajadores Dominicanos (PTD), design\u00f3 a los Coordinadores Provinciales y Regionales de Campa\u00f1a para su participaci\u00f3n \u00a0en las elecciones del 16 de mayo. &#13; El presidente del PTD y director ejecutivo del Fondo de Promoci\u00f3n a las Iniciativas Comunitarias (Procomunidad) Jos\u00e9 [&hellip;]<\/p>\n","protected":false},"author":3,"featured_media":0,"comment_status":"open","ping_status":"open","sticky":false,"template":"","format":"standard","meta":{"footnotes":""},"categories":[22],"tags":[],"class_list":["post-191539","post","type-post","status-publish","format-standard","hentry","category-politica"],"_links":{"self":[{"href":"https:\/\/diariodominicano.com\/index.php?rest_route=\/wp\/v2\/posts\/191539","targetHints":{"allow":["GET"]}}],"collection":[{"href":"https:\/\/diariodominicano.com\/index.php?rest_route=\/wp\/v2\/posts"}],"about":[{"href":"https:\/\/diariodominicano.com\/index.php?rest_route=\/wp\/v2\/types\/post"}],"author":[{"embeddable":true,"href":"https:\/\/diariodominicano.com\/index.php?rest_route=\/wp\/v2\/users\/3"}],"replies":[{"embeddable":true,"href":"https:\/\/diariodominicano.com\/index.php?rest_route=%2Fwp%2Fv2%2Fcomments&post=191539"}],"version-history":[{"count":0,"href":"https:\/\/diariodominicano.com\/index.php?rest_route=\/wp\/v2\/posts\/191539\/revisions"}],"wp:attachment":[{"href":"https:\/\/diariodominicano.com\/index.php?rest_route=%2Fwp%2Fv2%2Fmedia&parent=191539"}],"wp:term":[{"taxonomy":"category","embeddable":true,"href":"https:\/\/diariodominicano.com\/index.php?rest_route=%2Fwp%2Fv2%2Fcategories&post=191539"},{"taxonomy":"post_tag","embeddable":true,"href":"https:\/\/diariodominicano.com\/index.php?rest_route=%2Fwp%2Fv2%2Ftags&post=191539"}],"curies":[{"name":"wp","href":"https:\/\/api.w.org\/{rel}","templated":true}]}}