{"id":191538,"date":"2008-01-22T16:48:18","date_gmt":"2008-01-22T16:48:18","guid":{"rendered":"http:\/\/diariodominicano.ddns.net\/?p=191538"},"modified":"2008-01-22T16:48:18","modified_gmt":"2008-01-22T16:48:18","slug":"senador-mariotti-resalta-santuario-sera-determinante-en-la-economia-de-monte-plata","status":"publish","type":"post","link":"https:\/\/diariodominicano.com\/?p=191538","title":{"rendered":"Senador Mariotti; Resalta santuario ser\u00e1 determinante en la econom\u00eda de Monte Plata"},"content":{"rendered":"<p><body><\/p>\n<p align=\"justify\"><span class=\"titulogrande1\">Senador Mariotti; Resalta santuario  ser\u00e1 determinante en la econom\u00eda de Monte Plata<\/span><br \/>&#13;<br \/>\n  <br \/>&#13;<br \/>\n    <span class=\"text1noticias\"><strong><img loading=\"lazy\" decoding=\"async\" src=\"http:\/\/localhost:8080\/pictures\/iglesia bayaguana.jpg\" width=\"269\" height=\"592\" hspace=\"4\" align=\"left\" \/>Bayaguana.- <\/strong>El senador  Charlie Mariotti, afirm\u00f3 que la nueva iglesia del Santo Cristo de los Milagros,  ser\u00e1 una obra de fe, pero que tambi\u00e9n es un importante complemento a los  recursos naturales de Monte Plata, y que atraer\u00e1 a miles de viajeros que  circular\u00e1n por la nueva autopista a Saman\u00e1.<br \/>&#13;<br \/>\n    <br \/>&#13;<br \/>\n    Se\u00f1al\u00f3,  que este icono religioso ser\u00e1 determinante en la generaci\u00f3n de recursos  econ\u00f3micos para la provincia, el empleo y la actividad empresarial y agreg\u00f3,  que as\u00ed lo entiende el Cardenal Nicol\u00e1s de Jes\u00fas L\u00f3pez Rodr\u00edguez y el  presidente Leonel Fern\u00e1ndez.<br \/>&#13;<br \/>\n    <br \/>&#13;<br \/>\n    Mariotti  defini\u00f3 como importante y valiosa la construcci\u00f3n del santuario y valor\u00f3 la  iniciativa del presidente Leonel Fern\u00e1ndez de costear en su casi totalidad la  trascendental obra con una inversi\u00f3n que ronda los RD$400 millones, inici\u00e1ndose  los trabajos el pr\u00f3ximo mes de marzo. La obra, tendr\u00e1 capacidad para acoger  a m\u00e1s de 2,000.00 personas sentadas,  durante las ceremonias religiosas que se oficiar\u00e1n en la nueva sede del Cristo  de Los Milagros.<br \/>&#13;<br \/>\n    <br \/>&#13;<br \/>\n    Se\u00f1al\u00f3,  asimismo, que la construcci\u00f3n del santuario incluir\u00e1, adem\u00e1s, varias obras  colaterales entre las que se citan una casa de formaci\u00f3n y promoci\u00f3n y un  campo experimental para ayudar a los campesinos de la provincia, podr\u00eda estar  concluido en el 2011, fecha que coincide con el 500 aniversario de la Arquidi\u00f3cesis de  Santo Domingo y para la que se prev\u00e9 la posibilidad de que el papa Benedicto  XXVI visite el pa\u00eds.<br \/>&#13;<br \/>\n    <br \/>&#13;<br \/>\n    Durante la  actividad el cardenal Nicol\u00e1s de Jes\u00fas L\u00f3pez Rodr\u00edguez, ofici\u00f3 una misa para  dejar iniciada la campa\u00f1a pro-construcci\u00f3n del nuevo templo al Santo Cristo de  los Milagros, a la que asisti\u00f3 el presidente Leonel Fern\u00e1ndez Reina y la Primera Dama do\u00f1a  Margarita Cede\u00f1o de Fern\u00e1ndez.<br \/>&#13;<br \/>\n    <br \/>&#13;<br \/>\n    Tras la  celebraci\u00f3n religiosa, el Santo Cristo de los Milagros recorri\u00f3 en procesi\u00f3n  varias calles del pueblo de Bayaguana, seguido de miles de creyentes.<br \/>&#13;<br \/>\n    <br \/>&#13;<br \/>\n    El Comit\u00e9  pro Construcci\u00f3n del nuevo Santuario est\u00e1 conformado por el Senador Charles  Mariotti, el padre Gregorio Berroa y la periodista Marivell Contreras,  presidenta de la Asociaci\u00f3n  de Cronistas de Arte (ACROARTE).<br \/>&#13;<br \/>\n    <br \/>&#13;<br \/>\n    El  cardenal L\u00f3pez Rodr\u00edguez, al definir como hermosa y memorable la  celebraci\u00f3n, dio la bienvenida al presidente Fern\u00e1ndez, a la primera dama y a  los legisladores, funcionarios y ministros religiosos,\u00a0 as\u00ed como a miles de peregrinos asistentes. <br \/>&#13;<br \/>\n    <br \/>&#13;<br \/>\n    El prelado  explic\u00f3 que la Iglesia  decidi\u00f3 celebrar en esta ocasi\u00f3n la misa de la exaltaci\u00f3n de la Santa Cruz, cuya fiesta  se lleva a cabo el d\u00eda 14 de septiembre para conmemorar el hallazgo de la Santa Cruz en que muri\u00f3  nuestro se\u00f1or Jesucristo, en Jerusal\u00e9n hecho que se\u00a0 atribuye a Santa  Elena, la madre del emperador Constantino.<br \/>&#13;<br \/>\n    <br \/>&#13;<br \/>\nEn el  evento estuvieron presentes, adem\u00e1s del presidente Fern\u00e1ndez y su esposa,  senadores, autoridades civiles y militares de la provincia Monte Plata.<\/span><\/p>\n<p>&#13;<\/p>\n<p align=\"justify\" class=\"text1noticias\">22 de  enero del 2008.<\/p>\n<p>&#13;<\/p>\n<h6> 2008-01-22 16:48:18 <\/h6>\n<p><!--\n<link rel=\"stylesheet\" href=\"css\/bootstrap.min.css\">\n\n\n<ul class=\"pagination\">\n\t    \n\t\n\n<li >\n\t<a href='?page_no=34285'>Previous<\/a>\n\t<\/li>\n\n\n       \n    \n\n<li><a href='?page_no=1'>1<\/a><\/li>\n\n\n\n<li><a href='?page_no=2'>2<\/a><\/li>\n\n\n\n<li><a>...<\/a><\/li>\n\n\n\n<li><a href='?page_no=34284'>34284<\/a><\/li>\n\n\n\n<li><a href='?page_no=34285'>34285<\/a><\/li>\n\n\n\n<li class='active'><a>34286<\/a><\/li>\n\n\n\n<li><a href='?page_no=34287'>34287<\/a><\/li>\n\n\n\n<li><a href='?page_no=34288'>34288<\/a><\/li>\n\n\n\n<li><a>...<\/a><\/li>\n\n\n\n<li><a href='?page_no=36999'>36999<\/a><\/li>\n\n\n\n<li><a href='?page_no=37000'>37000<\/a><\/li>\n\n    \n\t\n\n<li >\n\t<a href='?page_no=34287'>Next<\/a>\n\t<\/li>\n\n\n    \n\n<li><a href='?page_no=37000'>Last &rsaquo;&rsaquo;<\/a><\/li>\n\n<\/ul>\n\n\n--><br \/>\n<\/body><\/p>\n","protected":false},"excerpt":{"rendered":"<p>Senador Mariotti; Resalta santuario ser\u00e1 determinante en la econom\u00eda de Monte Plata&#13; &#13; Bayaguana.- El senador Charlie Mariotti, afirm\u00f3 que la nueva iglesia del Santo Cristo de los Milagros, ser\u00e1 una obra de fe, pero que tambi\u00e9n es un importante complemento a los recursos naturales de Monte Plata, y que atraer\u00e1 a miles de viajeros [&hellip;]<\/p>\n","protected":false},"author":3,"featured_media":0,"comment_status":"open","ping_status":"open","sticky":false,"template":"","format":"standard","meta":{"footnotes":""},"categories":[22],"tags":[],"class_list":["post-191538","post","type-post","status-publish","format-standard","hentry","category-politica"],"_links":{"self":[{"href":"https:\/\/diariodominicano.com\/index.php?rest_route=\/wp\/v2\/posts\/191538","targetHints":{"allow":["GET"]}}],"collection":[{"href":"https:\/\/diariodominicano.com\/index.php?rest_route=\/wp\/v2\/posts"}],"about":[{"href":"https:\/\/diariodominicano.com\/index.php?rest_route=\/wp\/v2\/types\/post"}],"author":[{"embeddable":true,"href":"https:\/\/diariodominicano.com\/index.php?rest_route=\/wp\/v2\/users\/3"}],"replies":[{"embeddable":true,"href":"https:\/\/diariodominicano.com\/index.php?rest_route=%2Fwp%2Fv2%2Fcomments&post=191538"}],"version-history":[{"count":0,"href":"https:\/\/diariodominicano.com\/index.php?rest_route=\/wp\/v2\/posts\/191538\/revisions"}],"wp:attachment":[{"href":"https:\/\/diariodominicano.com\/index.php?rest_route=%2Fwp%2Fv2%2Fmedia&parent=191538"}],"wp:term":[{"taxonomy":"category","embeddable":true,"href":"https:\/\/diariodominicano.com\/index.php?rest_route=%2Fwp%2Fv2%2Fcategories&post=191538"},{"taxonomy":"post_tag","embeddable":true,"href":"https:\/\/diariodominicano.com\/index.php?rest_route=%2Fwp%2Fv2%2Ftags&post=191538"}],"curies":[{"name":"wp","href":"https:\/\/api.w.org\/{rel}","templated":true}]}}