{"id":191537,"date":"2008-01-22T17:56:04","date_gmt":"2008-01-22T17:56:04","guid":{"rendered":"http:\/\/diariodominicano.ddns.net\/?p=191537"},"modified":"2008-01-22T17:56:04","modified_gmt":"2008-01-22T17:56:04","slug":"sanchez-roa-y-sindicalistas-trazan-plan-de-lucha-para-aumento-salarios","status":"publish","type":"post","link":"https:\/\/diariodominicano.com\/?p=191537","title":{"rendered":"S\u00e1nchez Roa y sindicalistas trazan plan de lucha para aumento salarios"},"content":{"rendered":"<p><body><\/p>\n<p class=\"titulogrande1\"><strong>S\u00e1nchez Roa y sindicalistas  trazan plan de lucha para aumento salarios<\/strong><\/p>\n<p>&#13;<\/p>\n<p align=\"justify\"><span class=\"text1noticias\"><strong>SANTO DOMINGO.<\/strong>&#8211; El  senador Adriano S\u00e1nchez Roa, autor de un anteproyecto de ley que busca un  incremento en el salario de empleados y trabajadores de los sectores p\u00fablico y  privado, se reuni\u00f3 con representantes de organizaciones laborales para definir  la aplicaci\u00f3n de un plan de lucha reivindicativo, que ser\u00e1 presentado al  Gobierno y al Congreso Nacional.<br \/>&#13;<br \/>\n  <br \/>&#13;<br \/>\n    \u201cHemos convocado a este encuentro-taller, a los fines de  analizar el problema salarial de los trabajadores del sector privado y de los  empleados p\u00fablicos y profesionales. En ese sentido, nos reunimos con  representantes de centrales sindicales, gremios profesionales y asociaciones de  empleados p\u00fablicos, con los que analizamos el proyecto de aumento salarial que  tenemos en la Comisi\u00f3n Permanente  de Finanzas del Senado de la   Rep\u00fablica\u201d, inform\u00f3 S\u00e1nchez Roa.<br \/>&#13;<br \/>\n    <br \/>&#13;<br \/>\n El legislador, quien es el vocero del bloque senatorial  reformista, dijo que la pieza contempla un aumento de un 50 por ciento en  relaci\u00f3n al salario m\u00ednimo en el pa\u00eds.<br \/>&#13;<br \/>\n <br \/>&#13;<br \/>\n S\u00e1nchez Roa dio cuenta, asimismo, que en la reuni\u00f3n con las  entidades laborales del sector p\u00fablico se aprob\u00f3 tambi\u00e9n que junto al tema  salarial se incluya en las discusiones el problema de la vivienda, de las  pensiones y otros aspectos de inter\u00e9s para los trabajadores.<\/span><\/p>\n<p>&#13;<\/p>\n<p align=\"justify\" class=\"text1noticias\"><strong>ANUNCIAN COORDINADORA<\/strong><\/p>\n<p>&#13;<\/p>\n<p align=\"justify\" class=\"text1noticias\">El representante  por la provincia El\u00edas Pi\u00f1a, anunci\u00f3 adem\u00e1s, que los participantes en el  encuentro, efectuado en el\u00a0 sal\u00f3n de la Biblioteca del Senado,  acordaron la creaci\u00f3n de una Coordinadora de Gremios de Trabajadores del Sector  P\u00fablico, que dar\u00e1 seguimiento al plan reivindicativo sobre el asunto salarial,  pensiones y viviendas.<br \/>&#13;<br \/>\n  <br \/>&#13;<br \/>\n  Tambi\u00e9n, para  los fines de coordinar la log\u00edstica de esta comisi\u00f3n se form\u00f3 una direcci\u00f3n  ejecutiva, encabezada por el ex diputado y veterano dirigente sindical Fernando  Guante, as\u00ed como el agr\u00f3nomo Ram\u00f3n Robles y la Presidenta del Colegio  Dominicano de Bionalistas, Milagros De Le\u00f3n, que trabajar\u00e1 en las acciones \u00a0operativas.<br \/>&#13;<br \/>\n  <br \/>&#13;<br \/>\n  Asistieron a  esta reuni\u00f3n el dirigente de la   CASC, Jos\u00e9 Luis Le\u00f3n; Rafaela Figuereo y Josefina Altagracia  Ure\u00f1a, de UNASE; Juan Ram\u00f3n Santana P\u00e9rez y V\u00edctor Ram\u00edrez, de ANPROTED; Luisa  Mieses, Rosario Dominga Franco, Roque Antonio Cruz, Cleotilde Rodr\u00edguez,  Roberto A. Mirambeaux Cass\u00f3, Ana Rafaela Castillo y Fiordaliza Castillo, del  Colegio de Bionalistas.<\/p>\n<p>&#13;<\/p>\n<h6> 2008-01-22 17:56:04 <\/h6>\n<p><!--\n<link rel=\"stylesheet\" href=\"css\/bootstrap.min.css\">\n\n\n<ul class=\"pagination\">\n\t    \n\t\n\n<li >\n\t<a href='?page_no=34284'>Previous<\/a>\n\t<\/li>\n\n\n       \n    \n\n<li><a href='?page_no=1'>1<\/a><\/li>\n\n\n\n<li><a href='?page_no=2'>2<\/a><\/li>\n\n\n\n<li><a>...<\/a><\/li>\n\n\n\n<li><a href='?page_no=34283'>34283<\/a><\/li>\n\n\n\n<li><a href='?page_no=34284'>34284<\/a><\/li>\n\n\n\n<li class='active'><a>34285<\/a><\/li>\n\n\n\n<li><a href='?page_no=34286'>34286<\/a><\/li>\n\n\n\n<li><a href='?page_no=34287'>34287<\/a><\/li>\n\n\n\n<li><a>...<\/a><\/li>\n\n\n\n<li><a href='?page_no=36999'>36999<\/a><\/li>\n\n\n\n<li><a href='?page_no=37000'>37000<\/a><\/li>\n\n    \n\t\n\n<li >\n\t<a href='?page_no=34286'>Next<\/a>\n\t<\/li>\n\n\n    \n\n<li><a href='?page_no=37000'>Last &rsaquo;&rsaquo;<\/a><\/li>\n\n<\/ul>\n\n\n--><br \/>\n<\/body><\/p>\n","protected":false},"excerpt":{"rendered":"<p>S\u00e1nchez Roa y sindicalistas trazan plan de lucha para aumento salarios &#13; SANTO DOMINGO.&#8211; El senador Adriano S\u00e1nchez Roa, autor de un anteproyecto de ley que busca un incremento en el salario de empleados y trabajadores de los sectores p\u00fablico y privado, se reuni\u00f3 con representantes de organizaciones laborales para definir la aplicaci\u00f3n de un [&hellip;]<\/p>\n","protected":false},"author":3,"featured_media":0,"comment_status":"open","ping_status":"open","sticky":false,"template":"","format":"standard","meta":{"footnotes":""},"categories":[22],"tags":[],"class_list":["post-191537","post","type-post","status-publish","format-standard","hentry","category-politica"],"_links":{"self":[{"href":"https:\/\/diariodominicano.com\/index.php?rest_route=\/wp\/v2\/posts\/191537","targetHints":{"allow":["GET"]}}],"collection":[{"href":"https:\/\/diariodominicano.com\/index.php?rest_route=\/wp\/v2\/posts"}],"about":[{"href":"https:\/\/diariodominicano.com\/index.php?rest_route=\/wp\/v2\/types\/post"}],"author":[{"embeddable":true,"href":"https:\/\/diariodominicano.com\/index.php?rest_route=\/wp\/v2\/users\/3"}],"replies":[{"embeddable":true,"href":"https:\/\/diariodominicano.com\/index.php?rest_route=%2Fwp%2Fv2%2Fcomments&post=191537"}],"version-history":[{"count":0,"href":"https:\/\/diariodominicano.com\/index.php?rest_route=\/wp\/v2\/posts\/191537\/revisions"}],"wp:attachment":[{"href":"https:\/\/diariodominicano.com\/index.php?rest_route=%2Fwp%2Fv2%2Fmedia&parent=191537"}],"wp:term":[{"taxonomy":"category","embeddable":true,"href":"https:\/\/diariodominicano.com\/index.php?rest_route=%2Fwp%2Fv2%2Fcategories&post=191537"},{"taxonomy":"post_tag","embeddable":true,"href":"https:\/\/diariodominicano.com\/index.php?rest_route=%2Fwp%2Fv2%2Ftags&post=191537"}],"curies":[{"name":"wp","href":"https:\/\/api.w.org\/{rel}","templated":true}]}}