{"id":191535,"date":"2008-01-22T19:10:54","date_gmt":"2008-01-22T19:10:54","guid":{"rendered":"http:\/\/diariodominicano.ddns.net\/?p=191535"},"modified":"2008-01-22T19:10:54","modified_gmt":"2008-01-22T19:10:54","slug":"amable-aristy-leonel-no-cree-en-dios-ni-siquiera-hizo-la-senal-de-la-cruz-en-la-basilica","status":"publish","type":"post","link":"https:\/\/diariodominicano.com\/?p=191535","title":{"rendered":"Amable Aristy: \u201cLeonel no cree en Dios; ni siquiera hizo la se\u00f1al de la cruz en La Bas\u00edlica"},"content":{"rendered":"<p><body><\/p>\n<p class=\"titulogrande1\"><strong>Amable Aristy: \u201cLeonel no cree en Dios; ni siquiera hizo la se\u00f1al de la cruz en La Bas\u00edlica<\/strong>\u00ab<\/p>\n<p>&#13;<\/p>\n<p align=\"justify\" class=\"text1noticias\"><strong><img loading=\"lazy\" decoding=\"async\" src=\"http:\/\/localhost:8080\/pictures\/amable aristy candidatura.jpg\" width=\"269\" height=\"180\" hspace=\"4\" align=\"left\" \/>Santo Domingo.-<\/strong> El candidato  presidencial del Partido Reformista Social Cristiano (PRSC), Amable Aristy  Castro, declar\u00f3 que la \u00faltima visita de Leonel Fern\u00e1ndez a la Bas\u00edlica de Higuey fue  ayer porque no cree en Dios y visit\u00f3 el templo cat\u00f3lico como un acto protocolar  propio de su investidura.<\/p>\n<p>&#13;<\/p>\n<p align=\"justify\" class=\"text1noticias\">\u201cLeonel no  volver\u00e1 nunca m\u00e1s a la Bas\u00edlica  porque el 16 de agosto dejar\u00e1 de ser presidente y ya no tendr\u00e1 la obligaci\u00f3n de  asistir a la misa con motivo del D\u00eda de la Altagracia\u201d, dijo.<\/p>\n<p>&#13;<\/p>\n<p align=\"justify\" class=\"text1noticias\">Aristy Castro  puso en duda que conoci\u00e9ndose el ateismo de Fern\u00e1ndez \u00e9ste vaya a trasladarse a  150 kil\u00f3metros  a escuchar una homil\u00eda cuando deje la Presidencia de la Rep\u00fablica.<\/p>\n<p>&#13;<\/p>\n<p align=\"justify\" class=\"text1noticias\">Sostuvo que la  prueba m\u00e1s fehaciente de que el presidente Fern\u00e1ndez es ateo fue que ni  siquiera se persign\u00f3 cuando entr\u00f3 a la Bas\u00edlica ni tampoco lo hizo durante la  celebraci\u00f3n de la misa en honor a la patrona del pueblo dominicano.<\/p>\n<p>&#13;<\/p>\n<p align=\"justify\" class=\"text1noticias\">\u201cMenos a\u00fan fue a  tocar la imagen de la Virgen  de la Altagracia\u201d,  agreg\u00f3.<\/p>\n<p>&#13;<\/p>\n<p align=\"justify\" class=\"text1noticias\">Se\u00f1al\u00f3 que eso  lo not\u00f3 todo el mundo, los que estaban presentes en la Bas\u00edlica y quienes  siguieron la actividad religiosa por la televisi\u00f3n.<\/p>\n<p>&#13;<\/p>\n<p align=\"justify\" class=\"text1noticias\">Amable Aristy explic\u00f3  que en cambio, \u00e9l es un fiel creyente en Dios y en la Virgen\u00a0 de la Altagracia y que desde muchacho asiste a los  actos religiosos en su honor.<\/p>\n<p>&#13;<\/p>\n<p align=\"justify\" class=\"text1noticias\">Asimismo, el  candidato presidencial reformista neg\u00f3 de manera categ\u00f3rica que haya tenido  alg\u00fan tipo de reuni\u00f3n privada con el Jefe del Estado y candidato a la  reelecci\u00f3n durante su visita ayer a Higuey, como publicara un medio de  comunicaci\u00f3n.<\/p>\n<p>&#13;<\/p>\n<p align=\"justify\" class=\"text1noticias\">\u201cYo no me he  reunido con Leonel, solo coincidimos en el tradicional almuerzo que organiza el  obispado de Higuey para las autoridades, empresarios y personalidades de la  regi\u00f3n, al que vengo asistiendo de manera ininterrumpida durante los \u00faltimos 25  a\u00f1os\u201d, agreg\u00f3.<\/p>\n<p>&#13;<\/p>\n<p align=\"justify\" class=\"text1noticias\">Advirti\u00f3 al Jefe  del Estado que deje de preocuparse por el candidato perrede\u00edsta, Miguel Vargas  Maldonado, porque en dos semanas a m\u00e1s tardar \u201cestaremos en el segundo lugar y  tendr\u00e1 que v\u00e9rsela con nosotros en la consulta electoral del 16 de mayo\u201d.<\/p>\n<p>&#13;<\/p>\n<p align=\"justify\" class=\"text1noticias\">Aristy Castro  habl\u00f3 en estos t\u00e9rminos al dejar juramentado el Frente de Administradores,  Mercadologos y Abogados (FAMA) que preside Margin Soriano, que prometi\u00f3  organizar a m\u00e1s de 15 mil profesionales de esas \u00e1reas en apoyo al candidato  reformista.<\/p>\n<p>&#13;<\/p>\n<p align=\"justify\" class=\"text1noticias\">En el acto se  dej\u00f3 inaugurado el local de la entidad, en la suite 226 del edificio La Francesa, ubicado en la  avenida Abraham Licoln esquina Lope de Vega, de la capital.<\/p>\n<p>&#13;<\/p>\n<p align=\"justify\" class=\"text1noticias\">A la actividad  asistieron decenas de profesionales del nuevo movimiento y dirigentes  reformistas que acompa\u00f1aban al candidato, entre ellos Pedro Bret\u00f3n, Oscar  Santiago Batista y el coordinador nacional de campa\u00f1a, Ram\u00f3n Rogelio Genao.<\/p>\n<p>&#13;<\/p>\n<h6> 2008-01-22 19:10:54 <\/h6>\n<p><!--\n<link rel=\"stylesheet\" href=\"css\/bootstrap.min.css\">\n\n\n<ul class=\"pagination\">\n\t    \n\t\n\n<li >\n\t<a href='?page_no=34282'>Previous<\/a>\n\t<\/li>\n\n\n       \n    \n\n<li><a href='?page_no=1'>1<\/a><\/li>\n\n\n\n<li><a href='?page_no=2'>2<\/a><\/li>\n\n\n\n<li><a>...<\/a><\/li>\n\n\n\n<li><a href='?page_no=34281'>34281<\/a><\/li>\n\n\n\n<li><a href='?page_no=34282'>34282<\/a><\/li>\n\n\n\n<li class='active'><a>34283<\/a><\/li>\n\n\n\n<li><a href='?page_no=34284'>34284<\/a><\/li>\n\n\n\n<li><a href='?page_no=34285'>34285<\/a><\/li>\n\n\n\n<li><a>...<\/a><\/li>\n\n\n\n<li><a href='?page_no=36999'>36999<\/a><\/li>\n\n\n\n<li><a href='?page_no=37000'>37000<\/a><\/li>\n\n    \n\t\n\n<li >\n\t<a href='?page_no=34284'>Next<\/a>\n\t<\/li>\n\n\n    \n\n<li><a href='?page_no=37000'>Last &rsaquo;&rsaquo;<\/a><\/li>\n\n<\/ul>\n\n\n--><br \/>\n<\/body><\/p>\n","protected":false},"excerpt":{"rendered":"<p>Amable Aristy: \u201cLeonel no cree en Dios; ni siquiera hizo la se\u00f1al de la cruz en La Bas\u00edlica\u00ab &#13; Santo Domingo.- El candidato presidencial del Partido Reformista Social Cristiano (PRSC), Amable Aristy Castro, declar\u00f3 que la \u00faltima visita de Leonel Fern\u00e1ndez a la Bas\u00edlica de Higuey fue ayer porque no cree en Dios y visit\u00f3 [&hellip;]<\/p>\n","protected":false},"author":3,"featured_media":0,"comment_status":"open","ping_status":"open","sticky":false,"template":"","format":"standard","meta":{"footnotes":""},"categories":[22],"tags":[],"class_list":["post-191535","post","type-post","status-publish","format-standard","hentry","category-politica"],"_links":{"self":[{"href":"https:\/\/diariodominicano.com\/index.php?rest_route=\/wp\/v2\/posts\/191535","targetHints":{"allow":["GET"]}}],"collection":[{"href":"https:\/\/diariodominicano.com\/index.php?rest_route=\/wp\/v2\/posts"}],"about":[{"href":"https:\/\/diariodominicano.com\/index.php?rest_route=\/wp\/v2\/types\/post"}],"author":[{"embeddable":true,"href":"https:\/\/diariodominicano.com\/index.php?rest_route=\/wp\/v2\/users\/3"}],"replies":[{"embeddable":true,"href":"https:\/\/diariodominicano.com\/index.php?rest_route=%2Fwp%2Fv2%2Fcomments&post=191535"}],"version-history":[{"count":0,"href":"https:\/\/diariodominicano.com\/index.php?rest_route=\/wp\/v2\/posts\/191535\/revisions"}],"wp:attachment":[{"href":"https:\/\/diariodominicano.com\/index.php?rest_route=%2Fwp%2Fv2%2Fmedia&parent=191535"}],"wp:term":[{"taxonomy":"category","embeddable":true,"href":"https:\/\/diariodominicano.com\/index.php?rest_route=%2Fwp%2Fv2%2Fcategories&post=191535"},{"taxonomy":"post_tag","embeddable":true,"href":"https:\/\/diariodominicano.com\/index.php?rest_route=%2Fwp%2Fv2%2Ftags&post=191535"}],"curies":[{"name":"wp","href":"https:\/\/api.w.org\/{rel}","templated":true}]}}