{"id":191534,"date":"2008-01-22T19:22:40","date_gmt":"2008-01-22T19:22:40","guid":{"rendered":"http:\/\/diariodominicano.ddns.net\/?p=191534"},"modified":"2008-01-22T19:22:40","modified_gmt":"2008-01-22T19:22:40","slug":"franklin-almeyda-califica-de-vira-lata-al-prd","status":"publish","type":"post","link":"https:\/\/diariodominicano.com\/?p=191534","title":{"rendered":"Franklin Almeyda califica de \u00abvira lata\u00bb al PRD"},"content":{"rendered":"<p><body><\/p>\n<p class=\"titulogrande1\"><strong>Franklin Almeyda califica de \u00abvira lata\u00bb, al PRD<\/strong><\/p>\n<p>&#13;<\/p>\n<p align=\"justify\" class=\"text1noticias\"><strong><img loading=\"lazy\" decoding=\"async\" src=\"http:\/\/localhost:8080\/pictures\/franklin almeyda1.jpg\" width=\"269\" height=\"378\" hspace=\"4\" align=\"left\" \/>SAN JUAN DE LA MAGUANA.- <\/strong>El Encargado de Asuntos Electorales del Partido de la Liberaci\u00f3n Dominicana,  Dr. Franklin Almeyda Rancier, calific\u00f3 como \u201cvira lata\u201d al Partido  Revolucionario Dominicano (PRD).<\/p>\n<p>&#13;<\/p>\n<p align=\"justify\" class=\"text1noticias\">Al encabezar una actividad pol\u00edtica en  esta ciudad, el tambi\u00e9n Secretario de Interior y Polic\u00eda, argument\u00f3 que el  pasado gobierno del Hip\u00f3lito Mej\u00eda fue lo peor que le ha pasado a la Rep\u00fablica Dominicana  durante toda su vida de historia pol\u00edtica. <\/p>\n<p>&#13;<\/p>\n<p align=\"justify\" class=\"text1noticias\">Asimismo, Franklin Almeyda Rancier,  indic\u00f3 que el candidato presidencial del opositor partido  blanco,\u00a0ingeniero Miguel Vargas Maldonado, es peor que Hip\u00f3lito quien  perdi\u00f3 una encuesta realizada entre \u00e9l y el diablo, cuando aspiraba a la  reelecci\u00f3n presidencial. <\/p>\n<p>&#13;<\/p>\n<p align=\"justify\" class=\"text1noticias\"> M\u00e1s adelante, sostuvo que\u00a0 los dominicanos deben evitar que \u201cun  negociante, cuyo \u00fanico inter\u00e9s es lucrarse de la cosa p\u00fablica, llegue a ocupar  la presidencia de la   Rep\u00fablica.\u201d <\/p>\n<p>&#13;<\/p>\n<p align=\"justify\" class=\"text1noticias\">Dijo que el candidato presidencial del PRD, se  ha dado la tarea de copiar todo lo que hace el Presidente Leonel Fern\u00e1ndez, lo  que dijo no le ha servido para aumentar el 33 por ciento que sac\u00f3 Hip\u00f3lito  Mej\u00eda en las elecciones del 2004. <\/p>\n<p>&#13;<\/p>\n<p align=\"justify\" class=\"text1noticias\">Subray\u00f3 el encargado de asuntos electorales  del PLD, Franklin Almeyda Rancier, que el pueblo est\u00e1 preparado para darle la  \u201cla paliza\u201d que realmente merece el Partido Revolucionario Dominicano y su  candidato Presidencial. <\/p>\n<p>&#13;<\/p>\n<p align=\"justify\" class=\"text1noticias\">Expres\u00f3 que un hombre que tiene una  villa, terrenos y negocios con valores millonarios muy cuestionables, y que  cuando fue Secretario de Obras P\u00fablicas realiz\u00f3 diversos negocios muy rentables,  no merece representar a los dominicanos y mucho menos ocupando la presidencia de la Rep\u00fablica. <\/p>\n<p>&#13;<\/p>\n<h6> 2008-01-22 19:22:40 <\/h6>\n<p><!--\n<link rel=\"stylesheet\" href=\"css\/bootstrap.min.css\">\n\n\n<ul class=\"pagination\">\n\t    \n\t\n\n<li >\n\t<a href='?page_no=34281'>Previous<\/a>\n\t<\/li>\n\n\n       \n    \n\n<li><a href='?page_no=1'>1<\/a><\/li>\n\n\n\n<li><a href='?page_no=2'>2<\/a><\/li>\n\n\n\n<li><a>...<\/a><\/li>\n\n\n\n<li><a href='?page_no=34280'>34280<\/a><\/li>\n\n\n\n<li><a href='?page_no=34281'>34281<\/a><\/li>\n\n\n\n<li class='active'><a>34282<\/a><\/li>\n\n\n\n<li><a href='?page_no=34283'>34283<\/a><\/li>\n\n\n\n<li><a href='?page_no=34284'>34284<\/a><\/li>\n\n\n\n<li><a>...<\/a><\/li>\n\n\n\n<li><a href='?page_no=36999'>36999<\/a><\/li>\n\n\n\n<li><a href='?page_no=37000'>37000<\/a><\/li>\n\n    \n\t\n\n<li >\n\t<a href='?page_no=34283'>Next<\/a>\n\t<\/li>\n\n\n    \n\n<li><a href='?page_no=37000'>Last &rsaquo;&rsaquo;<\/a><\/li>\n\n<\/ul>\n\n\n--><br \/>\n<\/body><\/p>\n","protected":false},"excerpt":{"rendered":"<p>Franklin Almeyda califica de \u00abvira lata\u00bb, al PRD &#13; SAN JUAN DE LA MAGUANA.- El Encargado de Asuntos Electorales del Partido de la Liberaci\u00f3n Dominicana, Dr. Franklin Almeyda Rancier, calific\u00f3 como \u201cvira lata\u201d al Partido Revolucionario Dominicano (PRD). &#13; Al encabezar una actividad pol\u00edtica en esta ciudad, el tambi\u00e9n Secretario de Interior y Polic\u00eda, argument\u00f3 [&hellip;]<\/p>\n","protected":false},"author":3,"featured_media":0,"comment_status":"open","ping_status":"open","sticky":false,"template":"","format":"standard","meta":{"footnotes":""},"categories":[22],"tags":[],"class_list":["post-191534","post","type-post","status-publish","format-standard","hentry","category-politica"],"_links":{"self":[{"href":"https:\/\/diariodominicano.com\/index.php?rest_route=\/wp\/v2\/posts\/191534","targetHints":{"allow":["GET"]}}],"collection":[{"href":"https:\/\/diariodominicano.com\/index.php?rest_route=\/wp\/v2\/posts"}],"about":[{"href":"https:\/\/diariodominicano.com\/index.php?rest_route=\/wp\/v2\/types\/post"}],"author":[{"embeddable":true,"href":"https:\/\/diariodominicano.com\/index.php?rest_route=\/wp\/v2\/users\/3"}],"replies":[{"embeddable":true,"href":"https:\/\/diariodominicano.com\/index.php?rest_route=%2Fwp%2Fv2%2Fcomments&post=191534"}],"version-history":[{"count":0,"href":"https:\/\/diariodominicano.com\/index.php?rest_route=\/wp\/v2\/posts\/191534\/revisions"}],"wp:attachment":[{"href":"https:\/\/diariodominicano.com\/index.php?rest_route=%2Fwp%2Fv2%2Fmedia&parent=191534"}],"wp:term":[{"taxonomy":"category","embeddable":true,"href":"https:\/\/diariodominicano.com\/index.php?rest_route=%2Fwp%2Fv2%2Fcategories&post=191534"},{"taxonomy":"post_tag","embeddable":true,"href":"https:\/\/diariodominicano.com\/index.php?rest_route=%2Fwp%2Fv2%2Ftags&post=191534"}],"curies":[{"name":"wp","href":"https:\/\/api.w.org\/{rel}","templated":true}]}}