{"id":191533,"date":"2008-01-23T00:13:18","date_gmt":"2008-01-23T00:13:18","guid":{"rendered":"http:\/\/diariodominicano.ddns.net\/?p=191533"},"modified":"2008-01-23T00:13:18","modified_gmt":"2008-01-23T00:13:18","slug":"sector-externo-con-leonel-aportara-los-votos-necesarios-para-ganar-en-primera-vuelta","status":"publish","type":"post","link":"https:\/\/diariodominicano.com\/?p=191533","title":{"rendered":"Sector Externo con Leonel aportar\u00e1 los votos necesarios para ganar en primera vuelta"},"content":{"rendered":"<p><body><\/p>\n<p align=\"justify\" class=\"titulogrande1\"><strong>Sector Externo con Leonel aportar\u00e1 los votos necesarios para ganar en la primera vuelta <\/strong><\/p>\n<p>&#13;<\/p>\n<p align=\"justify\" class=\"text1noticias\"><strong><img loading=\"lazy\" decoding=\"async\" src=\"http:\/\/localhost:8080\/pictures\/leonel conasel.jpg\" width=\"269\" height=\"364\" hspace=\"4\" align=\"left\" \/>Santo Domingo<\/strong>.- El Presidente Leonel  Fern\u00e1ndez encabez\u00f3 este martes la inauguraci\u00f3n de la Casa Nacional de la Comisi\u00f3n Nacional  del Sector Externo con Leonel (CONASEL), donde est\u00e1n registrados unos 500  movimientos de apoyo a su candidatura presidencial, que trabajar\u00e1n en la  conquista de los votos necesarios para que el mandatario obtenga la victoria en  la primera vuelta.<\/p>\n<p>&#13;<\/p>\n<p align=\"justify\" class=\"text1noticias\">El mandatario y candidato presidencial del Partido de la Liberaci\u00f3n Dominicana  (PLD) fue recibido por los coordinadores de la CONASEL, arquitecto  Joaqu\u00edn Jer\u00f3nimo y del Comit\u00e9 Nacional de Campa\u00f1a del Doctor Leonel Fern\u00e1ndez,  licenciado Francisco Javier Garc\u00eda y por los presidentes de los diferentes  movimientos de apoyo a su candidatura.<\/p>\n<p>&#13;<\/p>\n<p align=\"justify\" class=\"text1noticias\"> En su breve discurso para dejar inaugurado el local  principal de la CONASEL,  el arquitecto Jer\u00f3nimo dijo que esa comisi\u00f3n es un punto de apoyo para mover al  pa\u00eds hacia el progreso con el trabajo de todos los movimientos que apoyan la  candidatura del doctor Fern\u00e1ndez.<\/p>\n<p>&#13;<\/p>\n<p align=\"justify\" class=\"text1noticias\">\u201cCuando curs\u00e1bamos el octavo grado junto al Presidente  Fern\u00e1ndez, recordamos la clase de f\u00edsica con el profesor Benjam\u00edn cuando  aprendimos los principios de Arqu\u00edmedes y la Ley de la Palanca (dame un punto de apoyo y mover\u00e9 el  mundo).\u00a0 Nosotros tenemos aqu\u00ed 500  movimientos de apoyo y nuestra meta no es mover el mundo, nuestra meta es mover  la Rep\u00fablica Dominicana  hacia el progreso con el esfuerzo de todos y el trabajo ejemplar de su Gobierno  Se\u00f1or Presidente\u201d, expres\u00f3 el coordinador de la CONASEL.<\/p>\n<p>&#13;<\/p>\n<p align=\"justify\" class=\"text1noticias\">Entre los movimientos que estuvieron presentes en la  inauguraci\u00f3n de la casa nacional de la CONASEL, figuran Seguro Con Leonel, Paso a Paso  con Leonel, Proyecto de Apoyo a Leonel (PAL), Empresarios Medianos y Peque\u00f1os  con Leonel (EMPLEO), La M\u00e1quina Leonel  (LAMALE), Frente Amplio de Participaci\u00f3n Social (FAPS), Farmac\u00e9uticos con  Leonel, Mina, Sendero Nacional (SENA), Moreco,\u00a0  4 por 4 Todo Terreno con Leonel\u00a0 e  Impulso Electoral. <\/p>\n<p>&#13;<\/p>\n<p align=\"justify\" class=\"text1noticias\">Cientos de seguidores de la candidatura presidencial del  doctor Leonel Fern\u00e1ndez se agruparon a lo largo de la avenida Abraham Lincoln  frente al CONASEL ondeando las banderas de sus respectivos movimientos y  vociferando consignas a favor del mandatario.<\/p>\n<p>&#13;<\/p>\n<h6> 2008-01-23 00:13:18 <\/h6>\n<p><!--\n<link rel=\"stylesheet\" href=\"css\/bootstrap.min.css\">\n\n\n<ul class=\"pagination\">\n\t    \n\t\n\n<li >\n\t<a href='?page_no=34280'>Previous<\/a>\n\t<\/li>\n\n\n       \n    \n\n<li><a href='?page_no=1'>1<\/a><\/li>\n\n\n\n<li><a href='?page_no=2'>2<\/a><\/li>\n\n\n\n<li><a>...<\/a><\/li>\n\n\n\n<li><a href='?page_no=34279'>34279<\/a><\/li>\n\n\n\n<li><a href='?page_no=34280'>34280<\/a><\/li>\n\n\n\n<li class='active'><a>34281<\/a><\/li>\n\n\n\n<li><a href='?page_no=34282'>34282<\/a><\/li>\n\n\n\n<li><a href='?page_no=34283'>34283<\/a><\/li>\n\n\n\n<li><a>...<\/a><\/li>\n\n\n\n<li><a href='?page_no=36999'>36999<\/a><\/li>\n\n\n\n<li><a href='?page_no=37000'>37000<\/a><\/li>\n\n    \n\t\n\n<li >\n\t<a href='?page_no=34282'>Next<\/a>\n\t<\/li>\n\n\n    \n\n<li><a href='?page_no=37000'>Last &rsaquo;&rsaquo;<\/a><\/li>\n\n<\/ul>\n\n\n--><br \/>\n<\/body><\/p>\n","protected":false},"excerpt":{"rendered":"<p>Sector Externo con Leonel aportar\u00e1 los votos necesarios para ganar en la primera vuelta &#13; Santo Domingo.- El Presidente Leonel Fern\u00e1ndez encabez\u00f3 este martes la inauguraci\u00f3n de la Casa Nacional de la Comisi\u00f3n Nacional del Sector Externo con Leonel (CONASEL), donde est\u00e1n registrados unos 500 movimientos de apoyo a su candidatura presidencial, que trabajar\u00e1n en [&hellip;]<\/p>\n","protected":false},"author":3,"featured_media":0,"comment_status":"open","ping_status":"open","sticky":false,"template":"","format":"standard","meta":{"footnotes":""},"categories":[22],"tags":[],"class_list":["post-191533","post","type-post","status-publish","format-standard","hentry","category-politica"],"_links":{"self":[{"href":"https:\/\/diariodominicano.com\/index.php?rest_route=\/wp\/v2\/posts\/191533","targetHints":{"allow":["GET"]}}],"collection":[{"href":"https:\/\/diariodominicano.com\/index.php?rest_route=\/wp\/v2\/posts"}],"about":[{"href":"https:\/\/diariodominicano.com\/index.php?rest_route=\/wp\/v2\/types\/post"}],"author":[{"embeddable":true,"href":"https:\/\/diariodominicano.com\/index.php?rest_route=\/wp\/v2\/users\/3"}],"replies":[{"embeddable":true,"href":"https:\/\/diariodominicano.com\/index.php?rest_route=%2Fwp%2Fv2%2Fcomments&post=191533"}],"version-history":[{"count":0,"href":"https:\/\/diariodominicano.com\/index.php?rest_route=\/wp\/v2\/posts\/191533\/revisions"}],"wp:attachment":[{"href":"https:\/\/diariodominicano.com\/index.php?rest_route=%2Fwp%2Fv2%2Fmedia&parent=191533"}],"wp:term":[{"taxonomy":"category","embeddable":true,"href":"https:\/\/diariodominicano.com\/index.php?rest_route=%2Fwp%2Fv2%2Fcategories&post=191533"},{"taxonomy":"post_tag","embeddable":true,"href":"https:\/\/diariodominicano.com\/index.php?rest_route=%2Fwp%2Fv2%2Ftags&post=191533"}],"curies":[{"name":"wp","href":"https:\/\/api.w.org\/{rel}","templated":true}]}}