{"id":191531,"date":"2008-01-23T03:00:48","date_gmt":"2008-01-23T03:00:48","guid":{"rendered":"http:\/\/diariodominicano.ddns.net\/?p=191531"},"modified":"2008-01-23T03:00:48","modified_gmt":"2008-01-23T03:00:48","slug":"candelier-dice-esta-preocupado-por-senales-de-economia-mundial","status":"publish","type":"post","link":"https:\/\/diariodominicano.com\/?p=191531","title":{"rendered":"Candelier dice est\u00e1 preocupado por se\u00f1ales de econom\u00eda mundial"},"content":{"rendered":"<p><body><\/p>\n<p class=\"titulogrande1\">Candelier  dice est\u00e1 preocupado por se\u00f1ales de econom\u00eda mundial<\/p>\n<p>&#13;<\/p>\n<p align=\"justify\" class=\"text1noticias\"><strong>Santo Domingo.-<\/strong> El Candidato  presidencial Pedro de Jes\u00fas Candelier dijo estar preocupado por las se\u00f1ales que esta enviando  la econom\u00eda mundial y b\u00e1sicamente la de econom\u00eda de los Estados Unidos. <\/p>\n<p>&#13;<\/p>\n<p align=\"justify\" class=\"text1noticias\">Dijo que \u201cmientas el debate y  la agenda de la econom\u00eda mundial se concentra en la crisis econ\u00f3mica de los  Estados Unidos, en el pa\u00eds los candidatos presidenciales de los partidos  mayoritarios se distraen en un pobre y mediocre\u00a0  esfuerzo pol\u00edtico de campa\u00f1a electoral, basado en un ajuste de cuentas  de viejas y nuevas acusaciones de corrupci\u00f3n\u201d . <\/p>\n<p>&#13;<\/p>\n<p align=\"justify\" class=\"text1noticias\">Dijo estos desenfocados\u00a0 temas del debate entre los candidatos ponen  al desnudo las faltas de propuestas de fondo, como seria debatir sobre es el  dise\u00f1o y\u00a0 estructura del presupuesto del  2008, donde se priorizan sectores ajenos a los sectores e intereses sociales en  un momento que el pa\u00eds transita por una econom\u00eda agropecuaria totalmente  aniquilada.<\/p>\n<p>&#13;<\/p>\n<p align=\"justify\" class=\"text1noticias\">Agreg\u00f3 que hay colocar la  tem\u00e1tica social en el centro del debate nacional para establecer una l\u00ednea de  sinton\u00eda con la poblaci\u00f3n en el marco de sus intereses vitales , y del mismo  con modo motivar a los sectores que generan la opini\u00f3n de la sociedad  dominicana, las Iglesias y el sector productivo del pa\u00eds a participar en una  amplia discusi\u00f3n\u00a0 \u201cla poblaci\u00f3n necesita  mas elementos y mas debates\u00a0 sobre la  necesidad o no de continuar con los acuerdos FMI, la poblaci\u00f3n exige saber mas sobre la pol\u00edtica fiscal del  gobierno, necesita conocer sobre las Reformas Constitucionales, sobre la  continuaci\u00f3n de los subsidios que el gobierno mantiene a varios componentes de la  econom\u00eda nacional \u201d.<\/p>\n<p>&#13;<\/p>\n<p align=\"justify\" class=\"text1noticias\">Hoy estamos ante una real  amenaza de emigraci\u00f3n es de grandes capitales especulativos o golondrinos que  llegaron al pa\u00eds atra\u00eddos por altas de intereses ofertados por Banco Central  poder cubrir el d\u00e9ficit cuasi fiscal \u201choy\u00a0  podr\u00eda ser no atractivo para esos capitales golondrinos las tasas de  inter\u00e9s que ofrece el Banco Central\u00a0 y  prefieren emigrar a otra canastas de monedas mas seguras como es el caso del  euro\u201d , dijo Candelier. <\/p>\n<p>&#13;<\/p>\n<p align=\"justify\" class=\"text1noticias\">Este pueblo quiere saber que  va a pasar con los amagos de una devaluaci\u00f3n del 18% de nuestra moneda como ya  se\u00a0 esta\u00a0  planteando, y que pasar\u00eda con nuestra econom\u00eda si emigran los 43,0000  millones de pesos que hoy soportan el peso del d\u00e9ficit del Banco Central y que  este monto representa el 33% de la totalidad de esa deuda\u00a0 33% \u201cestos temas deben ser los temas a  debatir y los debates deben actuar como centro de orientaci\u00f3n y participaci\u00f3n  de los movimientos sociales y de los trabajadores \u201d se\u00f1al\u00f3. <\/p>\n<p>&#13;<\/p>\n<p align=\"justify\" class=\"text1noticias\">La crisis de nuestra econom\u00eda  pone al desnudo la debilidad de las pol\u00edticas econ\u00f3micas de este gobierno,  basada en una econom\u00eda improductiva, y acompa\u00f1ada de una inestable pol\u00edtica de  d\u00e9ficit de cuenta corriente priorizada en la perversa practica de las  importaciones masivas \u201c debemos estar alerta ante una situaci\u00f3n donde  nuestra\u00a0 econom\u00eda ya entra en un proceso  irreversible de crisis\u00a0 arrastrada por el  debacle de la econom\u00eda de\u00a0 Estados  Unidos, que anida en su interior una enorme burbuja estructural que no puede  superar en el corto plazo\u201d sentencio Candelier. <\/p>\n<p>&#13;<\/p>\n<h6> 2008-01-23 03:00:48 <\/h6>\n<p><!--\n<link rel=\"stylesheet\" href=\"css\/bootstrap.min.css\">\n\n\n<ul class=\"pagination\">\n\t    \n\t\n\n<li >\n\t<a href='?page_no=34278'>Previous<\/a>\n\t<\/li>\n\n\n       \n    \n\n<li><a href='?page_no=1'>1<\/a><\/li>\n\n\n\n<li><a href='?page_no=2'>2<\/a><\/li>\n\n\n\n<li><a>...<\/a><\/li>\n\n\n\n<li><a href='?page_no=34277'>34277<\/a><\/li>\n\n\n\n<li><a href='?page_no=34278'>34278<\/a><\/li>\n\n\n\n<li class='active'><a>34279<\/a><\/li>\n\n\n\n<li><a href='?page_no=34280'>34280<\/a><\/li>\n\n\n\n<li><a href='?page_no=34281'>34281<\/a><\/li>\n\n\n\n<li><a>...<\/a><\/li>\n\n\n\n<li><a href='?page_no=36999'>36999<\/a><\/li>\n\n\n\n<li><a href='?page_no=37000'>37000<\/a><\/li>\n\n    \n\t\n\n<li >\n\t<a href='?page_no=34280'>Next<\/a>\n\t<\/li>\n\n\n    \n\n<li><a href='?page_no=37000'>Last &rsaquo;&rsaquo;<\/a><\/li>\n\n<\/ul>\n\n\n--><br \/>\n<\/body><\/p>\n","protected":false},"excerpt":{"rendered":"<p>Candelier dice est\u00e1 preocupado por se\u00f1ales de econom\u00eda mundial &#13; Santo Domingo.- El Candidato presidencial Pedro de Jes\u00fas Candelier dijo estar preocupado por las se\u00f1ales que esta enviando la econom\u00eda mundial y b\u00e1sicamente la de econom\u00eda de los Estados Unidos. &#13; Dijo que \u201cmientas el debate y la agenda de la econom\u00eda mundial se concentra [&hellip;]<\/p>\n","protected":false},"author":3,"featured_media":0,"comment_status":"open","ping_status":"open","sticky":false,"template":"","format":"standard","meta":{"footnotes":""},"categories":[22],"tags":[],"class_list":["post-191531","post","type-post","status-publish","format-standard","hentry","category-politica"],"_links":{"self":[{"href":"https:\/\/diariodominicano.com\/index.php?rest_route=\/wp\/v2\/posts\/191531","targetHints":{"allow":["GET"]}}],"collection":[{"href":"https:\/\/diariodominicano.com\/index.php?rest_route=\/wp\/v2\/posts"}],"about":[{"href":"https:\/\/diariodominicano.com\/index.php?rest_route=\/wp\/v2\/types\/post"}],"author":[{"embeddable":true,"href":"https:\/\/diariodominicano.com\/index.php?rest_route=\/wp\/v2\/users\/3"}],"replies":[{"embeddable":true,"href":"https:\/\/diariodominicano.com\/index.php?rest_route=%2Fwp%2Fv2%2Fcomments&post=191531"}],"version-history":[{"count":0,"href":"https:\/\/diariodominicano.com\/index.php?rest_route=\/wp\/v2\/posts\/191531\/revisions"}],"wp:attachment":[{"href":"https:\/\/diariodominicano.com\/index.php?rest_route=%2Fwp%2Fv2%2Fmedia&parent=191531"}],"wp:term":[{"taxonomy":"category","embeddable":true,"href":"https:\/\/diariodominicano.com\/index.php?rest_route=%2Fwp%2Fv2%2Fcategories&post=191531"},{"taxonomy":"post_tag","embeddable":true,"href":"https:\/\/diariodominicano.com\/index.php?rest_route=%2Fwp%2Fv2%2Ftags&post=191531"}],"curies":[{"name":"wp","href":"https:\/\/api.w.org\/{rel}","templated":true}]}}