{"id":191530,"date":"2008-01-23T14:13:45","date_gmt":"2008-01-23T14:13:45","guid":{"rendered":"http:\/\/diariodominicano.ddns.net\/?p=191530"},"modified":"2008-01-23T14:13:45","modified_gmt":"2008-01-23T14:13:45","slug":"rodriguez-pimentel-anuncia-donacion-de-terrenos","status":"publish","type":"post","link":"https:\/\/diariodominicano.com\/?p=191530","title":{"rendered":"Rodr\u00edguez Pimentel anuncia donaci\u00f3n de terrenos"},"content":{"rendered":"<p><body><\/p>\n<p align=\"center\" class=\"titulogrande1\"><strong>Rodr\u00edguez Pimentel anuncia donaci\u00f3n de terrenos <\/strong> <\/p>\n<p>&#13;<\/p>\n<p align=\"justify\" class=\"text1noticias\"><strong><img loading=\"lazy\" decoding=\"async\" src=\"http:\/\/localhost:8080\/pictures\/indhri terrenos.jpg\" width=\"269\" height=\"542\" hspace=\"4\" align=\"left\" \/>SAN FRANCISCO DE MACOR\u00cdS<\/strong>.-\u00a0 El Director Ejecutivo del Instituto Nacional de Recursos  Hidr\u00e1ulicos (INDRHI), el ingeniero H\u00e9ctor Rodr\u00edguez Pimentel, anunci\u00f3 la  donaci\u00f3n de 10,000   metros cuadrados al Instituto Nacional de la Vivienda (INVI) para la  construcci\u00f3n de viviendas para los damnificados de las tormentas Noel y Olga,  refugiados en las instalaciones del organismo en el proyecto Aglipo Segundo, en  Villa Riva. <br \/>&#13;<br \/>\n  <br \/>&#13;<br \/>\nEl funcionario hizo el  anuncio en presencia de la   Gobernadora Civil de la provincia Duarte, Luz Selene Plata y  del diputado del Partido de la Liberaci\u00f3n Dominicana (PLD), Lupe N\u00fa\u00f1ez y de los  beneficiarios, acompa\u00f1ados del sacerdote Alfonso del Orbe, responsable de la  asistencia a los damnificados. <br \/>&#13;<br \/>\n<br \/>&#13;<br \/>\nEn el lugar, el titular del  INDRHI, junto a la   Gobernadora y el Diputado del PLD entregaron mochilas y  \u00fatiles escolares a los hijos de unas 80 familias de refugiadas en el proyecto  desde el paso de ambos fen\u00f3menos atmosf\u00e9ricos. <br \/>&#13;<br \/>\n<br \/>&#13;<br \/>\nLas mochilas fueron  entregadas en presencia del sacerdote del Orbe, quien agradeci\u00f3 todo el apoyo  que reciben los damnificados de parte del gobierno del presidente Fern\u00e1ndez y  del INDRHI. <br \/>&#13;<br \/>\n<br \/>&#13;<br \/>\nEl ingeniero Rodr\u00edguez  Pimentel don\u00f3 tambi\u00e9n una nevera a la parroquia San Antonio de Padua, de Villa  Riva, la cual fue recibida por el Di\u00e1cono Daniel Rodr\u00edguez. <\/p>\n<p>&#13;<\/p>\n<p align=\"justify\" class=\"text1noticias\"><strong>VIVIENDAS DE BAJOS COSTOS: <\/strong> <\/p>\n<p>&#13;<\/p>\n<p align=\"justify\" class=\"text1noticias\">El  ingeniero Rodr\u00edguez Pimentel, visit\u00f3, junto a la Gobernadora Plata  y al diputado N\u00fa\u00f1ez, una planta de prefabricados para la construcci\u00f3n de  viviendas a bajos costos ubicada en Pont\u00f3n, en la provincia Duarte. <br \/>&#13;<br \/>\n  <br \/>&#13;<br \/>\nEl encargado de la planta de  prefabricado, Pedro Galiano, de nacionalidad cubana, explic\u00f3 que al nivel en  que se encuentra actualmente, la misma est\u00e1 en capacidad para fabricar una casa  diariamente, con un costo estimado en unos 500 mil pesos. <br \/>&#13;<br \/>\n<br \/>&#13;<br \/>\nSe\u00f1al\u00f3 que las viviendas se  construyen en un \u00e1rea de unos 55 metros cuadrados,  utilizando como materiales varillas y cemento, defini\u00e9ndolo como un sistema de  ferrocemento. <br \/>&#13;<br \/>\n<br \/>&#13;<br \/>\nEn sus explicaciones al  ingeniero Rodr\u00edguez Pimentel, la Gobernadora Plata y el Diputado N\u00fa\u00f1ez, Galiano  dijo que las primeras viviendas empleando este sistema se construyeron en Cuba,  en la comunidad de Puerto Boniato, en el a\u00f1o 1983. <br \/>&#13;<br \/>\n<br \/>&#13;<br \/>\nLa representante del Poder  Ejecutivo en la provincia Duarte se mostr\u00f3 interesada en llevar la informaci\u00f3n  al presidente Leonel Fern\u00e1ndez, con el objetivo de ver si el Gobierno se  interesa en desarrollar un gran proyecto de construcci\u00f3n de viviendas de bajo  costo, para beneficiar a un gran n\u00famero de ciudadanos. <\/p>\n<p>&#13;<\/p>\n<p align=\"justify\" class=\"text1noticias\"><strong>ORDENA REALIZAR ESTUDIO:<\/strong> <\/p>\n<p>&#13;<\/p>\n<p align=\"justify\" class=\"text1noticias\">Durante su recorrido por la  provincia Duarte, el ingeniero Rodr\u00edguez Pimentel, en compa\u00f1\u00eda de la Gobernadora Luz  Selene Plata y el Diputado Lupe N\u00fa\u00f1ez observaron la situaci\u00f3n existente en la  comunidad de La Verde,  la cual se inunda cada vez que crece el r\u00edo Yuna. <br \/>&#13;<br \/>\n  <br \/>&#13;<br \/>\n  De inmediato el titular del INDRHI  dispuso que los t\u00e9cnicos del organismo acudan al lugar, en Villa Riva, a fin de  realizar un estudio que determine las medidas a tomar para frenar las  inundaciones que produce el r\u00edo Yuna cada vez que sube su caudal de agua. <br \/>&#13;<br \/>\n  <br \/>&#13;<br \/>\n   Residentes en la comunidad  indicaron que con la construcci\u00f3n de un muro de gaviones es posible contener la  furia del r\u00edo Yuna, que cada cierto tiempo acaba con sus siembras y con sus  viviendas. <br \/>&#13;<br \/>\n   <br \/>&#13;<br \/>\nJos\u00e9 Porfirio Moya dijo en  nombre de los residentes de La   Verde que agradecen al titular del INDRHI que desde que lleg\u00f3  a cargo siempre dice presente cada vez que reclaman su presencia en la zona. <\/p>\n<p>&#13;<\/p>\n<h6> 2008-01-23 14:13:45 <\/h6>\n<p><!--\n<link rel=\"stylesheet\" href=\"css\/bootstrap.min.css\">\n\n\n<ul class=\"pagination\">\n\t    \n\t\n\n<li >\n\t<a href='?page_no=34277'>Previous<\/a>\n\t<\/li>\n\n\n       \n    \n\n<li><a href='?page_no=1'>1<\/a><\/li>\n\n\n\n<li><a href='?page_no=2'>2<\/a><\/li>\n\n\n\n<li><a>...<\/a><\/li>\n\n\n\n<li><a href='?page_no=34276'>34276<\/a><\/li>\n\n\n\n<li><a href='?page_no=34277'>34277<\/a><\/li>\n\n\n\n<li class='active'><a>34278<\/a><\/li>\n\n\n\n<li><a href='?page_no=34279'>34279<\/a><\/li>\n\n\n\n<li><a href='?page_no=34280'>34280<\/a><\/li>\n\n\n\n<li><a>...<\/a><\/li>\n\n\n\n<li><a href='?page_no=36999'>36999<\/a><\/li>\n\n\n\n<li><a href='?page_no=37000'>37000<\/a><\/li>\n\n    \n\t\n\n<li >\n\t<a href='?page_no=34279'>Next<\/a>\n\t<\/li>\n\n\n    \n\n<li><a href='?page_no=37000'>Last &rsaquo;&rsaquo;<\/a><\/li>\n\n<\/ul>\n\n\n--><br \/>\n<\/body><\/p>\n","protected":false},"excerpt":{"rendered":"<p>Rodr\u00edguez Pimentel anuncia donaci\u00f3n de terrenos &#13; SAN FRANCISCO DE MACOR\u00cdS.-\u00a0 El Director Ejecutivo del Instituto Nacional de Recursos Hidr\u00e1ulicos (INDRHI), el ingeniero H\u00e9ctor Rodr\u00edguez Pimentel, anunci\u00f3 la donaci\u00f3n de 10,000 metros cuadrados al Instituto Nacional de la Vivienda (INVI) para la construcci\u00f3n de viviendas para los damnificados de las tormentas Noel y Olga, refugiados [&hellip;]<\/p>\n","protected":false},"author":3,"featured_media":0,"comment_status":"open","ping_status":"open","sticky":false,"template":"","format":"standard","meta":{"footnotes":""},"categories":[22],"tags":[],"class_list":["post-191530","post","type-post","status-publish","format-standard","hentry","category-politica"],"_links":{"self":[{"href":"https:\/\/diariodominicano.com\/index.php?rest_route=\/wp\/v2\/posts\/191530","targetHints":{"allow":["GET"]}}],"collection":[{"href":"https:\/\/diariodominicano.com\/index.php?rest_route=\/wp\/v2\/posts"}],"about":[{"href":"https:\/\/diariodominicano.com\/index.php?rest_route=\/wp\/v2\/types\/post"}],"author":[{"embeddable":true,"href":"https:\/\/diariodominicano.com\/index.php?rest_route=\/wp\/v2\/users\/3"}],"replies":[{"embeddable":true,"href":"https:\/\/diariodominicano.com\/index.php?rest_route=%2Fwp%2Fv2%2Fcomments&post=191530"}],"version-history":[{"count":0,"href":"https:\/\/diariodominicano.com\/index.php?rest_route=\/wp\/v2\/posts\/191530\/revisions"}],"wp:attachment":[{"href":"https:\/\/diariodominicano.com\/index.php?rest_route=%2Fwp%2Fv2%2Fmedia&parent=191530"}],"wp:term":[{"taxonomy":"category","embeddable":true,"href":"https:\/\/diariodominicano.com\/index.php?rest_route=%2Fwp%2Fv2%2Fcategories&post=191530"},{"taxonomy":"post_tag","embeddable":true,"href":"https:\/\/diariodominicano.com\/index.php?rest_route=%2Fwp%2Fv2%2Ftags&post=191530"}],"curies":[{"name":"wp","href":"https:\/\/api.w.org\/{rel}","templated":true}]}}