{"id":191529,"date":"2008-01-23T14:24:47","date_gmt":"2008-01-23T14:24:47","guid":{"rendered":"http:\/\/diariodominicano.ddns.net\/?p=191529"},"modified":"2008-01-23T14:24:47","modified_gmt":"2008-01-23T14:24:47","slug":"delegacion-agencia-cooperacion-del-japon-visita-sindico-de-santiago-hace-entrega-de-certificacion-primera-celda-relleno-sanitario","status":"publish","type":"post","link":"https:\/\/diariodominicano.com\/?p=191529","title":{"rendered":"Delegaci\u00f3n Agencia Cooperaci\u00f3n del Jap\u00f3n visita s\u00edndico de Santiago; hace entrega de certificaci\u00f3n primera celda relleno sanitario"},"content":{"rendered":"<p><body><\/p>\n<p align=\"justify\" class=\"text1noticias\"><span class=\"titulogrande1\"><strong>Delegaci\u00f3n Agencia de Cooperaci\u00f3n del Jap\u00f3n visita s\u00edndico de Santiago; hace entrega de certificaci\u00f3n primera celda relleno sanitario<\/strong><\/span><strong><br \/>&#13;<br \/>\n  <br \/>&#13;<br \/>\n      <img loading=\"lazy\" decoding=\"async\" src=\"http:\/\/localhost:8080\/pictures\/sindico jaica.jpg\" width=\"269\" height=\"169\" hspace=\"4\" align=\"left\" \/>Santiago.- <\/strong>Una delegaci\u00f3n de la Agencia de Cooperaci\u00f3n del  Jap\u00f3n (JAICA)\u00a0 visit\u00f3 al s\u00edndico  municipal, Jos\u00e9 Enrique Sued, para entregarle a la administraci\u00f3n edilicia la  certificaci\u00f3n de la primera celda del relleno\u00a0sanitario, proyecto que ejecutan las autoridades municipales  santiaguenses, bajo el m\u00e9todo japon\u00e9s Fukuoka, que es modelo en el \u00e1rea del Caribe.<\/p>\n<p>&#13;<\/p>\n<p align=\"justify\" class=\"text1noticias\">Se  trata de la segunda comitiva nipona, esta vez, \u00a0encabezada por Yasushi Matsufuji, profesor y  PHD de la facultad de Ingenier\u00eda Civil en la universidad de FUKUOKA, quien es  el creador del m\u00e9todo sobre administraci\u00f3n del relleno sanitario que lleva el  nombre del centro docente.<\/p>\n<p>&#13;<\/p>\n<p align=\"justify\" class=\"text1noticias\">Junto  a Matsufuji, visitaron al s\u00edndico Sued, \u00a0Yasimura y Furusawa, expertos en  administraci\u00f3n de rellenos sanitarios e integrantes de la Fundaci\u00f3n de  Suministro\u00a0 de Agua de la ciudad de  FUKUOKA, y coordinador y administrador de cursos\u00a0 de entrenamientos y director ejecutivo de la JAICA en Rep\u00fablica  Dominicana, respectivamente.<\/p>\n<p>&#13;<\/p>\n<p align=\"justify\" class=\"text1noticias\">De  esta forma las autoridades municipales a trav\u00e9s de la Unidad de Gesti\u00f3n Integral  de Residuos S\u00f3lidos,\u00a0 dirigido\u00a0 por la ingeniera Ingrid\u00a0 Fern\u00e1ndez, inicia este a\u00f1o la operaci\u00f3n del  relleno sanitario con la primera celda certificada, utilizando el m\u00e9todo semi  aer\u00f3bico Fukuoka, para la disposici\u00f3n\u00a0 y  tratamiento final de los residuos s\u00f3lidos.<\/p>\n<p>&#13;<\/p>\n<p align=\"justify\" class=\"text1noticias\">El  ejecutivo\u00a0 municipal\u00a0 aprovech\u00f3 la visita de los t\u00e9cnicos\u00a0 extranjeros para reiterarles su gratitud al  gobierno japon\u00e9s por la cooperaci\u00f3n, que a trav\u00e9s de la JAICA est\u00e1 recibiendo\u00a0 la municipalidad santiaguense en la  construcci\u00f3n del proyecto del relleno sanitario.<\/p>\n<p>&#13;<\/p>\n<p align=\"justify\" class=\"text1noticias\">Los  esfuerzos del Ayuntamiento de Santiago en conjunto a la JICA se desarrollan desde  hace un tiempo, en pro de la mejora de la calidad del medio ambiente y  colaborando con la mitigaci\u00f3n del impacto del calentamiento global.<\/p>\n<p>&#13;<\/p>\n<p align=\"justify\" class=\"text1noticias\">Mediante  la cooperaci\u00f3n t\u00e9cnica de la JICA,  el Ayuntamiento de Santiago, el Plan Estrat\u00e9gico y la visi\u00f3n del Sindico Jos\u00e9  Enrique Sued,\u00a0 est\u00e1n contribuyendo con el  fortalecimiento y la capacidad de administraci\u00f3n medioambiental, mediante el  establecimiento de medidas relativas al tratamiento de residuos s\u00f3lidos.<\/p>\n<p>&#13;<\/p>\n<p align=\"justify\" class=\"text1noticias\">Para  el s\u00edndico Sued, la agenda de la ciudad hasta el 2010, a trav\u00e9s de la Gesti\u00f3n de Residuos  S\u00f3lidos, establece una gesti\u00f3n ambiental participativa, que desarrolla una  relaci\u00f3n armoniosa entre las personas y su medio.<\/p>\n<p>&#13;<\/p>\n<p align=\"justify\" class=\"text1noticias\">Este  proyecto es coherente con la l\u00ednea estrat\u00e9gica de Ciudad, sobre\u00a0 la Calidad Ambiental,  que prioriza en el saneamiento, el tratamiento final de los residuos s\u00f3lidos y  el establecimiento de pol\u00edticas para mejorar la calidad del aire. \u201cEs por esto  que hoy por hoy se consolida en la ciudad, un Sistema Municipal de Gesti\u00f3n  Ambiental modelo en el caribe\u201d,\u00a0 afirm\u00f3  la ingeniera Ingrid Fern\u00e1ndez.<\/p>\n<p>&#13;<\/p>\n<h6> 2008-01-23 14:24:47 <\/h6>\n<p><!--\n<link rel=\"stylesheet\" href=\"css\/bootstrap.min.css\">\n\n\n<ul class=\"pagination\">\n\t    \n\t\n\n<li >\n\t<a href='?page_no=34276'>Previous<\/a>\n\t<\/li>\n\n\n       \n    \n\n<li><a href='?page_no=1'>1<\/a><\/li>\n\n\n\n<li><a href='?page_no=2'>2<\/a><\/li>\n\n\n\n<li><a>...<\/a><\/li>\n\n\n\n<li><a href='?page_no=34275'>34275<\/a><\/li>\n\n\n\n<li><a href='?page_no=34276'>34276<\/a><\/li>\n\n\n\n<li class='active'><a>34277<\/a><\/li>\n\n\n\n<li><a href='?page_no=34278'>34278<\/a><\/li>\n\n\n\n<li><a href='?page_no=34279'>34279<\/a><\/li>\n\n\n\n<li><a>...<\/a><\/li>\n\n\n\n<li><a href='?page_no=36999'>36999<\/a><\/li>\n\n\n\n<li><a href='?page_no=37000'>37000<\/a><\/li>\n\n    \n\t\n\n<li >\n\t<a href='?page_no=34278'>Next<\/a>\n\t<\/li>\n\n\n    \n\n<li><a href='?page_no=37000'>Last &rsaquo;&rsaquo;<\/a><\/li>\n\n<\/ul>\n\n\n--><br \/>\n<\/body><\/p>\n","protected":false},"excerpt":{"rendered":"<p>Delegaci\u00f3n Agencia de Cooperaci\u00f3n del Jap\u00f3n visita s\u00edndico de Santiago; hace entrega de certificaci\u00f3n primera celda relleno sanitario&#13; &#13; Santiago.- Una delegaci\u00f3n de la Agencia de Cooperaci\u00f3n del Jap\u00f3n (JAICA)\u00a0 visit\u00f3 al s\u00edndico municipal, Jos\u00e9 Enrique Sued, para entregarle a la administraci\u00f3n edilicia la certificaci\u00f3n de la primera celda del relleno\u00a0sanitario, proyecto que ejecutan las [&hellip;]<\/p>\n","protected":false},"author":3,"featured_media":0,"comment_status":"open","ping_status":"open","sticky":false,"template":"","format":"standard","meta":{"footnotes":""},"categories":[22],"tags":[],"class_list":["post-191529","post","type-post","status-publish","format-standard","hentry","category-politica"],"_links":{"self":[{"href":"https:\/\/diariodominicano.com\/index.php?rest_route=\/wp\/v2\/posts\/191529","targetHints":{"allow":["GET"]}}],"collection":[{"href":"https:\/\/diariodominicano.com\/index.php?rest_route=\/wp\/v2\/posts"}],"about":[{"href":"https:\/\/diariodominicano.com\/index.php?rest_route=\/wp\/v2\/types\/post"}],"author":[{"embeddable":true,"href":"https:\/\/diariodominicano.com\/index.php?rest_route=\/wp\/v2\/users\/3"}],"replies":[{"embeddable":true,"href":"https:\/\/diariodominicano.com\/index.php?rest_route=%2Fwp%2Fv2%2Fcomments&post=191529"}],"version-history":[{"count":0,"href":"https:\/\/diariodominicano.com\/index.php?rest_route=\/wp\/v2\/posts\/191529\/revisions"}],"wp:attachment":[{"href":"https:\/\/diariodominicano.com\/index.php?rest_route=%2Fwp%2Fv2%2Fmedia&parent=191529"}],"wp:term":[{"taxonomy":"category","embeddable":true,"href":"https:\/\/diariodominicano.com\/index.php?rest_route=%2Fwp%2Fv2%2Fcategories&post=191529"},{"taxonomy":"post_tag","embeddable":true,"href":"https:\/\/diariodominicano.com\/index.php?rest_route=%2Fwp%2Fv2%2Ftags&post=191529"}],"curies":[{"name":"wp","href":"https:\/\/api.w.org\/{rel}","templated":true}]}}