{"id":191528,"date":"2008-01-23T15:06:44","date_gmt":"2008-01-23T15:06:44","guid":{"rendered":"http:\/\/diariodominicano.ddns.net\/?p=191528"},"modified":"2008-01-23T15:06:44","modified_gmt":"2008-01-23T15:06:44","slug":"el-pal-reinicia-actividades-politicas-con-bandereos-en-el-distrito-nacional-y-provincia-santo-domingo","status":"publish","type":"post","link":"https:\/\/diariodominicano.com\/?p=191528","title":{"rendered":"El Pal reinicia actividades pol\u00edticas con bandereos en el Distrito Nacional y provincia Santo Domingo"},"content":{"rendered":"<p><body><\/p>\n<p align=\"justify\" class=\"titulogrande1\"><strong>El Pal reinicia actividades pol\u00edticas con bandereos en el Distrito Nacional y provincia Santo Domingo<\/strong> <\/p>\n<p>&#13;<\/p>\n<p align=\"justify\" class=\"text1noticias\"><strong><img loading=\"lazy\" decoding=\"async\" src=\"http:\/\/localhost:8080\/pictures\/pal.jpg\" width=\"269\" height=\"358\" hspace=\"4\" align=\"left\" \/>Santo Domingo.-<\/strong> El movimiento Proyecto de Apoyo a  Leonel (PAL) reinici\u00f3 su campa\u00f1a pol\u00edtica en este a\u00f1o con bandereo de manera  simultania en las principales calles del Distrito Nacional y la provincia Santo  Domingo.\u00a0\u00a0 <\/p>\n<p>&#13;<\/p>\n<p align=\"justify\" class=\"text1noticias\">El secretario general de esa organizaci\u00f3n pol\u00edtica, ingeniero C\u00e9sar  Fern\u00e1ndez, afirm\u00f3 que con ese toque de bandera el PAL comienza la ruta de  mantener en el poder al Presidente Leonel Fern\u00e1ndez de cara a las elecciones  del 16 de mayo del presente a\u00f1o.<\/p>\n<p>&#13;<\/p>\n<p align=\"justify\" class=\"text1noticias\">\u201cEstamos seguros que ser\u00e1 as\u00ed, porque el pueblo dominicano sabe que la  garant\u00eda del progreso, estabilidad y desarrollo para el pa\u00eds s\u00f3lo es posible  con un gobierno del Presidente Leonel Fern\u00e1ndez y el Partido de la Liberaci\u00f3n Dominicana\u201d,  asegur\u00f3 el dirigente pol\u00edtico.<\/p>\n<p>&#13;<\/p>\n<p align=\"justify\" class=\"text1noticias\">En ese orden de ideas pidi\u00f3 a la militancia del Proyecto de Apoyo a  Leonel (PAL) trabajar noche y d\u00eda en procurar de que la victoria sea en la  primera vuelta y de forma aplastante, afirm\u00f3 el ingeniero Fern\u00e1ndez en medio de  la actividad pol\u00edtica.\u00a0 <\/p>\n<p>&#13;<\/p>\n<p align=\"justify\" class=\"text1noticias\">En el bandereo los miembros del movimiento pol\u00edtico entregaron  calcoman\u00edas, banderas, cintillos y gorras a los transe\u00fantes que pasaban por los  lugares donde se realizaba la actividad. \u00a0<\/p>\n<p>&#13;<\/p>\n<p align=\"justify\" class=\"text1noticias\">El Proyecto de Apoyo a Leonel (PAL), quien respalda al presidente  Fern\u00e1ndez, es presidido por la licenciada Maritza L\u00f3pez de Ortiz.<\/p>\n<p>&#13;<\/p>\n<h6> 2008-01-23 15:06:44 <\/h6>\n<p><!--\n<link rel=\"stylesheet\" href=\"css\/bootstrap.min.css\">\n\n\n<ul class=\"pagination\">\n\t    \n\t\n\n<li >\n\t<a href='?page_no=34275'>Previous<\/a>\n\t<\/li>\n\n\n       \n    \n\n<li><a href='?page_no=1'>1<\/a><\/li>\n\n\n\n<li><a href='?page_no=2'>2<\/a><\/li>\n\n\n\n<li><a>...<\/a><\/li>\n\n\n\n<li><a href='?page_no=34274'>34274<\/a><\/li>\n\n\n\n<li><a href='?page_no=34275'>34275<\/a><\/li>\n\n\n\n<li class='active'><a>34276<\/a><\/li>\n\n\n\n<li><a href='?page_no=34277'>34277<\/a><\/li>\n\n\n\n<li><a href='?page_no=34278'>34278<\/a><\/li>\n\n\n\n<li><a>...<\/a><\/li>\n\n\n\n<li><a href='?page_no=36999'>36999<\/a><\/li>\n\n\n\n<li><a href='?page_no=37000'>37000<\/a><\/li>\n\n    \n\t\n\n<li >\n\t<a href='?page_no=34277'>Next<\/a>\n\t<\/li>\n\n\n    \n\n<li><a href='?page_no=37000'>Last &rsaquo;&rsaquo;<\/a><\/li>\n\n<\/ul>\n\n\n--><br \/>\n<\/body><\/p>\n","protected":false},"excerpt":{"rendered":"<p>El Pal reinicia actividades pol\u00edticas con bandereos en el Distrito Nacional y provincia Santo Domingo &#13; Santo Domingo.- El movimiento Proyecto de Apoyo a Leonel (PAL) reinici\u00f3 su campa\u00f1a pol\u00edtica en este a\u00f1o con bandereo de manera simultania en las principales calles del Distrito Nacional y la provincia Santo Domingo.\u00a0\u00a0 &#13; El secretario general de [&hellip;]<\/p>\n","protected":false},"author":3,"featured_media":0,"comment_status":"open","ping_status":"open","sticky":false,"template":"","format":"standard","meta":{"footnotes":""},"categories":[22],"tags":[],"class_list":["post-191528","post","type-post","status-publish","format-standard","hentry","category-politica"],"_links":{"self":[{"href":"https:\/\/diariodominicano.com\/index.php?rest_route=\/wp\/v2\/posts\/191528","targetHints":{"allow":["GET"]}}],"collection":[{"href":"https:\/\/diariodominicano.com\/index.php?rest_route=\/wp\/v2\/posts"}],"about":[{"href":"https:\/\/diariodominicano.com\/index.php?rest_route=\/wp\/v2\/types\/post"}],"author":[{"embeddable":true,"href":"https:\/\/diariodominicano.com\/index.php?rest_route=\/wp\/v2\/users\/3"}],"replies":[{"embeddable":true,"href":"https:\/\/diariodominicano.com\/index.php?rest_route=%2Fwp%2Fv2%2Fcomments&post=191528"}],"version-history":[{"count":0,"href":"https:\/\/diariodominicano.com\/index.php?rest_route=\/wp\/v2\/posts\/191528\/revisions"}],"wp:attachment":[{"href":"https:\/\/diariodominicano.com\/index.php?rest_route=%2Fwp%2Fv2%2Fmedia&parent=191528"}],"wp:term":[{"taxonomy":"category","embeddable":true,"href":"https:\/\/diariodominicano.com\/index.php?rest_route=%2Fwp%2Fv2%2Fcategories&post=191528"},{"taxonomy":"post_tag","embeddable":true,"href":"https:\/\/diariodominicano.com\/index.php?rest_route=%2Fwp%2Fv2%2Ftags&post=191528"}],"curies":[{"name":"wp","href":"https:\/\/api.w.org\/{rel}","templated":true}]}}