{"id":191525,"date":"2008-01-23T19:24:21","date_gmt":"2008-01-23T19:24:21","guid":{"rendered":"http:\/\/diariodominicano.ddns.net\/?p=191525"},"modified":"2008-01-23T19:24:21","modified_gmt":"2008-01-23T19:24:21","slug":"francisco-javier-garcia-con-proclamacion-de-fernandez-se-inicia-triunfo-en-primera-vuelta","status":"publish","type":"post","link":"https:\/\/diariodominicano.com\/?p=191525","title":{"rendered":"Francisco Javier Garc\u00eda: con proclamaci\u00f3n de Fern\u00e1ndez se inicia triunfo en primera vuelta"},"content":{"rendered":"<p><body><\/p>\n<p align=\"justify\" class=\"titulogrande1\">Francisco Javier Garc\u00eda: Con proclamaci\u00f3n de Fern\u00e1ndez se inicia triunfo PLD en primera vuelta  <\/p>\n<p>&#13;<\/p>\n<p align=\"justify\" class=\"text1noticias\"><strong><img loading=\"lazy\" decoding=\"async\" src=\"http:\/\/localhost:8080\/pictures\/francisco javier pic.jpg\" width=\"269\" height=\"297\" hspace=\"4\" align=\"left\" \/>Santo Domingo.- <\/strong>El coordinador general del Comit\u00e9 Nacional  de Campa\u00f1a del Partido de la Liberaci\u00f3n   Dominicana, licenciado Francisco Javier Garc\u00eda, dijo que con  la proclamaci\u00f3n el pr\u00f3ximo domingo del doctor Leonel Fern\u00e1ndez como candidato  presidencial de esa organizaci\u00f3n se inicia la ruta para ganar las elecciones  del 16 de mayo con el 60 por ciento de los votos.<\/p>\n<p>&#13;<\/p>\n<p align=\"justify\" class=\"text1noticias\">Javier Garc\u00eda afirm\u00f3 que la proclamaci\u00f3n del doctor Fern\u00e1ndez  ser\u00e1 el acto m\u00e1s importante que se har\u00e1 en la presente campa\u00f1a electoral, donde  el pa\u00eds tendr\u00e1 la oportunidad de conocer parte de los lineamientos generales  que el PLD y su candidato presidencial van a desarrollar desde el punto de  vista de la oferta electoral.<\/p>\n<p>&#13;<\/p>\n<p align=\"justify\" class=\"text1noticias\"> El alto dirigente pelede\u00edsta dijo que en el discurso  central el mandatario va a exponerle al pa\u00eds cuales son los motivos que tienen  los dominicanos para votar por su candidatura el pr\u00f3ximo 16 de mayo.<\/p>\n<p>&#13;<\/p>\n<p align=\"justify\" class=\"text1noticias\">\u201cSer\u00e1 un acto efectivo, bien organizado, sencillo,  disciplinado, como todas las actividades que realiza el PLD, que dar\u00e1 inicio a  lo que ser\u00e1 la campa\u00f1a electoral que desarrollar\u00e1 el partido morado\u201d, asegur\u00f3.<\/p>\n<p>&#13;<\/p>\n<p align=\"justify\" class=\"text1noticias\">Sostuvo que a partir de ese momento el Partido de la Liberaci\u00f3n Dominicana  desplegar\u00e1 todas sus fuerzas a nivel nacional e internacional y empezar\u00e1 a divulgar  en todos los medios de comunicaci\u00f3n el programa que el Gobierno del Presidente  Fern\u00e1ndez conjuntamente con las fuerzas aliadas va a emperezar a ejecutar a  partir del 16 de agosto de este a\u00f1o.<\/p>\n<p>&#13;<\/p>\n<p align=\"justify\" class=\"text1noticias\">\u201cEs una brillante oportunidad que va a tener el pueblo de  escuchar las razones por la que el Presidente leonel Fern\u00e1ndez debe permanecer  en el poder por cuatro a\u00f1os m\u00e1s dirigiendo los destinos de la Rep\u00fablica Dominicana\u201d,  se\u00f1al\u00f3 el licenciado Francisco Javier Garc\u00eda.<\/p>\n<p>&#13;<\/p>\n<p align=\"justify\" class=\"text1noticias\">Dijo que para el PLD el acto de proclamaci\u00f3n de su  candidato presidencial es una actividad importante y festiva a la vez, por  tener una parte protocolar reglamentaria que exige la Junta Central Electoral, por el  discurso solemne que pronunciar\u00e1 el doctor Fern\u00e1ndez y por las presentaciones  art\u00edsticas.<\/p>\n<p>&#13;<\/p>\n<p align=\"justify\" class=\"text1noticias\">Dijo que 10 d\u00edas despu\u00e9s de la proclamaci\u00f3n se podr\u00eda  presentar el Programa de Gobierno del PLD, al cual le est\u00e1n dando \u201cunos  toquecitos finales, el ingeniero Tem\u00edstocles Mont\u00e1s y un amplio equipo de las  diferentes \u00e1reas del partido y del gobierno\u201d.<\/p>\n<p>&#13;<\/p>\n<p align=\"justify\" class=\"text1noticias\">Record\u00f3 que el PLD es el \u00fanico partido del pa\u00eds que ha  cumplido su programa de gobierno en m\u00e1s del cien por ciento, ya que ha cumplido  todas las promesas que le hizo al pueblo y se ejecutaron obras que no se  prometieron y que son de vital importancia para las comunidades donde se  realizaron.<\/p>\n<p>&#13;<\/p>\n<p align=\"justify\" class=\"text1noticias\">\u201cYo de manera particular digo que nosotros tenemos dos  opciones. En pol\u00edtica las cosas te salen bien o te salen mal, si a nosotros las  cosas nos salen mal en la primera vuelta sacamos un 55 por ciento de los votos  y si nos salen bien estaremos obteniendo un 60 por ciento\u201d, manifest\u00f3 el  coordinador general del Comit\u00e9 Nacional de Campa\u00f1a del doctor Leonel Fern\u00e1ndez.<\/p>\n<p>&#13;<\/p>\n<p align=\"justify\" class=\"text1noticias\">Dijo que como van los acontecimientos con las acciones  buenas que hace el Gobierno y su candidato presidencial y las malas de los  contrarios, el doctor Fern\u00e1ndez podr\u00eda ganar la primera vuelta con un 60 por  ciento de los sufragios emitidos.<\/p>\n<p>&#13;<\/p>\n<p align=\"justify\" class=\"text1noticias\">Signific\u00f3 que el equipo de campa\u00f1a del Partido  Revolucionario Dominicano (PRD) est\u00e1 m\u00e1s err\u00e1tico que nunca al punto de \u201cno  pegar una y convertirse en un partido monotem\u00e1tico\u201d.<\/p>\n<p>&#13;<\/p>\n<p align=\"justify\" class=\"text1noticias\">\u201cTodos los errores que los perrede\u00edstas vienen cometiendo  en esta campa\u00f1a electoral m\u00e1s el tipo de organizaci\u00f3n que el PLD tiene en la  campa\u00f1a, todo indica que el nosotros deberemos estar ganando las elecciones con  por lo menos el 60 por ciento\u201d, sostuvo.<\/p>\n<p>&#13;<\/p>\n<p align=\"justify\" class=\"text1noticias\">Precis\u00f3 que el PLD est\u00e1 en un 54.5 por ciento sin haber  proclamado su candidato, sin hacer las propuestas electorales y sin lanzase a  las calles como lo har\u00e1n a partir de este domingo.<\/p>\n<p>&#13;<\/p>\n<h6> 2008-01-23 19:24:21 <\/h6>\n<p><!--\n<link rel=\"stylesheet\" href=\"css\/bootstrap.min.css\">\n\n\n<ul class=\"pagination\">\n\t    \n\t\n\n<li >\n\t<a href='?page_no=34272'>Previous<\/a>\n\t<\/li>\n\n\n       \n    \n\n<li><a href='?page_no=1'>1<\/a><\/li>\n\n\n\n<li><a href='?page_no=2'>2<\/a><\/li>\n\n\n\n<li><a>...<\/a><\/li>\n\n\n\n<li><a href='?page_no=34271'>34271<\/a><\/li>\n\n\n\n<li><a href='?page_no=34272'>34272<\/a><\/li>\n\n\n\n<li class='active'><a>34273<\/a><\/li>\n\n\n\n<li><a href='?page_no=34274'>34274<\/a><\/li>\n\n\n\n<li><a href='?page_no=34275'>34275<\/a><\/li>\n\n\n\n<li><a>...<\/a><\/li>\n\n\n\n<li><a href='?page_no=36999'>36999<\/a><\/li>\n\n\n\n<li><a href='?page_no=37000'>37000<\/a><\/li>\n\n    \n\t\n\n<li >\n\t<a href='?page_no=34274'>Next<\/a>\n\t<\/li>\n\n\n    \n\n<li><a href='?page_no=37000'>Last &rsaquo;&rsaquo;<\/a><\/li>\n\n<\/ul>\n\n\n--><br \/>\n<\/body><\/p>\n","protected":false},"excerpt":{"rendered":"<p>Francisco Javier Garc\u00eda: Con proclamaci\u00f3n de Fern\u00e1ndez se inicia triunfo PLD en primera vuelta &#13; Santo Domingo.- El coordinador general del Comit\u00e9 Nacional de Campa\u00f1a del Partido de la Liberaci\u00f3n Dominicana, licenciado Francisco Javier Garc\u00eda, dijo que con la proclamaci\u00f3n el pr\u00f3ximo domingo del doctor Leonel Fern\u00e1ndez como candidato presidencial de esa organizaci\u00f3n se inicia [&hellip;]<\/p>\n","protected":false},"author":3,"featured_media":0,"comment_status":"open","ping_status":"open","sticky":false,"template":"","format":"standard","meta":{"footnotes":""},"categories":[22],"tags":[],"class_list":["post-191525","post","type-post","status-publish","format-standard","hentry","category-politica"],"_links":{"self":[{"href":"https:\/\/diariodominicano.com\/index.php?rest_route=\/wp\/v2\/posts\/191525","targetHints":{"allow":["GET"]}}],"collection":[{"href":"https:\/\/diariodominicano.com\/index.php?rest_route=\/wp\/v2\/posts"}],"about":[{"href":"https:\/\/diariodominicano.com\/index.php?rest_route=\/wp\/v2\/types\/post"}],"author":[{"embeddable":true,"href":"https:\/\/diariodominicano.com\/index.php?rest_route=\/wp\/v2\/users\/3"}],"replies":[{"embeddable":true,"href":"https:\/\/diariodominicano.com\/index.php?rest_route=%2Fwp%2Fv2%2Fcomments&post=191525"}],"version-history":[{"count":0,"href":"https:\/\/diariodominicano.com\/index.php?rest_route=\/wp\/v2\/posts\/191525\/revisions"}],"wp:attachment":[{"href":"https:\/\/diariodominicano.com\/index.php?rest_route=%2Fwp%2Fv2%2Fmedia&parent=191525"}],"wp:term":[{"taxonomy":"category","embeddable":true,"href":"https:\/\/diariodominicano.com\/index.php?rest_route=%2Fwp%2Fv2%2Fcategories&post=191525"},{"taxonomy":"post_tag","embeddable":true,"href":"https:\/\/diariodominicano.com\/index.php?rest_route=%2Fwp%2Fv2%2Ftags&post=191525"}],"curies":[{"name":"wp","href":"https:\/\/api.w.org\/{rel}","templated":true}]}}