{"id":191524,"date":"2008-01-23T19:47:55","date_gmt":"2008-01-23T19:47:55","guid":{"rendered":"http:\/\/diariodominicano.ddns.net\/?p=191524"},"modified":"2008-01-23T19:47:55","modified_gmt":"2008-01-23T19:47:55","slug":"vargas-maldonado-hablara-la-noche-de-este-miercoles-sobre-costo-de-la-vida","status":"publish","type":"post","link":"https:\/\/diariodominicano.com\/?p=191524","title":{"rendered":"Vargas Maldonado hablar\u00e1 la noche de este mi\u00e9rcoles sobre costo de la vida"},"content":{"rendered":"<p><body><\/p>\n<p align=\"justify\"><strong class=\"titulogrande1\">Vargas Maldonado hablar\u00e1 la noche de  este mi\u00e9rcoles sobre costo de la vida\u00a0 <\/strong><br \/>&#13;<br \/>\n    <strong>\u00a0<\/strong><br \/>&#13;<br \/>\n<span class=\"text1noticias\"><strong>SANTO  DOMINGO.-<\/strong> El\u00a0 candidato presidencial del  Partido Revolucionario Dominicano (PRD), Miguel Vargas Maldonado, hablar\u00e1 la  noche de este mi\u00e9rcoles al pa\u00eds por una cadena de radio y televisi\u00f3n sobre el  alto costo de la vida.<\/span><\/p>\n<p>&#13;<\/p>\n<p align=\"justify\" class=\"text1noticias\">El  director de Comunicaciones del candidato presidencial perredeista Carlos  Gabriel Garc\u00eda indic\u00f3 que en su alocuci\u00f3n el candidato presidencial del PRD tratar\u00e1  como el cap\u00edtulo de su programa de gobierno correspondiente a las medidas que  se propone implementar para reducir el alto costo de la vida.<\/p>\n<p>&#13;<\/p>\n<p align=\"justify\" class=\"text1noticias\">Precis\u00f3  que Vargas Maldonado ofrecer\u00e1 su alocuci\u00f3n a las 7:15 de la noche, por  Telesistema y Color Visi\u00f3n y la emisora Z-101. <\/p>\n<p>&#13;<\/p>\n<p align=\"justify\" class=\"text1noticias\">Gabriel  Garc\u00eda record\u00f3 que es la segunda ocasi\u00f3n que Vargas Maldonado se dirige al  pueblo dominicano para informarle sobre la plataforma program\u00e1tica de su  proyecto pol\u00edtico ya que\u00a0 seg\u00fan dijo lo  hab\u00eda hecho con las iniciativas que se propone implementar para la creaci\u00f3n de  empleos.<\/p>\n<p>&#13;<\/p>\n<p align=\"justify\" class=\"text1noticias\">Manifest\u00f3  que el candidato del PRD ha marcado la diferencia en esta campa\u00f1a presidencial  porque desde el principio se ha destacado por la divulgaci\u00f3n de sus ideas, sus  propuestas y sus compromisos program\u00e1ticos para resolver los problemas que  afectan la calidad de vida del pueblo dominicano.<\/p>\n<p>&#13;<\/p>\n<p align=\"justify\" class=\"text1noticias\">\u201cMiguel  Vargas est\u00e1 realizando una campa\u00f1a decente, con dignidad y mucho respeto hacia  la sociedad dominicana mientras el candidato reeleccionista incorpora a su  discurso los insultos y los agravios personales por la falta de argumentos para  justificar su proyecto\u201d, manifest\u00f3 Garc\u00eda.<\/p>\n<p>&#13;<\/p>\n<h6> 2008-01-23 19:47:55 <\/h6>\n<p><!--\n<link rel=\"stylesheet\" href=\"css\/bootstrap.min.css\">\n\n\n<ul class=\"pagination\">\n\t    \n\t\n\n<li >\n\t<a href='?page_no=34271'>Previous<\/a>\n\t<\/li>\n\n\n       \n    \n\n<li><a href='?page_no=1'>1<\/a><\/li>\n\n\n\n<li><a href='?page_no=2'>2<\/a><\/li>\n\n\n\n<li><a>...<\/a><\/li>\n\n\n\n<li><a href='?page_no=34270'>34270<\/a><\/li>\n\n\n\n<li><a href='?page_no=34271'>34271<\/a><\/li>\n\n\n\n<li class='active'><a>34272<\/a><\/li>\n\n\n\n<li><a href='?page_no=34273'>34273<\/a><\/li>\n\n\n\n<li><a href='?page_no=34274'>34274<\/a><\/li>\n\n\n\n<li><a>...<\/a><\/li>\n\n\n\n<li><a href='?page_no=36999'>36999<\/a><\/li>\n\n\n\n<li><a href='?page_no=37000'>37000<\/a><\/li>\n\n    \n\t\n\n<li >\n\t<a href='?page_no=34273'>Next<\/a>\n\t<\/li>\n\n\n    \n\n<li><a href='?page_no=37000'>Last &rsaquo;&rsaquo;<\/a><\/li>\n\n<\/ul>\n\n\n--><br \/>\n<\/body><\/p>\n","protected":false},"excerpt":{"rendered":"<p>Vargas Maldonado hablar\u00e1 la noche de este mi\u00e9rcoles sobre costo de la vida\u00a0 &#13; \u00a0&#13; SANTO DOMINGO.- El\u00a0 candidato presidencial del Partido Revolucionario Dominicano (PRD), Miguel Vargas Maldonado, hablar\u00e1 la noche de este mi\u00e9rcoles al pa\u00eds por una cadena de radio y televisi\u00f3n sobre el alto costo de la vida. &#13; El director de Comunicaciones [&hellip;]<\/p>\n","protected":false},"author":3,"featured_media":0,"comment_status":"open","ping_status":"open","sticky":false,"template":"","format":"standard","meta":{"footnotes":""},"categories":[22],"tags":[],"class_list":["post-191524","post","type-post","status-publish","format-standard","hentry","category-politica"],"_links":{"self":[{"href":"https:\/\/diariodominicano.com\/index.php?rest_route=\/wp\/v2\/posts\/191524","targetHints":{"allow":["GET"]}}],"collection":[{"href":"https:\/\/diariodominicano.com\/index.php?rest_route=\/wp\/v2\/posts"}],"about":[{"href":"https:\/\/diariodominicano.com\/index.php?rest_route=\/wp\/v2\/types\/post"}],"author":[{"embeddable":true,"href":"https:\/\/diariodominicano.com\/index.php?rest_route=\/wp\/v2\/users\/3"}],"replies":[{"embeddable":true,"href":"https:\/\/diariodominicano.com\/index.php?rest_route=%2Fwp%2Fv2%2Fcomments&post=191524"}],"version-history":[{"count":0,"href":"https:\/\/diariodominicano.com\/index.php?rest_route=\/wp\/v2\/posts\/191524\/revisions"}],"wp:attachment":[{"href":"https:\/\/diariodominicano.com\/index.php?rest_route=%2Fwp%2Fv2%2Fmedia&parent=191524"}],"wp:term":[{"taxonomy":"category","embeddable":true,"href":"https:\/\/diariodominicano.com\/index.php?rest_route=%2Fwp%2Fv2%2Fcategories&post=191524"},{"taxonomy":"post_tag","embeddable":true,"href":"https:\/\/diariodominicano.com\/index.php?rest_route=%2Fwp%2Fv2%2Ftags&post=191524"}],"curies":[{"name":"wp","href":"https:\/\/api.w.org\/{rel}","templated":true}]}}