{"id":191523,"date":"2008-01-23T19:54:11","date_gmt":"2008-01-23T19:54:11","guid":{"rendered":"http:\/\/diariodominicano.ddns.net\/?p=191523"},"modified":"2008-01-23T19:54:11","modified_gmt":"2008-01-23T19:54:11","slug":"leonel-comienza-enero-con-54-5-miguel-vargas-con-31-1-y-amable-un-9-2-revela-una-encuesta-de-la-coordinacion-estrategica-peledeista","status":"publish","type":"post","link":"https:\/\/diariodominicano.com\/?p=191523","title":{"rendered":"Leonel comienza enero con 54.5% Miguel Vargas con 31.1% y Amable un 9.2% revela una encuesta de la coordinaci\u00f3n estrat\u00e9gica peledeista"},"content":{"rendered":"<p><body><\/p>\n<p align=\"justify\" class=\"titulogrande1\"><strong>Leonel comienza enero con 54.5% Miguel  Vargas con 31.1% y Amable un 9.2% revela una encuesta de la coordinaci\u00f3n  estrat\u00e9gica peledeista <\/strong><\/p>\n<p>&#13;<\/p>\n<p align=\"justify\" class=\"text1noticias\"><strong><img loading=\"lazy\" decoding=\"async\" src=\"http:\/\/localhost:8080\/pictures\/francisco javier pld.jpg\" width=\"269\" height=\"189\" hspace=\"4\" align=\"left\" \/>SANTO  DOMINGO.-<\/strong> El Partido de la Liberaci\u00f3n Dominicana asegur\u00f3 este mi\u00e9rcoles que  el candidato del Partido Reformista comenz\u00f3 enero con 9.2%, el del PRD-PPH con  31.1% y el candidato del PLD inici\u00f3 enero con 54.5%. <\/p>\n<p>&#13;<\/p>\n<p align=\"justify\" class=\"text1noticias\">\u00abIr  bajando, bajando y bajando\u00bb es lo que ha hecho la candidatura presidencial  del PRD-PPH, proclam\u00f3 Francisco Javier Garc\u00eda, coordinador general de campa\u00f1a  del Presidente de la   Rep\u00fablica y del Partido de la Liberaci\u00f3n Dominicana  (PLD), Leonel Fern\u00e1ndez, al revelar los resultados de la m\u00e1s reciente encuesta  de trabajo ordenada por la coordinaci\u00f3n estrat\u00e9gica pelede\u00edsta. <\/p>\n<p>&#13;<\/p>\n<p align=\"justify\" class=\"text1noticias\">En  una participaci\u00f3n televisiva que rese\u00f1a la Secretar\u00eda de  Comunicaciones del PLD, Garc\u00eda proclam\u00f3 que 55% es el porcentaje m\u00ednimo que  podr\u00eda obtener esa organizaci\u00f3n el 16 de mayo, pero que las expectativas est\u00e1n  planteadas a partir del 60%. <\/p>\n<p>&#13;<\/p>\n<p align=\"justify\" class=\"text1noticias\">Manifest\u00f3  que ganar las elecciones del venidero mayo es parte de la responsabilidad  hist\u00f3rica que tiene el Partido de la Liberaci\u00f3n Dominicana,  expresando que los pelede\u00edstas junto a los sectores sensatos y progresistas  \u00abno podemos permitir que se instaure nuevamente un gobierno que representa  el retroceso\u00bb. <\/p>\n<p>&#13;<\/p>\n<p align=\"justify\" class=\"text1noticias\">Dijo  que la creatividad a los estrategas de campa\u00f1a del candidato del PRD se les ha  esfumado por completo, convirti\u00e9ndose en monotem\u00e1ticos e incoherentes. <\/p>\n<p>&#13;<\/p>\n<p align=\"justify\" class=\"text1noticias\">\u00abEs  un candidato que incluso lo que vive es imitando al Presidente de la Rep\u00fablica.\u00a0\u00a0 Si el Presidente hace algo  ah\u00ed va el otro candidato a hacer algo parecido\u00bb, coment\u00f3 el dirigente  pelede\u00edsta al reafirmar que el PRD-PPH est\u00e1 promoviendo \u00abun candidato que  no tiene creatividad\u00bb y que no despierta siquiera el \u00e1nimo de su propio  partido. <\/p>\n<p>&#13;<\/p>\n<p align=\"justify\" class=\"text1noticias\">Sostuvo  que a pesar de la ca\u00edda en la aceptaci\u00f3n que presenta el candidato  perredeista-pepehachista el equipo insiste en presentar temas y hacer denuncias  que ya se han dilucidado. <\/p>\n<p>&#13;<\/p>\n<p align=\"justify\" class=\"text1noticias\">Como  ejemplo refiri\u00f3 que la   Fundaci\u00f3n Global, Democracia y Desarrollo (FUNGLODE) es un  patrimonio del pueblo dominicano y no de Leonel Fern\u00e1ndez, ya que es una  instituci\u00f3n sin fines de lucro prohijada por diferentes sectores sociales y  empresariales para promover las ciencias, el arte y la cultura.<br \/>&#13;<br \/>\n  <br \/>&#13;<br \/>\nEn  ese sentido contrast\u00f3 que la   FUNGLODE es un elemento para diferenciar entre el candidato  presidencial del PLD y el del PRD, porque mientras el primero pone su empe\u00f1o en  una fundaci\u00f3n de aporte social, el segundo va al gobierno a enriquecerse como  lo demuestran varias transacciones en perjuicio del Estado Dominicano y que  engrosaron enormemente su fortuna. <\/p>\n<p>&#13;<\/p>\n<p align=\"justify\" class=\"text1noticias\">\u00abLo  de la FUNGLODE  es duro para la gente del PRD, porque la cultura de ellos es pasar por el  gobierno y hacer otro tipo de cosas; por eso es que le choca\u00bb, acot\u00f3  Garc\u00eda. <\/p>\n<p>&#13;<\/p>\n<p align=\"justify\" class=\"text1noticias\">Insisti\u00f3  en que la cultura caracter\u00edstica de los funcionarios durante los gobiernos del  PRD ha sido hacerse de fincas, casas suntuarias, y hacer negocios al amparo de  la funci\u00f3n p\u00fablica. <\/p>\n<p>&#13;<\/p>\n<h6> 2008-01-23 19:54:11 <\/h6>\n<p><!--\n<link rel=\"stylesheet\" href=\"css\/bootstrap.min.css\">\n\n\n<ul class=\"pagination\">\n\t    \n\t\n\n<li >\n\t<a href='?page_no=34270'>Previous<\/a>\n\t<\/li>\n\n\n       \n    \n\n<li><a href='?page_no=1'>1<\/a><\/li>\n\n\n\n<li><a href='?page_no=2'>2<\/a><\/li>\n\n\n\n<li><a>...<\/a><\/li>\n\n\n\n<li><a href='?page_no=34269'>34269<\/a><\/li>\n\n\n\n<li><a href='?page_no=34270'>34270<\/a><\/li>\n\n\n\n<li class='active'><a>34271<\/a><\/li>\n\n\n\n<li><a href='?page_no=34272'>34272<\/a><\/li>\n\n\n\n<li><a href='?page_no=34273'>34273<\/a><\/li>\n\n\n\n<li><a>...<\/a><\/li>\n\n\n\n<li><a href='?page_no=36999'>36999<\/a><\/li>\n\n\n\n<li><a href='?page_no=37000'>37000<\/a><\/li>\n\n    \n\t\n\n<li >\n\t<a href='?page_no=34272'>Next<\/a>\n\t<\/li>\n\n\n    \n\n<li><a href='?page_no=37000'>Last &rsaquo;&rsaquo;<\/a><\/li>\n\n<\/ul>\n\n\n--><br \/>\n<\/body><\/p>\n","protected":false},"excerpt":{"rendered":"<p>Leonel comienza enero con 54.5% Miguel Vargas con 31.1% y Amable un 9.2% revela una encuesta de la coordinaci\u00f3n estrat\u00e9gica peledeista &#13; SANTO DOMINGO.- El Partido de la Liberaci\u00f3n Dominicana asegur\u00f3 este mi\u00e9rcoles que el candidato del Partido Reformista comenz\u00f3 enero con 9.2%, el del PRD-PPH con 31.1% y el candidato del PLD inici\u00f3 enero [&hellip;]<\/p>\n","protected":false},"author":3,"featured_media":0,"comment_status":"open","ping_status":"open","sticky":false,"template":"","format":"standard","meta":{"footnotes":""},"categories":[22],"tags":[],"class_list":["post-191523","post","type-post","status-publish","format-standard","hentry","category-politica"],"_links":{"self":[{"href":"https:\/\/diariodominicano.com\/index.php?rest_route=\/wp\/v2\/posts\/191523","targetHints":{"allow":["GET"]}}],"collection":[{"href":"https:\/\/diariodominicano.com\/index.php?rest_route=\/wp\/v2\/posts"}],"about":[{"href":"https:\/\/diariodominicano.com\/index.php?rest_route=\/wp\/v2\/types\/post"}],"author":[{"embeddable":true,"href":"https:\/\/diariodominicano.com\/index.php?rest_route=\/wp\/v2\/users\/3"}],"replies":[{"embeddable":true,"href":"https:\/\/diariodominicano.com\/index.php?rest_route=%2Fwp%2Fv2%2Fcomments&post=191523"}],"version-history":[{"count":0,"href":"https:\/\/diariodominicano.com\/index.php?rest_route=\/wp\/v2\/posts\/191523\/revisions"}],"wp:attachment":[{"href":"https:\/\/diariodominicano.com\/index.php?rest_route=%2Fwp%2Fv2%2Fmedia&parent=191523"}],"wp:term":[{"taxonomy":"category","embeddable":true,"href":"https:\/\/diariodominicano.com\/index.php?rest_route=%2Fwp%2Fv2%2Fcategories&post=191523"},{"taxonomy":"post_tag","embeddable":true,"href":"https:\/\/diariodominicano.com\/index.php?rest_route=%2Fwp%2Fv2%2Ftags&post=191523"}],"curies":[{"name":"wp","href":"https:\/\/api.w.org\/{rel}","templated":true}]}}