{"id":191520,"date":"2008-01-24T01:49:51","date_gmt":"2008-01-24T01:49:51","guid":{"rendered":"http:\/\/diariodominicano.ddns.net\/?p=191520"},"modified":"2008-01-24T01:49:51","modified_gmt":"2008-01-24T01:49:51","slug":"fip-senala-ramon-alburquerque-difama-e-irrespeta-al-presidente-leonel-fernandez","status":"publish","type":"post","link":"https:\/\/diariodominicano.com\/?p=191520","title":{"rendered":"FIP se\u00f1ala Ram\u00f3n Alburquerque difama e irrespeta al Presidente Leonel Fern\u00e1ndez"},"content":{"rendered":"<p><body><\/p>\n<p align=\"justify\" class=\"titulogrande1\">FIP se\u00f1ala Ram\u00f3n Alburquerque difama e irrespeta al Presidente Leonel  Fern\u00e1ndez<\/p>\n<p>&#13;<\/p>\n<p align=\"justify\"><span class=\"text1noticias\"><strong>Santo Domingo.- <\/strong>El  presidente de la   Fuerza Integral Progresista calific\u00f3 hoy de difamante,  irrespetuoso y violatorio de las normas\u00a0  que aconseja la convivencia democr\u00e1tica, la postura del presidente  del Partido Revolucionario Dominicano  (PRD), ingeniero Ram\u00f3n Alburquerque contra la figura del Presidente de la Rep\u00fablica, doctor Leonel  Fern\u00e1ndez Reyna.<\/span><\/p>\n<p>&#13;<\/p>\n<p align=\"justify\" class=\"text1noticias\"> Francis Mej\u00eda dijo  que esa actitud\u00a0 amerita el mas sentido  rechazo\u00a0 por parte de la sociedad  dominicana, comprometida con el\u00a0  fortalecimiento de las instituciones democr\u00e1ticas, entre las que destaca  la figura e imagen del Jefe del Estado.<br \/>&#13;<br \/>\n\u00a0\u00a0\u00a0\u00a0\u00a0\u00a0\u00a0\u00a0\u00a0\u00a0 <br \/>&#13;<br \/>\n Dijo que \u00a0\u201c  recordemos, nunca antes el m\u00e1ximo representante de una organizaci\u00f3n pol\u00edtica,  hab\u00eda dado muestras tan da\u00f1inas y perturbadoras de irracionalidad como\u00a0 la que hoy exhibe el presidente del PRD, con  el c\u00famulo de imputaciones y calumnias a los que irresponsablemente apela al  referirse p\u00fablicamente al jefe del Estado\u201d.<br \/>&#13;<br \/>\n\u00a0\u00a0\u00a0\u00a0\u00a0\u00a0\u00a0\u00a0\u00a0 <br \/>&#13;<br \/>\n Agreg\u00f3 que aunque el bajo posicionamiento que le atribuyen  todas las encuestas al candidato del PRD podr\u00eda estar provocando desesperaci\u00f3n  en el seno de esa organizaci\u00f3n opositora, de ninguna manera el pa\u00eds puede  permitir que la campa\u00f1a electoral tome el curso del irrespeto y la violaci\u00f3n a  la integridad moral del Presidente de la Rep\u00fablica, como pretende el ingeniero Ram\u00f3n  Alburquerque.<br \/>&#13;<br \/>\n\u00a0\u00a0\u00a0\u00a0\u00a0\u00a0\u00a0\u00a0\u00a0 <br \/>&#13;<br \/>\n Estim\u00f3 que no es posible que ese se\u00f1or, irrespetando los  medios que le ceden sus espacios e irrespetando al pa\u00eds, apele a todo tipo de  improperios para referirse a una persona que adem\u00e1s de demostrar decencia en  todas sus acciones, ha sido sumamente consecuente con su esp\u00edritu civilista y  democr\u00e1tico, ofreciendo demostraciones permanentes de tolerancia ante sus  adversarios pol\u00edticos.<\/p>\n<p>&#13;<\/p>\n<p align=\"justify\" class=\"text1noticias\">\u201cEs por ello que la Fuerza Integral  Progresista reclama al presidente del PRD que cuando se refiera al Presidente  de la Rep\u00fablica  lo haga con el debido respeto que se merece la Primera Magistratura  del Estado\u201d, recalc\u00f3 el pol\u00edtico.<br \/>&#13;<br \/>\n\u00a0\u00a0\u00a0\u00a0\u00a0\u00a0\u00a0\u00a0\u00a0 <br \/>&#13;<br \/>\n Dijo, que proceso hacia la consolidaci\u00f3n de la democracia  en el pa\u00eds amerita de un sistema de partidos capaz de responder con  planteamientos program\u00e1ticos, los requerimientos de un pueblo que apuesta a  la\u00a0 b\u00fasqueda definitiva de soluciones a  los graves problemas que padece la   Naci\u00f3n desde hace muchos a\u00f1os.<br \/>&#13;<br \/>\n\u00a0\u00a0\u00a0\u00a0\u00a0\u00a0\u00a0\u00a0\u00a0 <br \/>&#13;<br \/>\n\u201cLa actitud irrespetuosa del Ing. Alburquerque confirma la  teor\u00eda de que el PRD padece de una hist\u00f3rica y degenerativa debilidad que  consiste en traslucir sus enojos y frustraciones internas, con actitudes como las que viene  asumiendo su actual Presidente, sin pensar que en definitiva hunde cada vez m\u00e1s  las aspiraciones de su candidato y de su propia Organizaci\u00f3n\u201d , acot\u00f3.<br \/>&#13;<br \/>\n\u00a0\u00a0\u00a0\u00a0\u00a0\u00a0\u00a0\u00a0\u00a0 <br \/>&#13;<br \/>\nSolicit\u00f3 a los medios informativos que realicen un mayor  esfuerzo en procura de no dejarse sorprender por declaraciones a todas luces  temerarias, irrespetuosas y que ri\u00f1en con la ley como a las que lamentablemente  nos tiene acostumbrados el ingeniero Ram\u00f3n Alburquerque.<\/p>\n<p>&#13;<\/p>\n<h6> 2008-01-24 01:49:51 <\/h6>\n<p><!--\n<link rel=\"stylesheet\" href=\"css\/bootstrap.min.css\">\n\n\n<ul class=\"pagination\">\n\t    \n\t\n\n<li >\n\t<a href='?page_no=34267'>Previous<\/a>\n\t<\/li>\n\n\n       \n    \n\n<li><a href='?page_no=1'>1<\/a><\/li>\n\n\n\n<li><a href='?page_no=2'>2<\/a><\/li>\n\n\n\n<li><a>...<\/a><\/li>\n\n\n\n<li><a href='?page_no=34266'>34266<\/a><\/li>\n\n\n\n<li><a href='?page_no=34267'>34267<\/a><\/li>\n\n\n\n<li class='active'><a>34268<\/a><\/li>\n\n\n\n<li><a href='?page_no=34269'>34269<\/a><\/li>\n\n\n\n<li><a href='?page_no=34270'>34270<\/a><\/li>\n\n\n\n<li><a>...<\/a><\/li>\n\n\n\n<li><a href='?page_no=36999'>36999<\/a><\/li>\n\n\n\n<li><a href='?page_no=37000'>37000<\/a><\/li>\n\n    \n\t\n\n<li >\n\t<a href='?page_no=34269'>Next<\/a>\n\t<\/li>\n\n\n    \n\n<li><a href='?page_no=37000'>Last &rsaquo;&rsaquo;<\/a><\/li>\n\n<\/ul>\n\n\n--><br \/>\n<\/body><\/p>\n","protected":false},"excerpt":{"rendered":"<p>FIP se\u00f1ala Ram\u00f3n Alburquerque difama e irrespeta al Presidente Leonel Fern\u00e1ndez &#13; Santo Domingo.- El presidente de la Fuerza Integral Progresista calific\u00f3 hoy de difamante, irrespetuoso y violatorio de las normas\u00a0 que aconseja la convivencia democr\u00e1tica, la postura del presidente del Partido Revolucionario Dominicano (PRD), ingeniero Ram\u00f3n Alburquerque contra la figura del Presidente de la [&hellip;]<\/p>\n","protected":false},"author":3,"featured_media":0,"comment_status":"open","ping_status":"open","sticky":false,"template":"","format":"standard","meta":{"footnotes":""},"categories":[22],"tags":[],"class_list":["post-191520","post","type-post","status-publish","format-standard","hentry","category-politica"],"_links":{"self":[{"href":"https:\/\/diariodominicano.com\/index.php?rest_route=\/wp\/v2\/posts\/191520","targetHints":{"allow":["GET"]}}],"collection":[{"href":"https:\/\/diariodominicano.com\/index.php?rest_route=\/wp\/v2\/posts"}],"about":[{"href":"https:\/\/diariodominicano.com\/index.php?rest_route=\/wp\/v2\/types\/post"}],"author":[{"embeddable":true,"href":"https:\/\/diariodominicano.com\/index.php?rest_route=\/wp\/v2\/users\/3"}],"replies":[{"embeddable":true,"href":"https:\/\/diariodominicano.com\/index.php?rest_route=%2Fwp%2Fv2%2Fcomments&post=191520"}],"version-history":[{"count":0,"href":"https:\/\/diariodominicano.com\/index.php?rest_route=\/wp\/v2\/posts\/191520\/revisions"}],"wp:attachment":[{"href":"https:\/\/diariodominicano.com\/index.php?rest_route=%2Fwp%2Fv2%2Fmedia&parent=191520"}],"wp:term":[{"taxonomy":"category","embeddable":true,"href":"https:\/\/diariodominicano.com\/index.php?rest_route=%2Fwp%2Fv2%2Fcategories&post=191520"},{"taxonomy":"post_tag","embeddable":true,"href":"https:\/\/diariodominicano.com\/index.php?rest_route=%2Fwp%2Fv2%2Ftags&post=191520"}],"curies":[{"name":"wp","href":"https:\/\/api.w.org\/{rel}","templated":true}]}}