{"id":191519,"date":"2008-01-24T02:16:51","date_gmt":"2008-01-24T02:16:51","guid":{"rendered":"http:\/\/diariodominicano.ddns.net\/?p=191519"},"modified":"2008-01-24T02:16:51","modified_gmt":"2008-01-24T02:16:51","slug":"el-comite-nacional-de-campana-se-reune-hoy","status":"publish","type":"post","link":"https:\/\/diariodominicano.com\/?p=191519","title":{"rendered":"El Comit\u00e9 Nacional de Campa\u00f1a se re\u00fane hoy"},"content":{"rendered":"<p><body><\/p>\n<p><strong>Todo  listo para la proclamaci\u00f3n <\/strong><br \/>&#13;<br \/>\n  <br \/>&#13;<br \/>\n  <span class=\"titulogrande1\">El  Comit\u00e9 Nacional de Campa\u00f1a se re\u00fane hoy <\/span><\/p>\n<p>&#13;<\/p>\n<p align=\"justify\" class=\"text1noticias\"><strong>Santo Domingo.-<\/strong> El jefe de  campa\u00f1a del Partido de la Liberaci\u00f3n Dominicana (PLD), Francisco Javier  Garc\u00eda, inform\u00f3 que todo est\u00e1 listo para la proclamaci\u00f3n el domingo de su  candidato presidencial, el gobernante Leonel Fern\u00e1ndez. <\/p>\n<p>&#13;<\/p>\n<p align=\"justify\" class=\"text1noticias\">Dijo que todo est\u00e1 preparado  a nivel de invitaciones, estructura, de log\u00edstica para el montaje de evento  art\u00edstico y para la oficializaci\u00f3n de la candidatura de parte de los delegados  del PLD.\u00a0<br \/>&#13;<br \/>\n  <br \/> &#13;<br \/>\nExplic\u00f3 que el martes se  entregaron las representaciones, acreditaciones que deber\u00e1n presentar los  delegados que validar\u00e1n la candidatura del presidente frente a los delegados de  la Junta Central  Electoral (JCE).\u00a0 <\/p>\n<p>&#13;<\/p>\n<p align=\"justify\" class=\"text1noticias\">Igualmente,\u00a0 este jueves \u00a0ser\u00e1 inaugurada la p\u00e1gina de Internet del  comando de de Campa\u00f1a del presidente Leonel Fern\u00e1ndez y que tambi\u00e9n se pondr\u00e1  en circulaci\u00f3n un bolet\u00edn o revista semanal de prensa.\u00a0 <\/p>\n<p>&#13;<\/p>\n<p align=\"justify\" class=\"text1noticias\">Para las cinco de la tarde de  este jueves tambi\u00e9n est\u00e1 programada de una reuni\u00f3n al m\u00e1s alto nivel del Comit\u00e9  Nacional de Campa\u00f1a para evaluar el montaje de la proclamaci\u00f3n trazar los pasos  y estrategia de campa\u00f1a a seguir. <\/p>\n<p>&#13;<\/p>\n<p align=\"justify\" class=\"text1noticias\">Francisco Javier Garc\u00eda  inform\u00f3 que en su discurso de proclamaci\u00f3n el Presidente trazar\u00e1 la l\u00ednea  general de la campa\u00f1a electoral y sobre su programa de gobierno. Revel\u00f3 que  diez\u00a0 d\u00edas despu\u00e9s de la proclamaci\u00f3n  ser\u00e1 dado a conocer el programa de campa\u00f1a del partido oficial. Indic\u00f3 que el  programa de Gobierno est\u00e1 listo y s\u00f3lo se le est\u00e1n dando los toques finales y  que eso est\u00e1 a cargo del miembro del Comit\u00e9 Pol\u00edtico del PLD, Tem\u00edstocles  Mont\u00e1s. <\/p>\n<p>&#13;<\/p>\n<p align=\"justify\" class=\"text1noticias\">\u201cEste domingo el pa\u00eds  conocer\u00e1 parte de los linimientos generales, el Presidente expondr\u00e1 cuales son  los motivos que tienen los dominicanos para votar por \u00e9l, ser\u00e1 un acto festivo,  bien organizado, disciplinado\u201d, afirm\u00f3.<\/p>\n<p>&#13;<\/p>\n<p align=\"justify\" class=\"text1noticias\">Sostiene que a partir de la  proclamaci\u00f3n el PLD desplegar\u00e1 todas sus fuerzas a nivel nacional es  internacional, a fin de lograr la reelecci\u00f3n presidencial.\u00a0\u00a0\u00a0 <\/p>\n<p>&#13;<\/p>\n<p align=\"justify\" class=\"text1noticias\">Explic\u00f3 que el acto de  proclamaci\u00f3n, que se realizar\u00e1 en el centro ol\u00edmpico, tendr\u00e1 un amplia  cobertura a trav\u00e9s de la radio y televisi\u00f3n. \u201cSer\u00e1 el m\u00e1s importante de los que  se ha realizado el PLD, a partir de ah\u00ed todos los actos tendr\u00e1n un alto  componente de l\u00ednea de masa en el pa\u00eds completo\u201d, indic\u00f3.<\/p>\n<p>&#13;<\/p>\n<p align=\"justify\" class=\"text1noticias\">Igualmente, pidi\u00f3 al PRD que  designe una comisi\u00f3n para que coordinen todos los actos de campa\u00f1a y se evite  alg\u00fan tipo de incidente.\u00a0 <\/p>\n<p>&#13;<\/p>\n<p align=\"justify\" class=\"text1noticias\">El vocero de campa\u00f1a afirm\u00f3  que el equipo de trabaja del candidato presidencial del PRD, Miguel Vargas  Maldonado, est\u00e1 m\u00e1s err\u00e1tico que nunca que la popularidad de Fern\u00e1ndez ha  crecido en base a eso. \u201cEn pol\u00edtica no es lo bien que tu lo haga, sino lo  errores que cometa el contrario\u201d, indic\u00f3 el dirigente, que afirma que el PLD  sacar\u00e1 en las elecciones un 60 % de los votos.\u00a0\u00a0 <\/p>\n<p>&#13;<\/p>\n<p align=\"justify\" class=\"text1noticias\">Afirm\u00f3 que en una encuesta de  trabajo el Presidente aparece con un 54 %, PRD 31.1% y el candidato reformista  Amable Aristy Castro 9%.<\/p>\n<p>&#13;<\/p>\n<h6> 2008-01-24 02:16:51 <\/h6>\n<p><!--\n<link rel=\"stylesheet\" href=\"css\/bootstrap.min.css\">\n\n\n<ul class=\"pagination\">\n\t    \n\t\n\n<li >\n\t<a href='?page_no=34266'>Previous<\/a>\n\t<\/li>\n\n\n       \n    \n\n<li><a href='?page_no=1'>1<\/a><\/li>\n\n\n\n<li><a href='?page_no=2'>2<\/a><\/li>\n\n\n\n<li><a>...<\/a><\/li>\n\n\n\n<li><a href='?page_no=34265'>34265<\/a><\/li>\n\n\n\n<li><a href='?page_no=34266'>34266<\/a><\/li>\n\n\n\n<li class='active'><a>34267<\/a><\/li>\n\n\n\n<li><a href='?page_no=34268'>34268<\/a><\/li>\n\n\n\n<li><a href='?page_no=34269'>34269<\/a><\/li>\n\n\n\n<li><a>...<\/a><\/li>\n\n\n\n<li><a href='?page_no=36999'>36999<\/a><\/li>\n\n\n\n<li><a href='?page_no=37000'>37000<\/a><\/li>\n\n    \n\t\n\n<li >\n\t<a href='?page_no=34268'>Next<\/a>\n\t<\/li>\n\n\n    \n\n<li><a href='?page_no=37000'>Last &rsaquo;&rsaquo;<\/a><\/li>\n\n<\/ul>\n\n\n--><br \/>\n<\/body><\/p>\n","protected":false},"excerpt":{"rendered":"<p>Todo listo para la proclamaci\u00f3n &#13; &#13; El Comit\u00e9 Nacional de Campa\u00f1a se re\u00fane hoy &#13; Santo Domingo.- El jefe de campa\u00f1a del Partido de la Liberaci\u00f3n Dominicana (PLD), Francisco Javier Garc\u00eda, inform\u00f3 que todo est\u00e1 listo para la proclamaci\u00f3n el domingo de su candidato presidencial, el gobernante Leonel Fern\u00e1ndez. &#13; Dijo que todo est\u00e1 [&hellip;]<\/p>\n","protected":false},"author":3,"featured_media":0,"comment_status":"open","ping_status":"open","sticky":false,"template":"","format":"standard","meta":{"footnotes":""},"categories":[22],"tags":[],"class_list":["post-191519","post","type-post","status-publish","format-standard","hentry","category-politica"],"_links":{"self":[{"href":"https:\/\/diariodominicano.com\/index.php?rest_route=\/wp\/v2\/posts\/191519","targetHints":{"allow":["GET"]}}],"collection":[{"href":"https:\/\/diariodominicano.com\/index.php?rest_route=\/wp\/v2\/posts"}],"about":[{"href":"https:\/\/diariodominicano.com\/index.php?rest_route=\/wp\/v2\/types\/post"}],"author":[{"embeddable":true,"href":"https:\/\/diariodominicano.com\/index.php?rest_route=\/wp\/v2\/users\/3"}],"replies":[{"embeddable":true,"href":"https:\/\/diariodominicano.com\/index.php?rest_route=%2Fwp%2Fv2%2Fcomments&post=191519"}],"version-history":[{"count":0,"href":"https:\/\/diariodominicano.com\/index.php?rest_route=\/wp\/v2\/posts\/191519\/revisions"}],"wp:attachment":[{"href":"https:\/\/diariodominicano.com\/index.php?rest_route=%2Fwp%2Fv2%2Fmedia&parent=191519"}],"wp:term":[{"taxonomy":"category","embeddable":true,"href":"https:\/\/diariodominicano.com\/index.php?rest_route=%2Fwp%2Fv2%2Fcategories&post=191519"},{"taxonomy":"post_tag","embeddable":true,"href":"https:\/\/diariodominicano.com\/index.php?rest_route=%2Fwp%2Fv2%2Ftags&post=191519"}],"curies":[{"name":"wp","href":"https:\/\/api.w.org\/{rel}","templated":true}]}}