{"id":191517,"date":"2008-01-24T15:51:42","date_gmt":"2008-01-24T15:51:42","guid":{"rendered":"http:\/\/diariodominicano.ddns.net\/?p=191517"},"modified":"2008-01-24T15:51:42","modified_gmt":"2008-01-24T15:51:42","slug":"el-presidente-del-ppr-asegura-que-leonel-ganara-en-primera-vuelta-porque-el-cibao-no-se-quedara-atras","status":"publish","type":"post","link":"https:\/\/diariodominicano.com\/?p=191517","title":{"rendered":"El presidente del PPR asegura que Leonel ganar\u00e1 en primera vuelta porque el cibao no se quedar\u00e1 atr\u00e1s"},"content":{"rendered":"<p><body><\/p>\n<p align=\"justify\" class=\"titulogrande1\"><strong>El presidente del  PPR asegura que Leonel ganar\u00e1 en primera vuelta porque el cibao no se quedar\u00e1  atr\u00e1s\u00a0 <\/strong><\/p>\n<p>&#13;<\/p>\n<p align=\"justify\" class=\"text1noticias\"><strong><img loading=\"lazy\" decoding=\"async\" src=\"http:\/\/localhost:8080\/pictures\/amilcar romero.jpg\" width=\"269\" height=\"226\" hspace=\"4\" align=\"left\" \/>SANTO DOMINGO.-<\/strong> El presidente del Partido Popular Reformista (PPR), \u00a0Am\u00edlcar Romero, proclam\u00f3 este  jueves que Leonel Fern\u00e1ndez ganar\u00e1 abrumadoramente en la primera vuelta las  reelecciones del pr\u00f3ximo 16 de mayo en Santiago y en toda\u00a0 la   Regi\u00f3n del Cibao. <\/p>\n<p>&#13;<\/p>\n<p align=\"justify\" class=\"text1noticias\">El  senador por la   Provincia Duarte, dijo que en su condici\u00f3n de miembro de la  comisi\u00f3n de estrategia del equipo de campa\u00f1a del PLD en la Regi\u00f3n del Cibao, puede  testificar de manera honesta que esa regi\u00f3n no se quedar\u00e1 detr\u00e1s con relaci\u00f3n a  la situaci\u00f3n de posicionamiento que tiene el PLD en el Distrito Nacional y San  Crist\u00f3bal. <\/p>\n<p>&#13;<\/p>\n<p align=\"justify\" class=\"text1noticias\">Romero,  resalt\u00f3 que la estrategia llevada a cabo por el propio Presidente Leonel  Fern\u00e1ndez de hacer acto de presencia ante las familias indigentes y de clase  media y alta, as\u00ed como el hecho de adoptar medidas sociales y econ\u00f3micas, como  las de las zonas francas, han determinando un crecimiento y fortalecimiento en  el posesionamiento electoral del PLD en Santiago. <\/p>\n<p>&#13;<\/p>\n<p align=\"justify\" class=\"text1noticias\">Record\u00f3,  la frese popular que dice \u201cque como anda Santiago anda todo el Cibao\u201d y que en  ese sentido en las Provincias Duarte, Salcedo, La Vega, S\u00e1nchez Ram\u00edrez y  Espaillat, ha cambiado el panorama\u00a0 a favor  del PLD y sus aliados.<\/p>\n<p>&#13;<\/p>\n<p align=\"justify\" class=\"text1noticias\">\u201cY  que no hay dudas de que Leonel Fern\u00e1ndez, ganar\u00e1 en la primera vuelta, gracias  a las labores de reconstrucci\u00f3n de toda la zona del Cibao que lleva a cabo el  gobierno tanto en las estructuras f\u00edsicas, caminos vecinales, reconstrucciones  de viviendas e incentivos a la producci\u00f3n agropecuaria\u201d, a\u00f1adi\u00f3 Romero. <\/p>\n<p>&#13;<\/p>\n<p align=\"justify\" class=\"text1noticias\"><strong>Se  aprovecha del dolor del pueblo con las tragedias \u00a0<\/strong><\/p>\n<p>&#13;<\/p>\n<p align=\"justify\" class=\"text1noticias\">El pol\u00edtico y ex  secretario de Estado de Agricultura, lament\u00f3 que los dirigentes de partidos de  la oposici\u00f3n est\u00e9n aprovech\u00e1ndose del dolor del pueblo utilizando las  consecuencias de las tragedias atmosf\u00e9ricas que devastaron la agricultura y  llev\u00f3 sufrimiento a los hogares de los productores agropecuarios para decir que  los alimentos est\u00e1n caros, cuando se sabe que los productos agr\u00edcolas requieren  de ciclos para su siembra, crecimiento y cosecha. <\/p>\n<p>&#13;<\/p>\n<p align=\"justify\" class=\"text1noticias\">Dijo  que la Secretar\u00eda  de\u00a0 Agricultura junto al resto del Sector  Agropecuario Oficial, realiza un buen trabajo, similar al realizado por su  gesti\u00f3n luego del paso de Hurac\u00e1n Georges, por lo que la ligera escasez de  productos agropecuarios que provocan alzas en sus precios, \u00a0\u201ces un asunto temporal y el pueblo lo sabe y  no se dejar\u00e1 enga\u00f1as de los pol\u00edticos que quieren aprovecharse de los males del  pueblo\u201d. <\/p>\n<p>&#13;<\/p>\n<h6> 2008-01-24 15:51:42 <\/h6>\n<p><!--\n<link rel=\"stylesheet\" href=\"css\/bootstrap.min.css\">\n\n\n<ul class=\"pagination\">\n\t    \n\t\n\n<li >\n\t<a href='?page_no=34264'>Previous<\/a>\n\t<\/li>\n\n\n       \n    \n\n<li><a href='?page_no=1'>1<\/a><\/li>\n\n\n\n<li><a href='?page_no=2'>2<\/a><\/li>\n\n\n\n<li><a>...<\/a><\/li>\n\n\n\n<li><a href='?page_no=34263'>34263<\/a><\/li>\n\n\n\n<li><a href='?page_no=34264'>34264<\/a><\/li>\n\n\n\n<li class='active'><a>34265<\/a><\/li>\n\n\n\n<li><a href='?page_no=34266'>34266<\/a><\/li>\n\n\n\n<li><a href='?page_no=34267'>34267<\/a><\/li>\n\n\n\n<li><a>...<\/a><\/li>\n\n\n\n<li><a href='?page_no=36999'>36999<\/a><\/li>\n\n\n\n<li><a href='?page_no=37000'>37000<\/a><\/li>\n\n    \n\t\n\n<li >\n\t<a href='?page_no=34266'>Next<\/a>\n\t<\/li>\n\n\n    \n\n<li><a href='?page_no=37000'>Last &rsaquo;&rsaquo;<\/a><\/li>\n\n<\/ul>\n\n\n--><br \/>\n<\/body><\/p>\n","protected":false},"excerpt":{"rendered":"<p>El presidente del PPR asegura que Leonel ganar\u00e1 en primera vuelta porque el cibao no se quedar\u00e1 atr\u00e1s\u00a0 &#13; SANTO DOMINGO.- El presidente del Partido Popular Reformista (PPR), \u00a0Am\u00edlcar Romero, proclam\u00f3 este jueves que Leonel Fern\u00e1ndez ganar\u00e1 abrumadoramente en la primera vuelta las reelecciones del pr\u00f3ximo 16 de mayo en Santiago y en toda\u00a0 la [&hellip;]<\/p>\n","protected":false},"author":3,"featured_media":0,"comment_status":"open","ping_status":"open","sticky":false,"template":"","format":"standard","meta":{"footnotes":""},"categories":[22],"tags":[],"class_list":["post-191517","post","type-post","status-publish","format-standard","hentry","category-politica"],"_links":{"self":[{"href":"https:\/\/diariodominicano.com\/index.php?rest_route=\/wp\/v2\/posts\/191517","targetHints":{"allow":["GET"]}}],"collection":[{"href":"https:\/\/diariodominicano.com\/index.php?rest_route=\/wp\/v2\/posts"}],"about":[{"href":"https:\/\/diariodominicano.com\/index.php?rest_route=\/wp\/v2\/types\/post"}],"author":[{"embeddable":true,"href":"https:\/\/diariodominicano.com\/index.php?rest_route=\/wp\/v2\/users\/3"}],"replies":[{"embeddable":true,"href":"https:\/\/diariodominicano.com\/index.php?rest_route=%2Fwp%2Fv2%2Fcomments&post=191517"}],"version-history":[{"count":0,"href":"https:\/\/diariodominicano.com\/index.php?rest_route=\/wp\/v2\/posts\/191517\/revisions"}],"wp:attachment":[{"href":"https:\/\/diariodominicano.com\/index.php?rest_route=%2Fwp%2Fv2%2Fmedia&parent=191517"}],"wp:term":[{"taxonomy":"category","embeddable":true,"href":"https:\/\/diariodominicano.com\/index.php?rest_route=%2Fwp%2Fv2%2Fcategories&post=191517"},{"taxonomy":"post_tag","embeddable":true,"href":"https:\/\/diariodominicano.com\/index.php?rest_route=%2Fwp%2Fv2%2Ftags&post=191517"}],"curies":[{"name":"wp","href":"https:\/\/api.w.org\/{rel}","templated":true}]}}