{"id":191515,"date":"2008-01-24T17:43:21","date_gmt":"2008-01-24T17:43:21","guid":{"rendered":"http:\/\/diariodominicano.ddns.net\/?p=191515"},"modified":"2008-01-24T17:43:21","modified_gmt":"2008-01-24T17:43:21","slug":"jaime-david-vaticina-triunfo-arrollador-del-presidente-fernandez-en-los-pueblos-del-cibao-central","status":"publish","type":"post","link":"https:\/\/diariodominicano.com\/?p=191515","title":{"rendered":"Jaime David vaticina triunfo arrollador del Presidente Fern\u00e1ndez en los pueblos del Cibao Central"},"content":{"rendered":"<p><body><\/p>\n<p align=\"justify\" class=\"titulogrande1\">Jaime David vaticina triunfo arrollador del Presidente Fern\u00e1ndez en los pueblos del Cibao Central<\/p>\n<p>&#13;<\/p>\n<p align=\"justify\" class=\"text1noticias\"><strong><img loading=\"lazy\" decoding=\"async\" src=\"http:\/\/localhost:8080\/pictures\/jaime david fernandez.jpg\" width=\"269\" height=\"199\" hspace=\"4\" align=\"left\" \/>Santo Domingo.-<\/strong> El ex Vicepresidente de la Rep\u00fablica, Jaime David  Fern\u00e1ndez Mirabal, asegur\u00f3 que la realidad pol\u00edtica de los pueblos del Cibao  Central es que sus gentes apuestan a la estabilidad que representa el candidato  presidencial del Partido de la Liberaci\u00f3n Dominicana (PLD), doctor Leonel  Fern\u00e1ndez.<\/p>\n<p>&#13;<\/p>\n<p align=\"justify\" class=\"text1noticias\">El miembro del Comit\u00e9 Pol\u00edtico del PLD dijo que el \u00fanico  inter\u00e9s de los residentes en las comunidades de las provincias del Cibao es que  se mantengan la estabilidad y la confianza que este gobierno le ha devuelto a  los sectores productivos nacionales.<\/p>\n<p>&#13;<\/p>\n<p align=\"justify\" class=\"text1noticias\">Fern\u00e1ndez Mirabal estim\u00f3 que, al igual como ocurrir\u00e1 en  todas las provincias y municipios del Sur y el Este, los electores del Cibao  votar\u00e1n masivamente por el candidato presidencial pelede\u00edsta, para darle el  triunfo en la primera vuelta.<\/p>\n<p>&#13;<\/p>\n<p align=\"justify\" class=\"text1noticias\">\u201cLa gente de los pueblos del Cibao Central no quiere  inventar, no quiere volver a la situaci\u00f3n que vivi\u00f3 el pa\u00eds en el Gobierno del  PRD y el PPH\u201d, manifest\u00f3 el alto dirigente del PLD. <\/p>\n<p>&#13;<\/p>\n<p align=\"justify\" class=\"text1noticias\">Dijo que en el Cibao Central los sectores determinantes  para asegurarle el \u00a0\u00a0triunfo a cualquier  candidato en las elecciones de mayo pr\u00f3ximo son los de clase media y los  peque\u00f1os empresarios.<\/p>\n<p>&#13;<\/p>\n<p align=\"justify\" class=\"text1noticias\">Asegur\u00f3 que esa poblaci\u00f3n y la mayor\u00eda de \u201clos indecisos\u201d  a la hora de votar inclinar\u00e1n sus votos por el Presidente Leonel Fern\u00e1ndez y el  Partido de la Liberaci\u00f3n Dominicana  (PLD).<\/p>\n<p>&#13;<\/p>\n<h6> 2008-01-24 17:43:21 <\/h6>\n<p><!--\n<link rel=\"stylesheet\" href=\"css\/bootstrap.min.css\">\n\n\n<ul class=\"pagination\">\n\t    \n\t\n\n<li >\n\t<a href='?page_no=34262'>Previous<\/a>\n\t<\/li>\n\n\n       \n    \n\n<li><a href='?page_no=1'>1<\/a><\/li>\n\n\n\n<li><a href='?page_no=2'>2<\/a><\/li>\n\n\n\n<li><a>...<\/a><\/li>\n\n\n\n<li><a href='?page_no=34261'>34261<\/a><\/li>\n\n\n\n<li><a href='?page_no=34262'>34262<\/a><\/li>\n\n\n\n<li class='active'><a>34263<\/a><\/li>\n\n\n\n<li><a href='?page_no=34264'>34264<\/a><\/li>\n\n\n\n<li><a href='?page_no=34265'>34265<\/a><\/li>\n\n\n\n<li><a>...<\/a><\/li>\n\n\n\n<li><a href='?page_no=36999'>36999<\/a><\/li>\n\n\n\n<li><a href='?page_no=37000'>37000<\/a><\/li>\n\n    \n\t\n\n<li >\n\t<a href='?page_no=34264'>Next<\/a>\n\t<\/li>\n\n\n    \n\n<li><a href='?page_no=37000'>Last &rsaquo;&rsaquo;<\/a><\/li>\n\n<\/ul>\n\n\n--><br \/>\n<\/body><\/p>\n","protected":false},"excerpt":{"rendered":"<p>Jaime David vaticina triunfo arrollador del Presidente Fern\u00e1ndez en los pueblos del Cibao Central &#13; Santo Domingo.- El ex Vicepresidente de la Rep\u00fablica, Jaime David Fern\u00e1ndez Mirabal, asegur\u00f3 que la realidad pol\u00edtica de los pueblos del Cibao Central es que sus gentes apuestan a la estabilidad que representa el candidato presidencial del Partido de la [&hellip;]<\/p>\n","protected":false},"author":3,"featured_media":0,"comment_status":"open","ping_status":"open","sticky":false,"template":"","format":"standard","meta":{"footnotes":""},"categories":[22],"tags":[],"class_list":["post-191515","post","type-post","status-publish","format-standard","hentry","category-politica"],"_links":{"self":[{"href":"https:\/\/diariodominicano.com\/index.php?rest_route=\/wp\/v2\/posts\/191515","targetHints":{"allow":["GET"]}}],"collection":[{"href":"https:\/\/diariodominicano.com\/index.php?rest_route=\/wp\/v2\/posts"}],"about":[{"href":"https:\/\/diariodominicano.com\/index.php?rest_route=\/wp\/v2\/types\/post"}],"author":[{"embeddable":true,"href":"https:\/\/diariodominicano.com\/index.php?rest_route=\/wp\/v2\/users\/3"}],"replies":[{"embeddable":true,"href":"https:\/\/diariodominicano.com\/index.php?rest_route=%2Fwp%2Fv2%2Fcomments&post=191515"}],"version-history":[{"count":0,"href":"https:\/\/diariodominicano.com\/index.php?rest_route=\/wp\/v2\/posts\/191515\/revisions"}],"wp:attachment":[{"href":"https:\/\/diariodominicano.com\/index.php?rest_route=%2Fwp%2Fv2%2Fmedia&parent=191515"}],"wp:term":[{"taxonomy":"category","embeddable":true,"href":"https:\/\/diariodominicano.com\/index.php?rest_route=%2Fwp%2Fv2%2Fcategories&post=191515"},{"taxonomy":"post_tag","embeddable":true,"href":"https:\/\/diariodominicano.com\/index.php?rest_route=%2Fwp%2Fv2%2Ftags&post=191515"}],"curies":[{"name":"wp","href":"https:\/\/api.w.org\/{rel}","templated":true}]}}