{"id":191514,"date":"2008-01-24T18:34:53","date_gmt":"2008-01-24T18:34:53","guid":{"rendered":"http:\/\/diariodominicano.ddns.net\/?p=191514"},"modified":"2008-01-24T18:34:53","modified_gmt":"2008-01-24T18:34:53","slug":"pld-ultima-detalles-del-acto-oficial-para-la-proclamacion-de-leonel-fernandez","status":"publish","type":"post","link":"https:\/\/diariodominicano.com\/?p=191514","title":{"rendered":"PLD ultima detalles del acto oficial para la proclamaci\u00f3n de Leonel Fern\u00e1ndez"},"content":{"rendered":"<p><body><\/p>\n<p align=\"justify\" class=\"titulogrande1\"><strong>PLD ultima detalles del acto oficial  para la proclamaci\u00f3n de Leonel Fern\u00e1ndez\u00a0 <\/strong><\/p>\n<p>&#13;<\/p>\n<p align=\"justify\" class=\"text1noticias\"><strong>SANTO  DOMINGO.-<\/strong> El Partido de la Liberaci\u00f3n Dominicana (PLD), inform\u00f3 este jueves  que ultima los detalles para el acto de proclamaci\u00f3n del Presidente Leonel  Fern\u00e1ndez como candidato oficial de esa organizaci\u00f3n pol\u00edtica para las  elecciones del 16 de mayo pr\u00f3ximo.<\/p>\n<p>&#13;<\/p>\n<p align=\"justify\" class=\"text1noticias\">El  partido oficial indic\u00f3 que miembros de las diferentes Secretar\u00edas del PLD y la Direcci\u00f3n Operativa  del Comit\u00e9 Nacional de Campa\u00f1a trabajan en el montaje del entarimado y las  locaciones en donde se colocaran la direcci\u00f3n pol\u00edtica y delegados del partido  morado. <\/p>\n<p>&#13;<\/p>\n<p align=\"justify\" class=\"text1noticias\">En  una nota informativa el partido de gobierno precis\u00f3 que la actividad est\u00e1  programada para las diez de la ma\u00f1ana en el Palacio de los Deportes Virgilio  Travieso Soto de Santo Domingo, Distrito Nacional. <\/p>\n<p>&#13;<\/p>\n<p align=\"justify\" class=\"text1noticias\">\u201cEl  PLD celebrar\u00e1 ese d\u00eda su acto de Convenci\u00f3n, seg\u00fan lo estipula la Ley Electoral con la  presencia de sus delegados, quienes ratificar\u00e1n la elecci\u00f3n efectuada por la  base pelede\u00edsta en las elecciones internas del pasado 6 de mayo\u201d, expres\u00f3 el  documento del partido morado. <\/p>\n<p>&#13;<\/p>\n<p align=\"justify\" class=\"text1noticias\">El  Coordinador General del Comit\u00e9 Nacional de Campa\u00f1a, Francisco Javier Garcia  asegur\u00f3 que ser\u00e1 un acto efectivo, bien organizado, sencillo, disciplinado,  como todas las actividades que realiza el PLD, que dar\u00e1 inicio a lo que ser\u00e1 la  campa\u00f1a electoral que desarrollar\u00e1 el partido morado.<\/p>\n<p>&#13;<\/p>\n<p align=\"justify\" class=\"text1noticias\">Tanto  Garc\u00eda como, Secretario General del Partido de la Liberaci\u00f3n Dominicana,  Reinaldo Pared P\u00e9rez adelantaron que el Presidente Leonel Fern\u00e1ndez en su  intervenci\u00f3n esbozar\u00e1 en l\u00edneas generales el programa de gobierno para el  pr\u00f3ximo cuatrienio. <\/p>\n<p>&#13;<\/p>\n<p align=\"justify\" class=\"text1noticias\">\u201cEs  una brillante oportunidad que va a tener el pueblo de escuchar las razones por  la que el Presidente Leonel Fern\u00e1ndez debe permanecer en el poder por cuatro  a\u00f1os m\u00e1s dirigiendo los destinos de la Rep\u00fablica Dominicana\u201d,  se\u00f1al\u00f3 Garc\u00eda. <\/p>\n<p>&#13;<\/p>\n<p align=\"justify\" class=\"text1noticias\">Resalt\u00f3  que el acto del domingo tendr\u00e1 una parte solemne, acorde al mandato de la ley y  una presentaci\u00f3n art\u00edstica con la participaci\u00f3n de reconocidas figuras del arte  popular. <\/p>\n<p>&#13;<\/p>\n<p align=\"justify\" class=\"text1noticias\">\u201cSe  confirm\u00f3 la transmisi\u00f3n de dicho evento pol\u00edtico mediante una cadena de radio y  televisi\u00f3n para lo cual productores y conductores de radio y televisi\u00f3n  afinaban los detalles\u201d, refiri\u00f3 el documento de la organizaci\u00f3n pol\u00edtica.<\/p>\n<p>&#13;<\/p>\n<p align=\"justify\" class=\"text1noticias\">El  despacho de prensa concluy\u00f3 que para la direcci\u00f3n de la campa\u00f1a del PLD, el  acto de proclamaci\u00f3n tiene trascendental importancia en raz\u00f3n de que marca el  inicio formal de la campa\u00f1a electoral peledeista. <\/p>\n<p>&#13;<\/p>\n<h6> 2008-01-24 18:34:53 <\/h6>\n<p><!--\n<link rel=\"stylesheet\" href=\"css\/bootstrap.min.css\">\n\n\n<ul class=\"pagination\">\n\t    \n\t\n\n<li >\n\t<a href='?page_no=34261'>Previous<\/a>\n\t<\/li>\n\n\n       \n    \n\n<li><a href='?page_no=1'>1<\/a><\/li>\n\n\n\n<li><a href='?page_no=2'>2<\/a><\/li>\n\n\n\n<li><a>...<\/a><\/li>\n\n\n\n<li><a href='?page_no=34260'>34260<\/a><\/li>\n\n\n\n<li><a href='?page_no=34261'>34261<\/a><\/li>\n\n\n\n<li class='active'><a>34262<\/a><\/li>\n\n\n\n<li><a href='?page_no=34263'>34263<\/a><\/li>\n\n\n\n<li><a href='?page_no=34264'>34264<\/a><\/li>\n\n\n\n<li><a>...<\/a><\/li>\n\n\n\n<li><a href='?page_no=36999'>36999<\/a><\/li>\n\n\n\n<li><a href='?page_no=37000'>37000<\/a><\/li>\n\n    \n\t\n\n<li >\n\t<a href='?page_no=34263'>Next<\/a>\n\t<\/li>\n\n\n    \n\n<li><a href='?page_no=37000'>Last &rsaquo;&rsaquo;<\/a><\/li>\n\n<\/ul>\n\n\n--><br \/>\n<\/body><\/p>\n","protected":false},"excerpt":{"rendered":"<p>PLD ultima detalles del acto oficial para la proclamaci\u00f3n de Leonel Fern\u00e1ndez\u00a0 &#13; SANTO DOMINGO.- El Partido de la Liberaci\u00f3n Dominicana (PLD), inform\u00f3 este jueves que ultima los detalles para el acto de proclamaci\u00f3n del Presidente Leonel Fern\u00e1ndez como candidato oficial de esa organizaci\u00f3n pol\u00edtica para las elecciones del 16 de mayo pr\u00f3ximo. &#13; El [&hellip;]<\/p>\n","protected":false},"author":3,"featured_media":0,"comment_status":"open","ping_status":"open","sticky":false,"template":"","format":"standard","meta":{"footnotes":""},"categories":[22],"tags":[],"class_list":["post-191514","post","type-post","status-publish","format-standard","hentry","category-politica"],"_links":{"self":[{"href":"https:\/\/diariodominicano.com\/index.php?rest_route=\/wp\/v2\/posts\/191514","targetHints":{"allow":["GET"]}}],"collection":[{"href":"https:\/\/diariodominicano.com\/index.php?rest_route=\/wp\/v2\/posts"}],"about":[{"href":"https:\/\/diariodominicano.com\/index.php?rest_route=\/wp\/v2\/types\/post"}],"author":[{"embeddable":true,"href":"https:\/\/diariodominicano.com\/index.php?rest_route=\/wp\/v2\/users\/3"}],"replies":[{"embeddable":true,"href":"https:\/\/diariodominicano.com\/index.php?rest_route=%2Fwp%2Fv2%2Fcomments&post=191514"}],"version-history":[{"count":0,"href":"https:\/\/diariodominicano.com\/index.php?rest_route=\/wp\/v2\/posts\/191514\/revisions"}],"wp:attachment":[{"href":"https:\/\/diariodominicano.com\/index.php?rest_route=%2Fwp%2Fv2%2Fmedia&parent=191514"}],"wp:term":[{"taxonomy":"category","embeddable":true,"href":"https:\/\/diariodominicano.com\/index.php?rest_route=%2Fwp%2Fv2%2Fcategories&post=191514"},{"taxonomy":"post_tag","embeddable":true,"href":"https:\/\/diariodominicano.com\/index.php?rest_route=%2Fwp%2Fv2%2Ftags&post=191514"}],"curies":[{"name":"wp","href":"https:\/\/api.w.org\/{rel}","templated":true}]}}