{"id":191513,"date":"2008-01-24T19:05:28","date_gmt":"2008-01-24T19:05:28","guid":{"rendered":"http:\/\/diariodominicano.ddns.net\/?p=191513"},"modified":"2008-01-24T19:05:28","modified_gmt":"2008-01-24T19:05:28","slug":"ex-senador-peledeista-considera-que-la-vuelta-al-poder-de-un-partido-como-el-prd-se-constituiria-en-un-salto-al-vacio","status":"publish","type":"post","link":"https:\/\/diariodominicano.com\/?p=191513","title":{"rendered":"Ex senador peledeista considera que la vuelta al poder de un partido como el PRD se constituir\u00eda en un salto al vac\u00edo"},"content":{"rendered":"<p><body><\/p>\n<p align=\"justify\" class=\"titulogrande1\"><strong>Ex senador peledeista considera que la  vuelta al poder de un partido como el PRD se constituir\u00eda en un salto al vac\u00edo<\/strong><\/p>\n<p>&#13;<\/p>\n<p align=\"justify\" class=\"text1noticias\"><strong><img loading=\"lazy\" decoding=\"async\" src=\"http:\/\/localhost:8080\/pictures\/jose tomas foto.jpg\" width=\"269\" height=\"222\" hspace=\"4\" align=\"left\" \/>SANTO  DOMINGO.-<\/strong> El ex senador de la   Rep\u00fablica y miembro del Comit\u00e9 Pol\u00edtico del Partido de la Liberaci\u00f3n Dominicana  (PLD), Jos\u00e9 Tomas P\u00e9rez afirm\u00f3 este jueves que la vuelta al gobierno de una  organizaci\u00f3n pol\u00edtica como el PRD se constituir\u00eda en \u00abun salto al  vac\u00edo\u00bb.<\/p>\n<p>&#13;<\/p>\n<p align=\"justify\" class=\"text1noticias\">Record\u00f3  que los asesores econ\u00f3micos del ahora candidato perredeista son los mismos que  llevaron al desastre al pa\u00eds durante los cuatro a\u00f1os del gobierno  perredeista-pepehachista. <\/p>\n<p>&#13;<\/p>\n<p align=\"justify\" class=\"text1noticias\">\u00abSer\u00eda  un salto al vac\u00edo entregar en estos momentos el gobierno de la Rep\u00fablica Dominicana  y la econom\u00eda a personas que demostraron que no tienen la capacidad para  gobernar\u00bb, indic\u00f3 el dirigente peledeista. <\/p>\n<p>&#13;<\/p>\n<p align=\"justify\" class=\"text1noticias\">El  pol\u00edtico dijo que la capacidad de una persona se mide por lo que hace en la  pr\u00e1ctica, no por lo que dice. <\/p>\n<p>&#13;<\/p>\n<p align=\"justify\" class=\"text1noticias\">Expres\u00f3  que a\u00fan hoy, en el pa\u00eds no existen antecedentes para comparar la forma en que  se devalu\u00f3 el peso, de manera tan r\u00e1pida y violenta, como sucedi\u00f3 en el  gobierno en que el hoy candidato del PRD-PPH fue uno de los principales  funcionarios. <\/p>\n<p>&#13;<\/p>\n<p align=\"justify\" class=\"text1noticias\">\u00abNi  siquiera en los tiempos en que la Republica Dominicana  se manejaba con el trueque de mercanc\u00edas, se hab\u00eda dado un proceso tan dif\u00edcil  para una econom\u00eda, como la que se dio en los cuatro a\u00f1os del pasado gobierno  del PRD\u00bb, indic\u00f3 Jos\u00e9 Tomas P\u00e9rez, al ser entrevistado en el programa  Matinal 5. <\/p>\n<p>&#13;<\/p>\n<p align=\"justify\" class=\"text1noticias\">P\u00e9rez  consider\u00f3 que los perredeistas no est\u00e1n en capacidad de enfrentar los retos que  tiene el pa\u00eds ante el mundo globalizado. <\/p>\n<p>&#13;<\/p>\n<p align=\"justify\" class=\"text1noticias\">Manifest\u00f3  que una organizaci\u00f3n pol\u00edtica no puede gobernar para un grupo ni para un  partido en espec\u00edfico, como ocurre cuando el PRD est\u00e1 en el gobierno. <\/p>\n<p>&#13;<\/p>\n<p align=\"justify\" class=\"text1noticias\">Sostuvo  que la pr\u00e1ctica que ha demostrado el gobierno del Presidente Leonel Fern\u00e1ndez  es de trabajar para las grandes mayor\u00edas del pa\u00eds, sin importar el sector  econ\u00f3mico o social representado. <\/p>\n<p>&#13;<\/p>\n<h6> 2008-01-24 19:05:28 <\/h6>\n<p><!--\n<link rel=\"stylesheet\" href=\"css\/bootstrap.min.css\">\n\n\n<ul class=\"pagination\">\n\t    \n\t\n\n<li >\n\t<a href='?page_no=34260'>Previous<\/a>\n\t<\/li>\n\n\n       \n    \n\n<li><a href='?page_no=1'>1<\/a><\/li>\n\n\n\n<li><a href='?page_no=2'>2<\/a><\/li>\n\n\n\n<li><a>...<\/a><\/li>\n\n\n\n<li><a href='?page_no=34259'>34259<\/a><\/li>\n\n\n\n<li><a href='?page_no=34260'>34260<\/a><\/li>\n\n\n\n<li class='active'><a>34261<\/a><\/li>\n\n\n\n<li><a href='?page_no=34262'>34262<\/a><\/li>\n\n\n\n<li><a href='?page_no=34263'>34263<\/a><\/li>\n\n\n\n<li><a>...<\/a><\/li>\n\n\n\n<li><a href='?page_no=36999'>36999<\/a><\/li>\n\n\n\n<li><a href='?page_no=37000'>37000<\/a><\/li>\n\n    \n\t\n\n<li >\n\t<a href='?page_no=34262'>Next<\/a>\n\t<\/li>\n\n\n    \n\n<li><a href='?page_no=37000'>Last &rsaquo;&rsaquo;<\/a><\/li>\n\n<\/ul>\n\n\n--><br \/>\n<\/body><\/p>\n","protected":false},"excerpt":{"rendered":"<p>Ex senador peledeista considera que la vuelta al poder de un partido como el PRD se constituir\u00eda en un salto al vac\u00edo &#13; SANTO DOMINGO.- El ex senador de la Rep\u00fablica y miembro del Comit\u00e9 Pol\u00edtico del Partido de la Liberaci\u00f3n Dominicana (PLD), Jos\u00e9 Tomas P\u00e9rez afirm\u00f3 este jueves que la vuelta al gobierno de [&hellip;]<\/p>\n","protected":false},"author":3,"featured_media":0,"comment_status":"open","ping_status":"open","sticky":false,"template":"","format":"standard","meta":{"footnotes":""},"categories":[22],"tags":[],"class_list":["post-191513","post","type-post","status-publish","format-standard","hentry","category-politica"],"_links":{"self":[{"href":"https:\/\/diariodominicano.com\/index.php?rest_route=\/wp\/v2\/posts\/191513","targetHints":{"allow":["GET"]}}],"collection":[{"href":"https:\/\/diariodominicano.com\/index.php?rest_route=\/wp\/v2\/posts"}],"about":[{"href":"https:\/\/diariodominicano.com\/index.php?rest_route=\/wp\/v2\/types\/post"}],"author":[{"embeddable":true,"href":"https:\/\/diariodominicano.com\/index.php?rest_route=\/wp\/v2\/users\/3"}],"replies":[{"embeddable":true,"href":"https:\/\/diariodominicano.com\/index.php?rest_route=%2Fwp%2Fv2%2Fcomments&post=191513"}],"version-history":[{"count":0,"href":"https:\/\/diariodominicano.com\/index.php?rest_route=\/wp\/v2\/posts\/191513\/revisions"}],"wp:attachment":[{"href":"https:\/\/diariodominicano.com\/index.php?rest_route=%2Fwp%2Fv2%2Fmedia&parent=191513"}],"wp:term":[{"taxonomy":"category","embeddable":true,"href":"https:\/\/diariodominicano.com\/index.php?rest_route=%2Fwp%2Fv2%2Fcategories&post=191513"},{"taxonomy":"post_tag","embeddable":true,"href":"https:\/\/diariodominicano.com\/index.php?rest_route=%2Fwp%2Fv2%2Ftags&post=191513"}],"curies":[{"name":"wp","href":"https:\/\/api.w.org\/{rel}","templated":true}]}}