{"id":191512,"date":"2008-01-24T20:31:42","date_gmt":"2008-01-24T20:31:42","guid":{"rendered":"http:\/\/diariodominicano.ddns.net\/?p=191512"},"modified":"2008-01-24T20:31:42","modified_gmt":"2008-01-24T20:31:42","slug":"senador-tommy-galan-intercambia-impresiones-sobre-aviones-super-tucanos-de-brasil","status":"publish","type":"post","link":"https:\/\/diariodominicano.com\/?p=191512","title":{"rendered":"Senador Tommy Gal\u00e1n intercambia impresiones sobre aviones Super Tucanos de Brasil"},"content":{"rendered":"<p><body><\/p>\n<p align=\"justify\" class=\"titulogrande1\"><strong>Senador Tommy Gal\u00e1n intercambia impresiones sobre aviones Super Tucanos de Brasil<\/strong><\/p>\n<p>&#13;<\/p>\n<p align=\"justify\" class=\"text1noticias\"><strong>SANTO DOMINGO.- <\/strong>El senador por la provincia San  Crist\u00f3bal, Tommy Gal\u00e1n, recibi\u00f3 este jueves en su despacho al secretario de la Fuerza A\u00e9rea Dominicana, Mayor General  Pedro Rafael Pe\u00f1a y a Eduardo Munhos de Campos, vicepresidente de negocios de la Empresa Brasile\u00f1a  de Aeron\u00e1utica (EMBRAER), firma encargada de introducir al pa\u00eds los aviones Super  Tucanos que ser\u00edan utilizados en la lucha contra el narcotr\u00e1fico.<\/p>\n<p>&#13;<\/p>\n<p align=\"justify\" class=\"text1noticias\">Gal\u00e1n  manifest\u00f3 que el prop\u00f3sito de la visita fue intercambiar inquietudes  relacionadas con el proyecto de Ley que est\u00e1 siendo estudiado por la comisi\u00f3n  de Hacienda del Senado sobre la compra de varias aeronaves. <\/p>\n<p>&#13;<\/p>\n<p align=\"justify\" class=\"text1noticias\">\u201cEstamos  a la espera del inicio de la pr\u00f3xima legislatura para conocer y aprobar este  proyecto de Ley\u201d, expres\u00f3 Gal\u00e1n.<\/p>\n<p>&#13;<\/p>\n<p align=\"justify\" class=\"text1noticias\">Al  encuentro asistieron el senador Luis Rene Cana\u00e1n, por la provincia de Salcedo;  y los diputados Pelegr\u00edn Castillo y Marino Collante.<\/p>\n<p>&#13;<\/p>\n<h6> 2008-01-24 20:31:42 <\/h6>\n<p><!--\n<link rel=\"stylesheet\" href=\"css\/bootstrap.min.css\">\n\n\n<ul class=\"pagination\">\n\t    \n\t\n\n<li >\n\t<a href='?page_no=34259'>Previous<\/a>\n\t<\/li>\n\n\n       \n    \n\n<li><a href='?page_no=1'>1<\/a><\/li>\n\n\n\n<li><a href='?page_no=2'>2<\/a><\/li>\n\n\n\n<li><a>...<\/a><\/li>\n\n\n\n<li><a href='?page_no=34258'>34258<\/a><\/li>\n\n\n\n<li><a href='?page_no=34259'>34259<\/a><\/li>\n\n\n\n<li class='active'><a>34260<\/a><\/li>\n\n\n\n<li><a href='?page_no=34261'>34261<\/a><\/li>\n\n\n\n<li><a href='?page_no=34262'>34262<\/a><\/li>\n\n\n\n<li><a>...<\/a><\/li>\n\n\n\n<li><a href='?page_no=36999'>36999<\/a><\/li>\n\n\n\n<li><a href='?page_no=37000'>37000<\/a><\/li>\n\n    \n\t\n\n<li >\n\t<a href='?page_no=34261'>Next<\/a>\n\t<\/li>\n\n\n    \n\n<li><a href='?page_no=37000'>Last &rsaquo;&rsaquo;<\/a><\/li>\n\n<\/ul>\n\n\n--><br \/>\n<\/body><\/p>\n","protected":false},"excerpt":{"rendered":"<p>Senador Tommy Gal\u00e1n intercambia impresiones sobre aviones Super Tucanos de Brasil &#13; SANTO DOMINGO.- El senador por la provincia San Crist\u00f3bal, Tommy Gal\u00e1n, recibi\u00f3 este jueves en su despacho al secretario de la Fuerza A\u00e9rea Dominicana, Mayor General Pedro Rafael Pe\u00f1a y a Eduardo Munhos de Campos, vicepresidente de negocios de la Empresa Brasile\u00f1a de [&hellip;]<\/p>\n","protected":false},"author":3,"featured_media":0,"comment_status":"open","ping_status":"open","sticky":false,"template":"","format":"standard","meta":{"footnotes":""},"categories":[22],"tags":[],"class_list":["post-191512","post","type-post","status-publish","format-standard","hentry","category-politica"],"_links":{"self":[{"href":"https:\/\/diariodominicano.com\/index.php?rest_route=\/wp\/v2\/posts\/191512","targetHints":{"allow":["GET"]}}],"collection":[{"href":"https:\/\/diariodominicano.com\/index.php?rest_route=\/wp\/v2\/posts"}],"about":[{"href":"https:\/\/diariodominicano.com\/index.php?rest_route=\/wp\/v2\/types\/post"}],"author":[{"embeddable":true,"href":"https:\/\/diariodominicano.com\/index.php?rest_route=\/wp\/v2\/users\/3"}],"replies":[{"embeddable":true,"href":"https:\/\/diariodominicano.com\/index.php?rest_route=%2Fwp%2Fv2%2Fcomments&post=191512"}],"version-history":[{"count":0,"href":"https:\/\/diariodominicano.com\/index.php?rest_route=\/wp\/v2\/posts\/191512\/revisions"}],"wp:attachment":[{"href":"https:\/\/diariodominicano.com\/index.php?rest_route=%2Fwp%2Fv2%2Fmedia&parent=191512"}],"wp:term":[{"taxonomy":"category","embeddable":true,"href":"https:\/\/diariodominicano.com\/index.php?rest_route=%2Fwp%2Fv2%2Fcategories&post=191512"},{"taxonomy":"post_tag","embeddable":true,"href":"https:\/\/diariodominicano.com\/index.php?rest_route=%2Fwp%2Fv2%2Ftags&post=191512"}],"curies":[{"name":"wp","href":"https:\/\/api.w.org\/{rel}","templated":true}]}}