{"id":191511,"date":"2008-01-24T21:20:55","date_gmt":"2008-01-24T21:20:55","guid":{"rendered":"http:\/\/diariodominicano.ddns.net\/?p=191511"},"modified":"2008-01-24T21:20:55","modified_gmt":"2008-01-24T21:20:55","slug":"el-doctor-jose-joaquin-puello-viaja-a-eeuu-en-promocion-de-la-candidatura-de-miguel-vargas-maldonado","status":"publish","type":"post","link":"https:\/\/diariodominicano.com\/?p=191511","title":{"rendered":"El doctor Jos\u00e9 Joaqu\u00edn Puello viaja a EEUU en promoci\u00f3n de la candidatura de Miguel Vargas Maldonado"},"content":{"rendered":"<p><body><\/p>\n<p align=\"justify\" class=\"titulogrande1\"><strong>El doctor Jos\u00e9 Joaqu\u00edn Puello viaja a EEUU en promoci\u00f3n  de la candidatura de Miguel Vargas Maldonado<\/strong><\/p>\n<p>&#13;<\/p>\n<p align=\"justify\" class=\"text1noticias\"><strong><img loading=\"lazy\" decoding=\"async\" src=\"http:\/\/localhost:8080\/pictures\/seve acueducto constanza 1.jpg\" width=\"269\" height=\"412\" hspace=\"4\" align=\"left\" \/>Santo Domingo.-<\/strong> El  doctor Jos\u00e9 Joaqu\u00edn Puello encabeza una comisi\u00f3n del Sector Externo por la Victoria Electoral  (SEVE) que inicia este jueves un itinerario en Estados Unidos que abarcar\u00e1 a  Washington, Pennsylvania y Nueva York en un esfuerzo por integrar nuevos  adeptos a la candidatura presidencial del ingeniero Miguel Vargas Maldonado.<\/p>\n<p>&#13;<\/p>\n<p align=\"justify\" class=\"text1noticias\">Adem\u00e1s  de realizar encuentros con la dirigencia y simpatizantes del SEVE, el reconocido  dirigente ol\u00edmpico y neurocirujano sostendr\u00e1 reuniones con empresarios, dictar\u00e1  conferencias, contactar\u00e1 a m\u00e9dicos y encabezar\u00e1 una ofrenda floral ante el  busto de Duarte.<\/p>\n<p>&#13;<\/p>\n<p align=\"justify\" class=\"text1noticias\"> Junto  al doctor Puello viajaron a Estados Unidos el ingeniero Orlando Pimentel,  vicepresidente ejecutivo, el general retirado Nelson Florentino, vicepresidente  a cargo de las seccionales del exterior, ingeniero Luis Pina, vicepresidente de  Finanzas y Luis Pina hijo, subdirector de la Sectorial de la Juventud.<\/p>\n<p>&#13;<\/p>\n<p align=\"justify\" class=\"text1noticias\">El  empresario Angel Faustino Ram\u00edrez y el ingeniero Juan Pena, responsables del  SEVE en el Norte y el Sur de Estados Unidos, dijeron que la comitiva tambi\u00e9n  realizar\u00e1 actividades religiosas con la comunidad dominicana.<\/p>\n<p>&#13;<\/p>\n<p align=\"justify\" class=\"text1noticias\">La  ofrenda floral en honor a Duarte ser\u00e1 realizada este s\u00e1bado en la Sexta Avenida y Canal Streed,  en Downtown, Manhattan.<\/p>\n<p>&#13;<\/p>\n<p align=\"justify\" class=\"text1noticias\">La  actividad central prevista por la comitiva ser\u00e1 una conferencia sobre el  panorama electoral dominicano a cargo del doctor Puello en el Polonaise Catering  at The Polish Center, ubicado en el 92 Waverly streed de Yonkers, Nueva York, a  las ocho de la noche.<\/p>\n<p>&#13;<\/p>\n<p align=\"justify\" class=\"text1noticias\">En  Washington habr\u00e1 un encuentro con empresarios este jueves a las tres de la  tarde y a las siete de la noche el doctor Puello dictar\u00e1 una conferencia en la  discoteca Julito, en Maryland. <br \/>&#13;<br \/>\n  <br \/>&#13;<br \/>\nAsimismo, este viernes habr\u00e1 una disertaci\u00f3n en  Filadelfia a las siete de la noche en el Romano Hall.<\/p>\n<p>&#13;<\/p>\n<p align=\"justify\" class=\"text1noticias\">Al  mediod\u00eda del s\u00e1bado est\u00e1 previsto un almuerzo con empresarios en Manhattan y  acto seguido, a las cuatro de la tarde, un encuentro con un grupo de m\u00e9dicos y  una rueda de prensa una hora despu\u00e9s.<\/p>\n<p>&#13;<\/p>\n<p align=\"justify\" class=\"text1noticias\">El  doctor Puello dictar\u00e1 el domingo una conferencia en el sal\u00f3n El Casino del  Schurzen Park, North Bergen, de New Jersey a las cuatro de la tarde. Por igual,  a las diez de la ma\u00f1ana de ese mismo d\u00eda la comitiva visitar\u00e1 la casa Julissa  Hodge, Newark.<\/p>\n<p>&#13;<\/p>\n<h6> 2008-01-24 21:20:55 <\/h6>\n<p><!--\n<link rel=\"stylesheet\" href=\"css\/bootstrap.min.css\">\n\n\n<ul class=\"pagination\">\n\t    \n\t\n\n<li >\n\t<a href='?page_no=34258'>Previous<\/a>\n\t<\/li>\n\n\n       \n    \n\n<li><a href='?page_no=1'>1<\/a><\/li>\n\n\n\n<li><a href='?page_no=2'>2<\/a><\/li>\n\n\n\n<li><a>...<\/a><\/li>\n\n\n\n<li><a href='?page_no=34257'>34257<\/a><\/li>\n\n\n\n<li><a href='?page_no=34258'>34258<\/a><\/li>\n\n\n\n<li class='active'><a>34259<\/a><\/li>\n\n\n\n<li><a href='?page_no=34260'>34260<\/a><\/li>\n\n\n\n<li><a href='?page_no=34261'>34261<\/a><\/li>\n\n\n\n<li><a>...<\/a><\/li>\n\n\n\n<li><a href='?page_no=36999'>36999<\/a><\/li>\n\n\n\n<li><a href='?page_no=37000'>37000<\/a><\/li>\n\n    \n\t\n\n<li >\n\t<a href='?page_no=34260'>Next<\/a>\n\t<\/li>\n\n\n    \n\n<li><a href='?page_no=37000'>Last &rsaquo;&rsaquo;<\/a><\/li>\n\n<\/ul>\n\n\n--><br \/>\n<\/body><\/p>\n","protected":false},"excerpt":{"rendered":"<p>El doctor Jos\u00e9 Joaqu\u00edn Puello viaja a EEUU en promoci\u00f3n de la candidatura de Miguel Vargas Maldonado &#13; Santo Domingo.- El doctor Jos\u00e9 Joaqu\u00edn Puello encabeza una comisi\u00f3n del Sector Externo por la Victoria Electoral (SEVE) que inicia este jueves un itinerario en Estados Unidos que abarcar\u00e1 a Washington, Pennsylvania y Nueva York en un [&hellip;]<\/p>\n","protected":false},"author":3,"featured_media":0,"comment_status":"open","ping_status":"open","sticky":false,"template":"","format":"standard","meta":{"footnotes":""},"categories":[22],"tags":[],"class_list":["post-191511","post","type-post","status-publish","format-standard","hentry","category-politica"],"_links":{"self":[{"href":"https:\/\/diariodominicano.com\/index.php?rest_route=\/wp\/v2\/posts\/191511","targetHints":{"allow":["GET"]}}],"collection":[{"href":"https:\/\/diariodominicano.com\/index.php?rest_route=\/wp\/v2\/posts"}],"about":[{"href":"https:\/\/diariodominicano.com\/index.php?rest_route=\/wp\/v2\/types\/post"}],"author":[{"embeddable":true,"href":"https:\/\/diariodominicano.com\/index.php?rest_route=\/wp\/v2\/users\/3"}],"replies":[{"embeddable":true,"href":"https:\/\/diariodominicano.com\/index.php?rest_route=%2Fwp%2Fv2%2Fcomments&post=191511"}],"version-history":[{"count":0,"href":"https:\/\/diariodominicano.com\/index.php?rest_route=\/wp\/v2\/posts\/191511\/revisions"}],"wp:attachment":[{"href":"https:\/\/diariodominicano.com\/index.php?rest_route=%2Fwp%2Fv2%2Fmedia&parent=191511"}],"wp:term":[{"taxonomy":"category","embeddable":true,"href":"https:\/\/diariodominicano.com\/index.php?rest_route=%2Fwp%2Fv2%2Fcategories&post=191511"},{"taxonomy":"post_tag","embeddable":true,"href":"https:\/\/diariodominicano.com\/index.php?rest_route=%2Fwp%2Fv2%2Ftags&post=191511"}],"curies":[{"name":"wp","href":"https:\/\/api.w.org\/{rel}","templated":true}]}}