{"id":191510,"date":"2008-01-25T02:33:51","date_gmt":"2008-01-25T02:33:51","guid":{"rendered":"http:\/\/diariodominicano.ddns.net\/?p=191510"},"modified":"2008-01-25T02:33:51","modified_gmt":"2008-01-25T02:33:51","slug":"multitudinaria-marcha-en-guayaquil-en-contra-del-gobierno-de-rafael-correa","status":"publish","type":"post","link":"https:\/\/diariodominicano.com\/?p=191510","title":{"rendered":"Multitudinaria marcha en Guayaquil en contra del Gobierno de Rafael Correa"},"content":{"rendered":"<p><body><\/p>\n<p align=\"justify\"><strong class=\"titulogrande1\">Multitudinaria  marcha en Guayaquil en contra del Gobierno de Rafael Correa<\/strong><br \/>&#13;<br \/>\n  <br \/>&#13;<br \/>\n    <strong>Los habitantes  denuncian una \u00abpersecuci\u00f3n\u00bb del Ejecutivo ecuatoriano al que acusan  de no haber hecho obras en favor de la ciudad <\/strong><\/p>\n<p>&#13;<\/p>\n<p align=\"justify\" class=\"text1noticias\"><strong><img loading=\"lazy\" decoding=\"async\" src=\"http:\/\/localhost:8080\/pictures\/contra correa.jpg\" width=\"269\" height=\"198\" hspace=\"4\" align=\"left\" \/>QUITO.-<\/strong> Una multitudinaria manifestaci\u00f3n, organizada por el  alcalde de Guayaquil, Jaime Nebot,- cabeza visible de la oposici\u00f3n en Ecuador-,  ha recorrido las calles de la ciudad ecuatoriana en rechazo al Gobierno del  izquierdista Rafael Correa. Decenas de miles de guayaquile\u00f1os, la mayor\u00eda de  ellos vestidos de blanco y portando banderas de la ciudad, se congregaron en  una avenida c\u00e9ntrica para \u00abdefenderla\u00bb de las acciones del Gobierno,  seg\u00fan las autoridades locales y muchas personas que participaron en la  movilizaci\u00f3n.<br \/>&#13;<br \/>\n  <br \/>&#13;<br \/>\n  En los balcones de los edificios de la calle 9 de Octubre se  colgaron banderas de Guayaquil y carteles de apoyo a su alcalde, que recrimin\u00f3  a Correa no haber hecho obras en favor de su ciudad.<br \/>&#13;<br \/>\n  <br \/>&#13;<br \/>\n  Jaime Nebot pronunci\u00f3 un discurso el que arremeti\u00f3 contra Correa  y, apoyado por la muchedumbre, identific\u00f3 al mandatario como un  \u00abenemigo\u00bb de su ciudad, pese a que \u00e9ste naci\u00f3 en esa urbe porte\u00f1a,  situada a unos 420   kil\u00f3metros al suroeste de Quito.<br \/>&#13;<br \/>\n  <br \/>&#13;<br \/>\n  Nebot tambi\u00e9n acus\u00f3 al Gobierno de una supuesta  \u00abpersecuci\u00f3n demencial e innoble\u00bb contra Guayaquil, que es la ciudad  m\u00e1s poblada de Ecuador y el nudo econ\u00f3mico del pa\u00eds. Asimismo, critic\u00f3 una  reforma tributaria aprobada por la Asamblea Constituyente,  que entr\u00f3 en vigor el pasado 1 de enero y que, seg\u00fan el Ejecutivo, intenta  atacar la evasi\u00f3n y obligar a pagar m\u00e1s impuestos a los sectores m\u00e1s ricos.<br \/>&#13;<br \/>\n  <br \/>&#13;<br \/>\n  La multitudinaria manifestaci\u00f3n de apoyo al alcalde en  Guayaquil, tambi\u00e9n fue reproducida, a peque\u00f1a escala, en Quito, donde unas  1.000 personas se congregaron frente a la sede del movimiento oficialista,  Alianza Pa\u00eds, en donde lanzaron consignas contra el presidente.<br \/>&#13;<br \/>\n  <br \/>&#13;<br \/>\n  <strong>EFE<\/strong> &#8211; Quito &#8211; 25\/01\/2008 <\/p>\n<p>&#13;<\/p>\n<h6> 2008-01-25 02:33:51 <\/h6>\n<p><!--\n<link rel=\"stylesheet\" href=\"css\/bootstrap.min.css\">\n\n\n<ul class=\"pagination\">\n\t    \n\t\n\n<li >\n\t<a href='?page_no=34257'>Previous<\/a>\n\t<\/li>\n\n\n       \n    \n\n<li><a href='?page_no=1'>1<\/a><\/li>\n\n\n\n<li><a href='?page_no=2'>2<\/a><\/li>\n\n\n\n<li><a>...<\/a><\/li>\n\n\n\n<li><a href='?page_no=34256'>34256<\/a><\/li>\n\n\n\n<li><a href='?page_no=34257'>34257<\/a><\/li>\n\n\n\n<li class='active'><a>34258<\/a><\/li>\n\n\n\n<li><a href='?page_no=34259'>34259<\/a><\/li>\n\n\n\n<li><a href='?page_no=34260'>34260<\/a><\/li>\n\n\n\n<li><a>...<\/a><\/li>\n\n\n\n<li><a href='?page_no=36999'>36999<\/a><\/li>\n\n\n\n<li><a href='?page_no=37000'>37000<\/a><\/li>\n\n    \n\t\n\n<li >\n\t<a href='?page_no=34259'>Next<\/a>\n\t<\/li>\n\n\n    \n\n<li><a href='?page_no=37000'>Last &rsaquo;&rsaquo;<\/a><\/li>\n\n<\/ul>\n\n\n--><br \/>\n<\/body><\/p>\n","protected":false},"excerpt":{"rendered":"<p>Multitudinaria marcha en Guayaquil en contra del Gobierno de Rafael Correa&#13; &#13; Los habitantes denuncian una \u00abpersecuci\u00f3n\u00bb del Ejecutivo ecuatoriano al que acusan de no haber hecho obras en favor de la ciudad &#13; QUITO.- Una multitudinaria manifestaci\u00f3n, organizada por el alcalde de Guayaquil, Jaime Nebot,- cabeza visible de la oposici\u00f3n en Ecuador-, ha recorrido [&hellip;]<\/p>\n","protected":false},"author":3,"featured_media":0,"comment_status":"open","ping_status":"open","sticky":false,"template":"","format":"standard","meta":{"footnotes":""},"categories":[22],"tags":[],"class_list":["post-191510","post","type-post","status-publish","format-standard","hentry","category-politica"],"_links":{"self":[{"href":"https:\/\/diariodominicano.com\/index.php?rest_route=\/wp\/v2\/posts\/191510","targetHints":{"allow":["GET"]}}],"collection":[{"href":"https:\/\/diariodominicano.com\/index.php?rest_route=\/wp\/v2\/posts"}],"about":[{"href":"https:\/\/diariodominicano.com\/index.php?rest_route=\/wp\/v2\/types\/post"}],"author":[{"embeddable":true,"href":"https:\/\/diariodominicano.com\/index.php?rest_route=\/wp\/v2\/users\/3"}],"replies":[{"embeddable":true,"href":"https:\/\/diariodominicano.com\/index.php?rest_route=%2Fwp%2Fv2%2Fcomments&post=191510"}],"version-history":[{"count":0,"href":"https:\/\/diariodominicano.com\/index.php?rest_route=\/wp\/v2\/posts\/191510\/revisions"}],"wp:attachment":[{"href":"https:\/\/diariodominicano.com\/index.php?rest_route=%2Fwp%2Fv2%2Fmedia&parent=191510"}],"wp:term":[{"taxonomy":"category","embeddable":true,"href":"https:\/\/diariodominicano.com\/index.php?rest_route=%2Fwp%2Fv2%2Fcategories&post=191510"},{"taxonomy":"post_tag","embeddable":true,"href":"https:\/\/diariodominicano.com\/index.php?rest_route=%2Fwp%2Fv2%2Ftags&post=191510"}],"curies":[{"name":"wp","href":"https:\/\/api.w.org\/{rel}","templated":true}]}}