{"id":191509,"date":"2008-01-25T02:36:58","date_gmt":"2008-01-25T02:36:58","guid":{"rendered":"http:\/\/diariodominicano.ddns.net\/?p=191509"},"modified":"2008-01-25T02:36:58","modified_gmt":"2008-01-25T02:36:58","slug":"criticas-a-la-remodelacion-parcial-del-gobierno-de-evo-morales","status":"publish","type":"post","link":"https:\/\/diariodominicano.com\/?p=191509","title":{"rendered":"Cr\u00edticas a la remodelaci\u00f3n parcial del Gobierno de Evo Morales"},"content":{"rendered":"<p><body><\/p>\n<p><strong class=\"titulogrande1\">Cr\u00edticas a la  remodelaci\u00f3n parcial del Gobierno de Evo Morales<\/strong><br \/>&#13;<br \/>\n  <br \/>&#13;<br \/>\n    <strong>Contin\u00faan los  ministros m\u00e1s cuestionados por la oposici\u00f3n <\/strong><\/p>\n<p>&#13;<\/p>\n<p align=\"justify\" class=\"text1noticias\"><strong><img loading=\"lazy\" decoding=\"async\" src=\"http:\/\/localhost:8080\/pictures\/evo pic.jpg\" width=\"269\" height=\"198\" hspace=\"4\" align=\"left\" \/>LA PAZ.-<\/strong>   Los cuatro nuevos ministros bolivianos, designados horas  antes por el presidente, Evo Morales, dedicaron ayer su primera reuni\u00f3n a  programar acciones de ayuda para las m\u00e1s de 21.500 familias afectadas por el  fen\u00f3meno de La Ni\u00f1a,  que ha dejado lluvias e inundaciones en la mayor parte de Bolivia, y un saldo  de 29 personas muertas.<br \/>&#13;<br \/>\n  <br \/>&#13;<br \/>\n  El Consejo de Ministros fue renovado parcialmente la noche del  mi\u00e9rcoles, con la designaci\u00f3n de Javier Hurtado en la cartera de Producci\u00f3n y  Microempresa; \u00d3scar Antezana, en Obras P\u00fablicas y Servicios; Graciela Toro,  como ministra de Planificaci\u00f3n del Desarrollo, y Walter Selum en Salud y  Deportes.<br \/>&#13;<br \/>\n  <br \/>&#13;<br \/>\n  Al mismo tiempo, Morales ratific\u00f3 a 12 de sus colaboradores,  incluidos los ministros m\u00e1s cuestionados tanto por sus adversarios pol\u00edticos  como por las organizaciones c\u00edvicas y de la empresa privada.<br \/>&#13;<br \/>\n  <br \/>&#13;<br \/>\n  El jefe del grupo parlamentario del principal partido de  oposici\u00f3n (Poder Democr\u00e1tico Social), el senador Roger Pinto, lament\u00f3 que  Morales haya ratificado a los \u201cresponsables de los acontecimientos en Sucre y  de todas las represiones\u201d, en clara alusi\u00f3n a los ministros de la Presidencia, Juan Ram\u00f3n  Quintana; del Interior, Alfredo Rada, y de Defensa, Walker San Miguel, tambi\u00e9n  criticados por otros sectores de la sociedad y pol\u00edticamente considerados como  integrantes de la l\u00ednea dura del Gobierno de Morales.<br \/>&#13;<br \/>\n  <br \/>&#13;<br \/>\n  El m\u00e1ximo dirigente campesino de Bolivia, Isaac \u00c1valos, anticip\u00f3  ayer que los sindicatos agrarios no est\u00e1n contentos con la ratificaci\u00f3n de la  ministra Susana Riveros y anunci\u00f3 que la repudian y tomar\u00e1n acciones en el  futuro para su cambio.<br \/>&#13;<br \/>\n  <br \/>&#13;<br \/>\n  El presidente boliviano dijo, tras el juramento de rigor en la Casa de Gobierno, que la  meta, en este tercer a\u00f1o de su Gobierno, es mejorar sustancialmente la econom\u00eda  y para ello inst\u00f3 a sus ministros a convertirse en \u201cfuncionarios  revolucionarios\u201d con el objetivo de cambiar Bolivia.<br \/>&#13;<br \/>\n  <br \/>&#13;<br \/>\n  Explic\u00f3 que el Gabinete es \u201cuna combinaci\u00f3n entre la conciencia  social y la capacidad intelectual\u201d, cuyos miembros han sido convocados para  servir al pueblo sin tregua.<br \/>&#13;<br \/>\n  <br \/>&#13;<br \/>\n  Morales no se refiri\u00f3 al suspendido di\u00e1logo con los nueve  prefectos (gobernadores), pero s\u00ed advirti\u00f3 que \u201cestamos obligados a trabajar  juntos para hacer frente a los desastres naturales\u201d que azotan, por segundo a\u00f1o  consecutivo, la mayor parte de Bolivia.<\/p>\n<p>&#13;<\/p>\n<h6> 2008-01-25 02:36:58 <\/h6>\n<p><!--\n<link rel=\"stylesheet\" href=\"css\/bootstrap.min.css\">\n\n\n<ul class=\"pagination\">\n\t    \n\t\n\n<li >\n\t<a href='?page_no=34256'>Previous<\/a>\n\t<\/li>\n\n\n       \n    \n\n<li><a href='?page_no=1'>1<\/a><\/li>\n\n\n\n<li><a href='?page_no=2'>2<\/a><\/li>\n\n\n\n<li><a>...<\/a><\/li>\n\n\n\n<li><a href='?page_no=34255'>34255<\/a><\/li>\n\n\n\n<li><a href='?page_no=34256'>34256<\/a><\/li>\n\n\n\n<li class='active'><a>34257<\/a><\/li>\n\n\n\n<li><a href='?page_no=34258'>34258<\/a><\/li>\n\n\n\n<li><a href='?page_no=34259'>34259<\/a><\/li>\n\n\n\n<li><a>...<\/a><\/li>\n\n\n\n<li><a href='?page_no=36999'>36999<\/a><\/li>\n\n\n\n<li><a href='?page_no=37000'>37000<\/a><\/li>\n\n    \n\t\n\n<li >\n\t<a href='?page_no=34258'>Next<\/a>\n\t<\/li>\n\n\n    \n\n<li><a href='?page_no=37000'>Last &rsaquo;&rsaquo;<\/a><\/li>\n\n<\/ul>\n\n\n--><br \/>\n<\/body><\/p>\n","protected":false},"excerpt":{"rendered":"<p>Cr\u00edticas a la remodelaci\u00f3n parcial del Gobierno de Evo Morales&#13; &#13; Contin\u00faan los ministros m\u00e1s cuestionados por la oposici\u00f3n &#13; LA PAZ.- Los cuatro nuevos ministros bolivianos, designados horas antes por el presidente, Evo Morales, dedicaron ayer su primera reuni\u00f3n a programar acciones de ayuda para las m\u00e1s de 21.500 familias afectadas por el fen\u00f3meno [&hellip;]<\/p>\n","protected":false},"author":3,"featured_media":0,"comment_status":"open","ping_status":"open","sticky":false,"template":"","format":"standard","meta":{"footnotes":""},"categories":[22],"tags":[],"class_list":["post-191509","post","type-post","status-publish","format-standard","hentry","category-politica"],"_links":{"self":[{"href":"https:\/\/diariodominicano.com\/index.php?rest_route=\/wp\/v2\/posts\/191509","targetHints":{"allow":["GET"]}}],"collection":[{"href":"https:\/\/diariodominicano.com\/index.php?rest_route=\/wp\/v2\/posts"}],"about":[{"href":"https:\/\/diariodominicano.com\/index.php?rest_route=\/wp\/v2\/types\/post"}],"author":[{"embeddable":true,"href":"https:\/\/diariodominicano.com\/index.php?rest_route=\/wp\/v2\/users\/3"}],"replies":[{"embeddable":true,"href":"https:\/\/diariodominicano.com\/index.php?rest_route=%2Fwp%2Fv2%2Fcomments&post=191509"}],"version-history":[{"count":0,"href":"https:\/\/diariodominicano.com\/index.php?rest_route=\/wp\/v2\/posts\/191509\/revisions"}],"wp:attachment":[{"href":"https:\/\/diariodominicano.com\/index.php?rest_route=%2Fwp%2Fv2%2Fmedia&parent=191509"}],"wp:term":[{"taxonomy":"category","embeddable":true,"href":"https:\/\/diariodominicano.com\/index.php?rest_route=%2Fwp%2Fv2%2Fcategories&post=191509"},{"taxonomy":"post_tag","embeddable":true,"href":"https:\/\/diariodominicano.com\/index.php?rest_route=%2Fwp%2Fv2%2Ftags&post=191509"}],"curies":[{"name":"wp","href":"https:\/\/api.w.org\/{rel}","templated":true}]}}